{"id":14181,"date":"2022-03-02T15:13:47","date_gmt":"2022-03-02T18:13:47","guid":{"rendered":"https:\/\/radiorevelacionfm.cl\/?p=14181"},"modified":"2022-03-02T15:13:47","modified_gmt":"2022-03-02T18:13:47","slug":"las-claves-para-un-ingreso-seguro-y-tranquilo-al-jardin-infantil","status":"publish","type":"post","link":"https:\/\/radiorevelacionfm.cl\/?p=14181","title":{"rendered":"Las claves para un ingreso seguro y tranquilo al Jard\u00edn Infantil"},"content":{"rendered":"<div class=\"flex_column av_one_full  flex_column_div av-zero-column-padding first  avia-builder-el-0  el_before_av_one_full  avia-builder-el-first  \" style='border-radius:0px; '><div  class='avia-image-container  av-styling-    avia-builder-el-1  avia-builder-el-no-sibling  avia-align-center '  itemprop=\"image\" itemscope=\"itemscope\" itemtype=\"https:\/\/schema.org\/ImageObject\"  ><div class='avia-image-container-inner'><div class='avia-image-overlay-wrap'><img decoding=\"async\" class='wp-image-14182 avia-img-lazy-loading-not-14182 avia_image' src=\"https:\/\/radiorevelacionfm.cl\/wp-content\/uploads\/2022\/03\/JUNJI-retorno-a-clases-1-1.jpg\" alt='' title='JUNJI retorno a clases (1) (1)' height=\"600\" width=\"798\"  itemprop=\"thumbnailUrl\" srcset=\"https:\/\/radiorevelacionfm.cl\/wp-content\/uploads\/2022\/03\/JUNJI-retorno-a-clases-1-1.jpg 798w, https:\/\/radiorevelacionfm.cl\/wp-content\/uploads\/2022\/03\/JUNJI-retorno-a-clases-1-1-300x226.jpg 300w, https:\/\/radiorevelacionfm.cl\/wp-content\/uploads\/2022\/03\/JUNJI-retorno-a-clases-1-1-768x577.jpg 768w, https:\/\/radiorevelacionfm.cl\/wp-content\/uploads\/2022\/03\/JUNJI-retorno-a-clases-1-1-705x530.jpg 705w, https:\/\/radiorevelacionfm.cl\/wp-content\/uploads\/2022\/03\/JUNJI-retorno-a-clases-1-1-600x451.jpg 600w\" sizes=\"(max-width: 798px) 100vw, 798px\" \/><\/div><\/div><\/div><\/div><div class=\"flex_column av_one_full  flex_column_div av-zero-column-padding first  avia-builder-el-2  el_after_av_one_full  el_before_av_one_full  column-top-margin\" style='border-radius:0px; '><section class=\"av_textblock_section \"  itemscope=\"itemscope\" itemtype=\"https:\/\/schema.org\/BlogPosting\" itemprop=\"blogPost\" ><div class='avia_textblock  '   itemprop=\"text\" ><p style=\"text-align: center;\"><strong><span style=\"font-size: 18pt;\">Las claves para un ingreso seguro y tranquilo al Jard\u00edn Infantil <\/span><\/strong><\/p>\n<div id=\"gtx-trans\" style=\"position: absolute; left: -50px; top: 4.31534px;\">\n<div class=\"gtx-trans-icon\"><\/div>\n<\/div>\n<\/div><\/section><\/div><div class=\"flex_column av_one_full  flex_column_div av-zero-column-padding first  avia-builder-el-4  el_after_av_one_full  el_before_av_hr  column-top-margin\" style='border-radius:0px; '><section class=\"av_textblock_section \"  itemscope=\"itemscope\" itemtype=\"https:\/\/schema.org\/BlogPosting\" itemprop=\"blogPost\" ><div class='avia_textblock  '   itemprop=\"text\" ><p style=\"text-align: justify;\">Esta semana se inicia el retorno a las unidades educativas; una instancia crucial para ni\u00f1as, ni\u00f1os y familias que asisten por primera vez. Por ello, y adem\u00e1s de relevar la importancia de respetar los protocolos Covid dispuestos por el jard\u00edn infantil, la JUNJI entreg\u00f3 una serie de recomendaciones y consejos para el proceso de familiarizaci\u00f3n:<\/p>\n<p style=\"text-align: justify;\">&#8211; \u00a1Que la asistencia sea permanente!\u00a0Adem\u00e1s de ser la educaci\u00f3n un derecho, asistir\u00a0presencialmente ser\u00e1 fundamental para el aprendizaje, as\u00ed como para su bienestar socioemocional. La asistencia regular permitir\u00e1 que ni\u00f1as y ni\u00f1os se familiaricen con el espacio educativo y participen con mayor facilidad en las experiencias de aprendizaje.<\/p>\n<div class=\"code-block code-block-4\" style=\"text-align: justify;\">\n<div id=\"300x250-B\">\n<div id=\"99072\">&#8211; Es importante transmitir tranquilidad. Como adultos debemos animarlos y darles seguridad. Expl\u00edcale con lenguaje sencillo sobre la nueva etapa que comienza, esc\u00fachalo y acoge sus inquietudes.<\/div>\n<\/div>\n<\/div>\n<p style=\"text-align: justify;\">&#8211; Ajusten previamente como familia los horarios de acostarse y levantarse, para que se acostumbren a la nueva rutina del jard\u00edn. Que ni\u00f1as y ni\u00f1os duerman las horas que\u00a0necesitan.<\/p>\n<p style=\"text-align: justify;\">&#8211; Cada ni\u00f1o y ni\u00f1a tiene su propio ritmo. Es importante que est\u00e9n atentos a las se\u00f1ales verbales y no verbales para entregarles una respuesta oportuna a sus necesidades y que les haga sentirse seguros. Si el ni\u00f1o o ni\u00f1a demuestra pena o llora, la recomendaci\u00f3n es acogerlo y empatizar con sus sentimientos.<\/p>\n<p style=\"text-align: justify;\">&#8211; La comunicaci\u00f3n es clave. Familias y equipos educativos deben tener permanente contacto, as\u00ed existir\u00e1 retroalimentaci\u00f3n sobre qu\u00e9 siente y qu\u00e9 necesita el ni\u00f1o(a).<\/p>\n<p style=\"text-align: justify;\">&#8211; Cu\u00e9ntale al equipo educativo sobre tu hijo o hija para que lo vayan conociendo: c\u00f3mo le gusta que lo llamen, cu\u00e1les son sus juegos preferidos, sus caracter\u00edsticas, etc.<\/p>\n<p style=\"text-align: justify;\">&#8211; Si das leche, puedes extraerte y entregar la leche al equipo del jard\u00edn para que la mantengan refrigerada y se la den a tu beb\u00e9 cuando corresponda. Tambi\u00e9n, tienes la posibilidad de amamantar en el mismo recinto, en salas de lactancia.<\/p>\n<p style=\"text-align: justify;\">&#8211; Inf\u00f3rmate sobre el proyecto educativo, el equipo educativo que conforma el jard\u00edn, y las educadoras y t\u00e9cnicas que tendr\u00e1n m\u00e1s contacto con tu hijo o hija.<\/p>\n<p style=\"text-align: justify;\">&#8211; Visita el jard\u00edn infantil unos d\u00edas antes para que se familiarice con el lugar; pueden pasar por el frontis o llevarlo por las calles cercanas para que conozca el entorno.<\/p>\n<\/div><\/section><\/div><div  style='height:50px' class='hr hr-invisible   avia-builder-el-6  el_after_av_one_full  el_before_av_social_share '><span class='hr-inner ' ><span class='hr-inner-style'><\/span><\/span><\/div><\/p>\n<div  class='av-social-sharing-box  avia-builder-el-7  el_after_av_hr  el_before_av_hr  '><div class='av-share-box'><h5 class='av-share-link-description av-no-toc '>Compartir esta noticia<\/h5><ul class='av-share-box-list noLightbox'><li class='av-share-link av-social-link-facebook' ><a target=\"_blank\" aria-label=\"Compartir en Facebook\" href='https:\/\/www.facebook.com\/sharer.php?u=https:\/\/radiorevelacionfm.cl\/?p=14181&#038;t=Las%20claves%20para%20un%20ingreso%20seguro%20y%20tranquilo%20al%20Jard%C3%ADn%20Infantil' aria-hidden='false' data-av_icon='\ue8f3' data-av_iconfont='entypo-fontello' title='' data-avia-related-tooltip='Compartir en Facebook' rel=\"noopener\"><span class='avia_hidden_link_text'>Compartir en Facebook<\/span><\/a><\/li><li class='av-share-link av-social-link-twitter' ><a target=\"_blank\" aria-label=\"Compartir en Twitter\" href='https:\/\/twitter.com\/share?text=Las%20claves%20para%20un%20ingreso%20seguro%20y%20tranquilo%20al%20Jard%C3%ADn%20Infantil&#038;url=https:\/\/radiorevelacionfm.cl\/?p=14181' aria-hidden='false' data-av_icon='\ue8f1' data-av_iconfont='entypo-fontello' title='' data-avia-related-tooltip='Compartir en Twitter' rel=\"noopener\"><span class='avia_hidden_link_text'>Compartir en Twitter<\/span><\/a><\/li><li class='av-share-link av-social-link-whatsapp' ><a target=\"_blank\" aria-label=\"Compartir en Whatsapp\" href='https:\/\/api.whatsapp.com\/send?text=https:\/\/radiorevelacionfm.cl\/?p=14181' aria-hidden='false' data-av_icon='\uf232' data-av_iconfont='entypo-fontello' title='' data-avia-related-tooltip='Compartir en Whatsapp' rel=\"noopener\"><span class='avia_hidden_link_text'>Compartir en Whatsapp<\/span><\/a><\/li><li class='av-share-link av-social-link-linkedin' ><a target=\"_blank\" aria-label=\"Compartir en LinkedIn\" href='https:\/\/linkedin.com\/shareArticle?mini=true&#038;title=Las%20claves%20para%20un%20ingreso%20seguro%20y%20tranquilo%20al%20Jard%C3%ADn%20Infantil&#038;url=https:\/\/radiorevelacionfm.cl\/?p=14181' aria-hidden='false' data-av_icon='\ue8fc' data-av_iconfont='entypo-fontello' title='' data-avia-related-tooltip='Compartir en LinkedIn' rel=\"noopener\"><span class='avia_hidden_link_text'>Compartir en LinkedIn<\/span><\/a><\/li><li class='av-share-link av-social-link-mail' ><a  aria-label=\"Compartir por correo\" href='mailto:?subject=Las%20claves%20para%20un%20ingreso%20seguro%20y%20tranquilo%20al%20Jard%C3%ADn%20Infantil&#038;body=https:\/\/radiorevelacionfm.cl\/?p=14181' aria-hidden='false' data-av_icon='\ue805' data-av_iconfont='entypo-fontello' title='' data-avia-related-tooltip='Compartir por correo'><span class='avia_hidden_link_text'>Compartir por correo<\/span><\/a><\/li><\/ul><\/div><\/div>\n<div  style='height:50px' class='hr hr-invisible   avia-builder-el-8  el_after_av_social_share  el_before_av_comments_list '><span class='hr-inner ' ><span class='hr-inner-style'><\/span><\/span><\/div>\n<div  class='av-buildercomment  av-blog-meta-html-info-disabled av-blog-meta-tag-disabled  '><\/div>\n","protected":false},"excerpt":{"rendered":"","protected":false},"author":1,"featured_media":14182,"comment_status":"open","ping_status":"open","sticky":false,"template":"","format":"standard","meta":{"footnotes":""},"categories":[49],"tags":[],"class_list":["post-14181","post","type-post","status-publish","format-standard","has-post-thumbnail","hentry","category-educacion"],"jetpack_featured_media_url":"https:\/\/radiorevelacionfm.cl\/wp-content\/uploads\/2022\/03\/JUNJI-retorno-a-clases-1-1.jpg","_links":{"self":[{"href":"https:\/\/radiorevelacionfm.cl\/index.php?rest_route=\/wp\/v2\/posts\/14181","targetHints":{"allow":["GET"]}}],"collection":[{"href":"https:\/\/radiorevelacionfm.cl\/index.php?rest_route=\/wp\/v2\/posts"}],"about":[{"href":"https:\/\/radiorevelacionfm.cl\/index.php?rest_route=\/wp\/v2\/types\/post"}],"author":[{"embeddable":true,"href":"https:\/\/radiorevelacionfm.cl\/index.php?rest_route=\/wp\/v2\/users\/1"}],"replies":[{"embeddable":true,"href":"https:\/\/radiorevelacionfm.cl\/index.php?rest_route=%2Fwp%2Fv2%2Fcomments&post=14181"}],"version-history":[{"count":2,"href":"https:\/\/radiorevelacionfm.cl\/index.php?rest_route=\/wp\/v2\/posts\/14181\/revisions"}],"predecessor-version":[{"id":14184,"href":"https:\/\/radiorevelacionfm.cl\/index.php?rest_route=\/wp\/v2\/posts\/14181\/revisions\/14184"}],"wp:featuredmedia":[{"embeddable":true,"href":"https:\/\/radiorevelacionfm.cl\/index.php?rest_route=\/wp\/v2\/media\/14182"}],"wp:attachment":[{"href":"https:\/\/radiorevelacionfm.cl\/index.php?rest_route=%2Fwp%2Fv2%2Fmedia&parent=14181"}],"wp:term":[{"taxonomy":"category","embeddable":true,"href":"https:\/\/radiorevelacionfm.cl\/index.php?rest_route=%2Fwp%2Fv2%2Fcategories&post=14181"},{"taxonomy":"post_tag","embeddable":true,"href":"https:\/\/radiorevelacionfm.cl\/index.php?rest_route=%2Fwp%2Fv2%2Ftags&post=14181"}],"curies":[{"name":"wp","href":"https:\/\/api.w.org\/{rel}","templated":true}]}}