{"id":14177,"date":"2022-03-02T12:38:33","date_gmt":"2022-03-02T15:38:33","guid":{"rendered":"https:\/\/radiorevelacionfm.cl\/?p=14177"},"modified":"2022-03-02T12:38:33","modified_gmt":"2022-03-02T15:38:33","slug":"cerca-de-2-mil-nins-entre-03-a-05-anos-aun-no-se-vacunan-contra-el-covid-19","status":"publish","type":"post","link":"https:\/\/radiorevelacionfm.cl\/?p=14177","title":{"rendered":"Cerca de 2 mil ni\u00f1@s entre 03 a 05 a\u00f1os a\u00fan no se vacunan contra el Covid-19"},"content":{"rendered":"<div class=\"flex_column av_one_full  flex_column_div av-zero-column-padding first  avia-builder-el-0  el_before_av_one_full  avia-builder-el-first  \" style='border-radius:0px; '><div  class='avia-image-container  av-styling-    avia-builder-el-1  avia-builder-el-no-sibling  avia-align-center '  itemprop=\"image\" itemscope=\"itemscope\" itemtype=\"https:\/\/schema.org\/ImageObject\"  ><div class='avia-image-container-inner'><div class='avia-image-overlay-wrap'><img decoding=\"async\" class='wp-image-14178 avia-img-lazy-loading-not-14178 avia_image' src=\"https:\/\/radiorevelacionfm.cl\/wp-content\/uploads\/2022\/03\/vacunacion-escolar1-1-1.jpg\" alt='' title='vacunaci\u00f3n escolar1 (1) (1)' height=\"600\" width=\"969\"  itemprop=\"thumbnailUrl\" srcset=\"https:\/\/radiorevelacionfm.cl\/wp-content\/uploads\/2022\/03\/vacunacion-escolar1-1-1.jpg 969w, https:\/\/radiorevelacionfm.cl\/wp-content\/uploads\/2022\/03\/vacunacion-escolar1-1-1-300x186.jpg 300w, https:\/\/radiorevelacionfm.cl\/wp-content\/uploads\/2022\/03\/vacunacion-escolar1-1-1-768x476.jpg 768w, https:\/\/radiorevelacionfm.cl\/wp-content\/uploads\/2022\/03\/vacunacion-escolar1-1-1-705x437.jpg 705w, https:\/\/radiorevelacionfm.cl\/wp-content\/uploads\/2022\/03\/vacunacion-escolar1-1-1-600x372.jpg 600w\" sizes=\"(max-width: 969px) 100vw, 969px\" \/><\/div><\/div><\/div><\/div><div class=\"flex_column av_one_full  flex_column_div av-zero-column-padding first  avia-builder-el-2  el_after_av_one_full  el_before_av_one_full  column-top-margin\" style='border-radius:0px; '><section class=\"av_textblock_section \"  itemscope=\"itemscope\" itemtype=\"https:\/\/schema.org\/BlogPosting\" itemprop=\"blogPost\" ><div class='avia_textblock  '   itemprop=\"text\" ><p style=\"text-align: center;\"><strong><span style=\"font-size: 18pt;\">Cerca de 2 mil ni\u00f1@s entre 03 a 05 a\u00f1os a\u00fan no se vacunan contra el Covid-19<\/span><\/strong><\/p>\n<div id=\"gtx-trans\" style=\"position: absolute; left: -50px; top: 4.31534px;\">\n<div class=\"gtx-trans-icon\"><\/div>\n<\/div>\n<\/div><\/section><\/div><div class=\"flex_column av_one_full  flex_column_div av-zero-column-padding first  avia-builder-el-4  el_after_av_one_full  el_before_av_hr  column-top-margin\" style='border-radius:0px; '><section class=\"av_textblock_section \"  itemscope=\"itemscope\" itemtype=\"https:\/\/schema.org\/BlogPosting\" itemprop=\"blogPost\" ><div class='avia_textblock  '   itemprop=\"text\" ><p style=\"text-align: justify;\">Una baja cobertura de vacunaci\u00f3n contra el COVID-19, es la que se observa a nivel regional entre los menores de 03 a 05 a\u00f1os donde, a la fecha, se alcanza un 33,95% de vacunaci\u00f3n en la entrega de la segunda dosis. Una situaci\u00f3n que preocupa a los equipos de salud, considerando el retorno presencial a clases y la presencia de la variante OMICRON que \u2013hasta este momento- contin\u00faa arrojando cerca de 200 casos diarios que resultan positivos al COVID-19.<\/p>\n<p style=\"text-align: justify;\">Alerta para la comunidad que fue expuesta por el Epidemi\u00f3logo de la Seremi de Salud Ays\u00e9n, Marco Acu\u00f1a.\u00a0 \u201cQueremos hacer un llamado a los padres a concurrir a los centros de salud y puntos de vacunaci\u00f3n para que puedan inmunizar a sus ni\u00f1os contra el COVID-19, en un momento donde a\u00fan existe una alta circulaci\u00f3n de la variante OMICRON que es altamente transmisible, que sigue causando diariamente en promedio 200 casos. Es por eso que queremos pedirles a los pap\u00e1s que puedan iniciar los esquemas de vacunas en los ni\u00f1os que todav\u00eda no tienen ninguna dosis y completar el esquema en aquellos que ya cuentan con su primera dosis\u201d.<\/p>\n<p style=\"text-align: justify;\">Proceso de vacunaci\u00f3n escolar que se lleva a cabo con la vacuna CORONOVAC, que en Ays\u00e9n ya alcanza a las 19 mil dosis suministradas. En este sentido, Sany Ojeda, Encargada Regional del Programa Nacional de Inmunizaciones, expres\u00f3 su preocupaci\u00f3n por la baja cobertura de vacunaci\u00f3n entre los ni\u00f1os de 03 a 05 a\u00f1os de edad. \u201cHoy d\u00eda la regi\u00f3n de Ays\u00e9n tenemos una muy baja cobertura de vacunaci\u00f3n, faltan alrededor de 2 mil ni\u00f1os de entre 03 a 05 a\u00f1os que completen su esquema de vacunaci\u00f3n.\u00a0 De ah\u00ed el llamado a los padres para que se puedan poner al d\u00eda con la vacuna contra el COVID-19; vacuna que en el caso de los ni\u00f1os es la CORONOVAC, que es una vacuna muy segura y efectiva, lo han demostrado las cifras en la regi\u00f3n se han vacunado desde el a\u00f1o 2021 alrededor de 19 mil dosis aplicadas en la poblaci\u00f3n escolar de 03 a 11 a\u00f1os, donde solo hemos tenido 06 casos que han presentado molestias muy leves y que se han recuperado en el trascurso de dos d\u00edas\u201d.<\/p>\n<p style=\"text-align: justify;\">Vanesa Cereceda, madre de Maite, menor que recibi\u00f3 su primera dosis contra el COVID-19, hizo un llamado a los padres para que acudan a los puntos de vacunaci\u00f3n con sus hijos.\u00a0 \u201cEn mi caso, fue por un tema personal porque he visto situaciones de cerca en compa\u00f1eros de trabajo que se han contagiado con el coronavirus y han afectado a sus ni\u00f1os, entonces en mi caso es para ser responsable como madre y para que el d\u00eda de ma\u00f1ana si a ella le da el virus no le de tan fuerte.\u00a0 Estamos en una pandemia y en alg\u00fan momento nos va a tener que dar a todos\u201d.<\/p>\n<p style=\"text-align: justify;\">Similar opini\u00f3n fue la que entreg\u00f3 Fernando Salda\u00f1a, padre de Alonso, menor vacunado contra el COVID-19.\u00a0 \u201cYo era una de las personas que estaba medio incr\u00e9dulo por el tema de los ni\u00f1os, estuve esperando igual a ver si hab\u00eda alg\u00fan tipo de reacci\u00f3n con los ni\u00f1os, y ahora me decid\u00ed a vacunarlos porque viene la temporada de clases y se complica el tema del covid. Ahora mi hijo ya se vacun\u00f3 y se vi\u00f3 que no pasa nada con la vacuna\u201d.<\/p>\n<p style=\"text-align: justify;\">En Coyhaique, de lunes a viernes, se mantiene como punto de vacunaci\u00f3n el Gimnasio Municipal ubicado en calle Sim\u00f3n Bolivar N\u00ba400 (horario continuado de 09:30 a 16hrs.). Y los d\u00edas s\u00e1bado, de 09:30 a 12hrs. en la sede de la Cruz Roja (Feria Las Quintas).<\/p>\n<\/div><\/section><\/div><div  style='height:50px' class='hr hr-invisible   avia-builder-el-6  el_after_av_one_full  el_before_av_social_share '><span class='hr-inner ' ><span class='hr-inner-style'><\/span><\/span><\/div><\/p>\n<div  class='av-social-sharing-box  avia-builder-el-7  el_after_av_hr  el_before_av_hr  '><div class='av-share-box'><h5 class='av-share-link-description av-no-toc '>Compartir esta noticia<\/h5><ul class='av-share-box-list noLightbox'><li class='av-share-link av-social-link-facebook' ><a target=\"_blank\" aria-label=\"Compartir en Facebook\" href='https:\/\/www.facebook.com\/sharer.php?u=https:\/\/radiorevelacionfm.cl\/?p=14177&#038;t=Cerca%20de%202%20mil%20ni%C3%B1%40s%20entre%2003%20a%2005%20a%C3%B1os%20a%C3%BAn%20no%20se%20vacunan%20contra%20el%20Covid-19' aria-hidden='false' data-av_icon='\ue8f3' data-av_iconfont='entypo-fontello' title='' data-avia-related-tooltip='Compartir en Facebook' rel=\"noopener\"><span class='avia_hidden_link_text'>Compartir en Facebook<\/span><\/a><\/li><li class='av-share-link av-social-link-twitter' ><a target=\"_blank\" aria-label=\"Compartir en Twitter\" href='https:\/\/twitter.com\/share?text=Cerca%20de%202%20mil%20ni%C3%B1%40s%20entre%2003%20a%2005%20a%C3%B1os%20a%C3%BAn%20no%20se%20vacunan%20contra%20el%20Covid-19&#038;url=https:\/\/radiorevelacionfm.cl\/?p=14177' aria-hidden='false' data-av_icon='\ue8f1' data-av_iconfont='entypo-fontello' title='' data-avia-related-tooltip='Compartir en Twitter' rel=\"noopener\"><span class='avia_hidden_link_text'>Compartir en Twitter<\/span><\/a><\/li><li class='av-share-link av-social-link-whatsapp' ><a target=\"_blank\" aria-label=\"Compartir en Whatsapp\" href='https:\/\/api.whatsapp.com\/send?text=https:\/\/radiorevelacionfm.cl\/?p=14177' aria-hidden='false' data-av_icon='\uf232' data-av_iconfont='entypo-fontello' title='' data-avia-related-tooltip='Compartir en Whatsapp' rel=\"noopener\"><span class='avia_hidden_link_text'>Compartir en Whatsapp<\/span><\/a><\/li><li class='av-share-link av-social-link-linkedin' ><a target=\"_blank\" aria-label=\"Compartir en LinkedIn\" href='https:\/\/linkedin.com\/shareArticle?mini=true&#038;title=Cerca%20de%202%20mil%20ni%C3%B1%40s%20entre%2003%20a%2005%20a%C3%B1os%20a%C3%BAn%20no%20se%20vacunan%20contra%20el%20Covid-19&#038;url=https:\/\/radiorevelacionfm.cl\/?p=14177' aria-hidden='false' data-av_icon='\ue8fc' data-av_iconfont='entypo-fontello' title='' data-avia-related-tooltip='Compartir en LinkedIn' rel=\"noopener\"><span class='avia_hidden_link_text'>Compartir en LinkedIn<\/span><\/a><\/li><li class='av-share-link av-social-link-mail' ><a  aria-label=\"Compartir por correo\" href='mailto:?subject=Cerca%20de%202%20mil%20ni%C3%B1%40s%20entre%2003%20a%2005%20a%C3%B1os%20a%C3%BAn%20no%20se%20vacunan%20contra%20el%20Covid-19&#038;body=https:\/\/radiorevelacionfm.cl\/?p=14177' aria-hidden='false' data-av_icon='\ue805' data-av_iconfont='entypo-fontello' title='' data-avia-related-tooltip='Compartir por correo'><span class='avia_hidden_link_text'>Compartir por correo<\/span><\/a><\/li><\/ul><\/div><\/div>\n<div  style='height:50px' class='hr hr-invisible   avia-builder-el-8  el_after_av_social_share  el_before_av_comments_list '><span class='hr-inner ' ><span class='hr-inner-style'><\/span><\/span><\/div>\n<div  class='av-buildercomment  av-blog-meta-html-info-disabled av-blog-meta-tag-disabled  '><\/div>\n","protected":false},"excerpt":{"rendered":"","protected":false},"author":1,"featured_media":14178,"comment_status":"open","ping_status":"open","sticky":false,"template":"","format":"standard","meta":{"footnotes":""},"categories":[46],"tags":[],"class_list":["post-14177","post","type-post","status-publish","format-standard","has-post-thumbnail","hentry","category-salud"],"jetpack_featured_media_url":"https:\/\/radiorevelacionfm.cl\/wp-content\/uploads\/2022\/03\/vacunacion-escolar1-1-1.jpg","_links":{"self":[{"href":"https:\/\/radiorevelacionfm.cl\/index.php?rest_route=\/wp\/v2\/posts\/14177","targetHints":{"allow":["GET"]}}],"collection":[{"href":"https:\/\/radiorevelacionfm.cl\/index.php?rest_route=\/wp\/v2\/posts"}],"about":[{"href":"https:\/\/radiorevelacionfm.cl\/index.php?rest_route=\/wp\/v2\/types\/post"}],"author":[{"embeddable":true,"href":"https:\/\/radiorevelacionfm.cl\/index.php?rest_route=\/wp\/v2\/users\/1"}],"replies":[{"embeddable":true,"href":"https:\/\/radiorevelacionfm.cl\/index.php?rest_route=%2Fwp%2Fv2%2Fcomments&post=14177"}],"version-history":[{"count":2,"href":"https:\/\/radiorevelacionfm.cl\/index.php?rest_route=\/wp\/v2\/posts\/14177\/revisions"}],"predecessor-version":[{"id":14180,"href":"https:\/\/radiorevelacionfm.cl\/index.php?rest_route=\/wp\/v2\/posts\/14177\/revisions\/14180"}],"wp:featuredmedia":[{"embeddable":true,"href":"https:\/\/radiorevelacionfm.cl\/index.php?rest_route=\/wp\/v2\/media\/14178"}],"wp:attachment":[{"href":"https:\/\/radiorevelacionfm.cl\/index.php?rest_route=%2Fwp%2Fv2%2Fmedia&parent=14177"}],"wp:term":[{"taxonomy":"category","embeddable":true,"href":"https:\/\/radiorevelacionfm.cl\/index.php?rest_route=%2Fwp%2Fv2%2Fcategories&post=14177"},{"taxonomy":"post_tag","embeddable":true,"href":"https:\/\/radiorevelacionfm.cl\/index.php?rest_route=%2Fwp%2Fv2%2Ftags&post=14177"}],"curies":[{"name":"wp","href":"https:\/\/api.w.org\/{rel}","templated":true}]}}