{"id":14170,"date":"2022-03-02T10:46:17","date_gmt":"2022-03-02T13:46:17","guid":{"rendered":"https:\/\/radiorevelacionfm.cl\/?p=14170"},"modified":"2022-03-02T10:46:17","modified_gmt":"2022-03-02T13:46:17","slug":"sergio-becerra-asume-como-nuevo-director-de-mejor-ninez-aysen-nombrado-a-traves-de-alta-direccion-publica","status":"publish","type":"post","link":"https:\/\/radiorevelacionfm.cl\/?p=14170","title":{"rendered":"Sergio Becerra asume como nuevo director de Mejor Ni\u00f1ez Ays\u00e9n nombrado a trav\u00e9s de Alta Direcci\u00f3n P\u00fablica"},"content":{"rendered":"<div class=\"flex_column av_one_full  flex_column_div av-zero-column-padding first  avia-builder-el-0  el_before_av_one_full  avia-builder-el-first  \" style='border-radius:0px; '><div  class='avia-image-container  av-styling-    avia-builder-el-1  avia-builder-el-no-sibling  avia-align-center '  itemprop=\"image\" itemscope=\"itemscope\" itemtype=\"https:\/\/schema.org\/ImageObject\"  ><div class='avia-image-container-inner'><div class='avia-image-overlay-wrap'><img decoding=\"async\" class='wp-image-14171 avia-img-lazy-loading-not-14171 avia_image' src=\"https:\/\/radiorevelacionfm.cl\/wp-content\/uploads\/2022\/03\/sergio-becerra-mera-1-1.jpg\" alt='' title='sergio-becerra-mera (1) (1)' height=\"600\" width=\"865\"  itemprop=\"thumbnailUrl\" srcset=\"https:\/\/radiorevelacionfm.cl\/wp-content\/uploads\/2022\/03\/sergio-becerra-mera-1-1.jpg 865w, https:\/\/radiorevelacionfm.cl\/wp-content\/uploads\/2022\/03\/sergio-becerra-mera-1-1-300x208.jpg 300w, https:\/\/radiorevelacionfm.cl\/wp-content\/uploads\/2022\/03\/sergio-becerra-mera-1-1-768x533.jpg 768w, https:\/\/radiorevelacionfm.cl\/wp-content\/uploads\/2022\/03\/sergio-becerra-mera-1-1-705x489.jpg 705w, https:\/\/radiorevelacionfm.cl\/wp-content\/uploads\/2022\/03\/sergio-becerra-mera-1-1-600x416.jpg 600w\" sizes=\"(max-width: 865px) 100vw, 865px\" \/><\/div><\/div><\/div><\/div><div class=\"flex_column av_one_full  flex_column_div av-zero-column-padding first  avia-builder-el-2  el_after_av_one_full  el_before_av_one_full  column-top-margin\" style='border-radius:0px; '><section class=\"av_textblock_section \"  itemscope=\"itemscope\" itemtype=\"https:\/\/schema.org\/BlogPosting\" itemprop=\"blogPost\" ><div class='avia_textblock  '   itemprop=\"text\" ><p style=\"text-align: center;\"><strong><span style=\"font-size: 18pt;\">Sergio Becerra asume como nuevo director de Mejor Ni\u00f1ez Ays\u00e9n nombrado a trav\u00e9s de Alta Direcci\u00f3n P\u00fablica <\/span><\/strong><\/p>\n<div id=\"gtx-trans\" style=\"position: absolute; left: -50px; top: 4.31534px;\">\n<div class=\"gtx-trans-icon\"><\/div>\n<\/div>\n<\/div><\/section><\/div><div class=\"flex_column av_one_full  flex_column_div av-zero-column-padding first  avia-builder-el-4  el_after_av_one_full  el_before_av_hr  column-top-margin\" style='border-radius:0px; '><section class=\"av_textblock_section \"  itemscope=\"itemscope\" itemtype=\"https:\/\/schema.org\/BlogPosting\" itemprop=\"blogPost\" ><div class='avia_textblock  '   itemprop=\"text\" ><p style=\"text-align: justify;\">Seleccionado a trav\u00e9s de un concurso de Alta Direcci\u00f3n P\u00fablica, Sergio Becerra Mera, se convierte a partir de este 1 de marzo, en el primer Director del nuevo Servicio Nacional de Protecci\u00f3n Especializada a la Ni\u00f1ez y Adolescencia, Mejor Ni\u00f1ez, de la regi\u00f3n de Ays\u00e9n.<\/p>\n<p style=\"text-align: justify;\">Profesor de Educaci\u00f3n B\u00e1sica y Magister en Educaci\u00f3n, cuenta con m\u00e1s de 30 a\u00f1os de trayectoria laboral, donde destaca su trabajo como docente de aula y directivo de diversas escuelas de las comunas de Ays\u00e9n y Coyhaique, y en estos \u00faltimos a\u00f1os en su rol como Seremi de Educaci\u00f3n de la regi\u00f3n.<\/p>\n<p style=\"text-align: justify;\">El nuevo director de Mejor Ni\u00f1ez Ays\u00e9n destac\u00f3 el rol de este nuevo servicio donde la protecci\u00f3n especializada a las infancias vulneradas es su principal misi\u00f3n. En ese sentido se mostro agradecido por la confianza depositada tras haber ganado el concurso por alta direcci\u00f3n p\u00fablica (ADP), donde espera, a trav\u00e9s de su trabajo, poner todas sus capacidades al servicio de construir junto a este nuevo equipo, formado el 1 de octubre de 2021, una Mejor Ni\u00f1ez para todos los ni\u00f1os, ni\u00f1as y adolescentes de la regi\u00f3n de Ays\u00e9n.<\/p>\n<p style=\"text-align: justify;\">Gabriela Opazo Pino, directora subrogante del servicio desde su entrada en vigencia, felicit\u00f3 el nombramiento del nuevo director regional, dese\u00e1ndole el mejor de los \u00e9xitos al frente de este nuevo servicio que esta llamado a cambiar el paradigma de la protecci\u00f3n y cuidado de ni\u00f1os, ni\u00f1as y adolescentes, agradeciendo al mismo tiempo el trabajo de un equipo humano que en estos primeros meses de trabajo se ha mostrado comprometido con el desaf\u00edo de construir efectivamente una Mejor Ni\u00f1ez.<\/p>\n<p style=\"text-align: justify;\">La hasta ahora directora, seguir\u00e1 cumpliendo funciones en el equipo de Mejor Ni\u00f1ez Ays\u00e9n, tras haber ganado el concurso para desempe\u00f1arse como jefa del Departamento de Servicios y Prestaciones.<\/p>\n<p style=\"text-align: justify;\">El nuevo director titular de Mejor Ni\u00f1ez Ays\u00e9n, asumi\u00f3 sus funciones a partir \u00a0de este martes 1 de marzo de 2022, con una reuni\u00f3n virtual con todo el equipo regional, integrado hasta ahora por 34 funcionarios.<\/p>\n<\/div><\/section><\/div><div  style='height:50px' class='hr hr-invisible   avia-builder-el-6  el_after_av_one_full  el_before_av_social_share '><span class='hr-inner ' ><span class='hr-inner-style'><\/span><\/span><\/div><\/p>\n<div  class='av-social-sharing-box  avia-builder-el-7  el_after_av_hr  el_before_av_hr  '><div class='av-share-box'><h5 class='av-share-link-description av-no-toc '>Compartir esta noticia<\/h5><ul class='av-share-box-list noLightbox'><li class='av-share-link av-social-link-facebook' ><a target=\"_blank\" aria-label=\"Compartir en Facebook\" href='https:\/\/www.facebook.com\/sharer.php?u=https:\/\/radiorevelacionfm.cl\/?p=14170&#038;t=Sergio%20Becerra%20asume%20como%20nuevo%20director%20de%20Mejor%20Ni%C3%B1ez%20Ays%C3%A9n%20nombrado%20a%20trav%C3%A9s%20de%20Alta%20Direcci%C3%B3n%20P%C3%BAblica' aria-hidden='false' data-av_icon='\ue8f3' data-av_iconfont='entypo-fontello' title='' data-avia-related-tooltip='Compartir en Facebook' rel=\"noopener\"><span class='avia_hidden_link_text'>Compartir en Facebook<\/span><\/a><\/li><li class='av-share-link av-social-link-twitter' ><a target=\"_blank\" aria-label=\"Compartir en Twitter\" href='https:\/\/twitter.com\/share?text=Sergio%20Becerra%20asume%20como%20nuevo%20director%20de%20Mejor%20Ni%C3%B1ez%20Ays%C3%A9n%20nombrado%20a%20trav%C3%A9s%20de%20Alta%20Direcci%C3%B3n%20P%C3%BAblica&#038;url=https:\/\/radiorevelacionfm.cl\/?p=14170' aria-hidden='false' data-av_icon='\ue8f1' data-av_iconfont='entypo-fontello' title='' data-avia-related-tooltip='Compartir en Twitter' rel=\"noopener\"><span class='avia_hidden_link_text'>Compartir en Twitter<\/span><\/a><\/li><li class='av-share-link av-social-link-whatsapp' ><a target=\"_blank\" aria-label=\"Compartir en Whatsapp\" href='https:\/\/api.whatsapp.com\/send?text=https:\/\/radiorevelacionfm.cl\/?p=14170' aria-hidden='false' data-av_icon='\uf232' data-av_iconfont='entypo-fontello' title='' data-avia-related-tooltip='Compartir en Whatsapp' rel=\"noopener\"><span class='avia_hidden_link_text'>Compartir en Whatsapp<\/span><\/a><\/li><li class='av-share-link av-social-link-linkedin' ><a target=\"_blank\" aria-label=\"Compartir en LinkedIn\" href='https:\/\/linkedin.com\/shareArticle?mini=true&#038;title=Sergio%20Becerra%20asume%20como%20nuevo%20director%20de%20Mejor%20Ni%C3%B1ez%20Ays%C3%A9n%20nombrado%20a%20trav%C3%A9s%20de%20Alta%20Direcci%C3%B3n%20P%C3%BAblica&#038;url=https:\/\/radiorevelacionfm.cl\/?p=14170' aria-hidden='false' data-av_icon='\ue8fc' data-av_iconfont='entypo-fontello' title='' data-avia-related-tooltip='Compartir en LinkedIn' rel=\"noopener\"><span class='avia_hidden_link_text'>Compartir en LinkedIn<\/span><\/a><\/li><li class='av-share-link av-social-link-mail' ><a  aria-label=\"Compartir por correo\" href='mailto:?subject=Sergio%20Becerra%20asume%20como%20nuevo%20director%20de%20Mejor%20Ni%C3%B1ez%20Ays%C3%A9n%20nombrado%20a%20trav%C3%A9s%20de%20Alta%20Direcci%C3%B3n%20P%C3%BAblica&#038;body=https:\/\/radiorevelacionfm.cl\/?p=14170' aria-hidden='false' data-av_icon='\ue805' data-av_iconfont='entypo-fontello' title='' data-avia-related-tooltip='Compartir por correo'><span class='avia_hidden_link_text'>Compartir por correo<\/span><\/a><\/li><\/ul><\/div><\/div>\n<div  style='height:50px' class='hr hr-invisible   avia-builder-el-8  el_after_av_social_share  el_before_av_comments_list '><span class='hr-inner ' ><span class='hr-inner-style'><\/span><\/span><\/div>\n<div  class='av-buildercomment  av-blog-meta-html-info-disabled av-blog-meta-tag-disabled  '><\/div>\n","protected":false},"excerpt":{"rendered":"","protected":false},"author":1,"featured_media":14171,"comment_status":"open","ping_status":"open","sticky":false,"template":"","format":"standard","meta":{"footnotes":""},"categories":[38],"tags":[],"class_list":["post-14170","post","type-post","status-publish","format-standard","has-post-thumbnail","hentry","category-regional"],"jetpack_featured_media_url":"https:\/\/radiorevelacionfm.cl\/wp-content\/uploads\/2022\/03\/sergio-becerra-mera-1-1.jpg","_links":{"self":[{"href":"https:\/\/radiorevelacionfm.cl\/index.php?rest_route=\/wp\/v2\/posts\/14170","targetHints":{"allow":["GET"]}}],"collection":[{"href":"https:\/\/radiorevelacionfm.cl\/index.php?rest_route=\/wp\/v2\/posts"}],"about":[{"href":"https:\/\/radiorevelacionfm.cl\/index.php?rest_route=\/wp\/v2\/types\/post"}],"author":[{"embeddable":true,"href":"https:\/\/radiorevelacionfm.cl\/index.php?rest_route=\/wp\/v2\/users\/1"}],"replies":[{"embeddable":true,"href":"https:\/\/radiorevelacionfm.cl\/index.php?rest_route=%2Fwp%2Fv2%2Fcomments&post=14170"}],"version-history":[{"count":2,"href":"https:\/\/radiorevelacionfm.cl\/index.php?rest_route=\/wp\/v2\/posts\/14170\/revisions"}],"predecessor-version":[{"id":14176,"href":"https:\/\/radiorevelacionfm.cl\/index.php?rest_route=\/wp\/v2\/posts\/14170\/revisions\/14176"}],"wp:featuredmedia":[{"embeddable":true,"href":"https:\/\/radiorevelacionfm.cl\/index.php?rest_route=\/wp\/v2\/media\/14171"}],"wp:attachment":[{"href":"https:\/\/radiorevelacionfm.cl\/index.php?rest_route=%2Fwp%2Fv2%2Fmedia&parent=14170"}],"wp:term":[{"taxonomy":"category","embeddable":true,"href":"https:\/\/radiorevelacionfm.cl\/index.php?rest_route=%2Fwp%2Fv2%2Fcategories&post=14170"},{"taxonomy":"post_tag","embeddable":true,"href":"https:\/\/radiorevelacionfm.cl\/index.php?rest_route=%2Fwp%2Fv2%2Ftags&post=14170"}],"curies":[{"name":"wp","href":"https:\/\/api.w.org\/{rel}","templated":true}]}}