{"id":14167,"date":"2022-03-02T09:47:03","date_gmt":"2022-03-02T12:47:03","guid":{"rendered":"https:\/\/radiorevelacionfm.cl\/?p=14167"},"modified":"2022-03-02T09:47:03","modified_gmt":"2022-03-02T12:47:03","slug":"en-aysen-inician-capacitaciones-a-fondos-concursables-del-gobierno-regional-con-excelente-recepcion","status":"publish","type":"post","link":"https:\/\/radiorevelacionfm.cl\/?p=14167","title":{"rendered":"En Ays\u00e9n inician capacitaciones a fondos concursables del Gobierno Regional con excelente recepci\u00f3n"},"content":{"rendered":"<div class=\"flex_column av_one_full  flex_column_div av-zero-column-padding first  avia-builder-el-0  el_before_av_one_full  avia-builder-el-first  \" style='border-radius:0px; '><div  class='avia-image-container  av-styling-    avia-builder-el-1  avia-builder-el-no-sibling  avia-align-center '  itemprop=\"image\" itemscope=\"itemscope\" itemtype=\"https:\/\/schema.org\/ImageObject\"  ><div class='avia-image-container-inner'><div class='avia-image-overlay-wrap'><img decoding=\"async\" class='wp-image-14168 avia-img-lazy-loading-not-14168 avia_image' src=\"https:\/\/radiorevelacionfm.cl\/wp-content\/uploads\/2022\/03\/foto-1-11-2_optimized-1.jpg\" alt='' title='foto-1-(11)-(2)_optimized (1)' height=\"600\" width=\"900\"  itemprop=\"thumbnailUrl\" srcset=\"https:\/\/radiorevelacionfm.cl\/wp-content\/uploads\/2022\/03\/foto-1-11-2_optimized-1.jpg 900w, https:\/\/radiorevelacionfm.cl\/wp-content\/uploads\/2022\/03\/foto-1-11-2_optimized-1-300x200.jpg 300w, https:\/\/radiorevelacionfm.cl\/wp-content\/uploads\/2022\/03\/foto-1-11-2_optimized-1-768x512.jpg 768w, https:\/\/radiorevelacionfm.cl\/wp-content\/uploads\/2022\/03\/foto-1-11-2_optimized-1-705x470.jpg 705w, https:\/\/radiorevelacionfm.cl\/wp-content\/uploads\/2022\/03\/foto-1-11-2_optimized-1-600x400.jpg 600w\" sizes=\"(max-width: 900px) 100vw, 900px\" \/><\/div><\/div><\/div><\/div><div class=\"flex_column av_one_full  flex_column_div av-zero-column-padding first  avia-builder-el-2  el_after_av_one_full  el_before_av_one_full  column-top-margin\" style='border-radius:0px; '><section class=\"av_textblock_section \"  itemscope=\"itemscope\" itemtype=\"https:\/\/schema.org\/BlogPosting\" itemprop=\"blogPost\" ><div class='avia_textblock  '   itemprop=\"text\" ><p style=\"text-align: center;\"><strong><span style=\"font-size: 18pt;\">En Ays\u00e9n inician capacitaciones a fondos concursables del Gobierno Regional con excelente recepci\u00f3n <\/span><\/strong><\/p>\n<div id=\"gtx-trans\" style=\"position: absolute; left: -50px; top: 4.31534px;\">\n<div class=\"gtx-trans-icon\"><\/div>\n<\/div>\n<\/div><\/section><\/div><div class=\"flex_column av_one_full  flex_column_div av-zero-column-padding first  avia-builder-el-4  el_after_av_one_full  el_before_av_hr  column-top-margin\" style='border-radius:0px; '><section class=\"av_textblock_section \"  itemscope=\"itemscope\" itemtype=\"https:\/\/schema.org\/BlogPosting\" itemprop=\"blogPost\" ><div class='avia_textblock  '   itemprop=\"text\" ><p style=\"text-align: justify;\">En medio de una concurrida convocatoria en la Casa de la Cultura, parti\u00f3 el \u201cTaller de formulaci\u00f3n de proyectos\u201d organizado por la Municipalidad de Ays\u00e9n para la postulaci\u00f3n del Fondo Nacional de Desarrollo Regional (FNDR). La iniciativa es la primera de cuatro capacitaciones a realizarse en distintas localidades, siendo pionera en materia comunal al tratarse de un proceso de asesor\u00eda y acompa\u00f1amiento hasta la entrega final.<\/p>\n<p style=\"text-align: justify;\">A trav\u00e9s de un equipo multidisciplinario compuesto por la Unidad de Organizaciones Comunitarias y el Programa de Desarrollo Econ\u00f3mico Local, cerca de una treintena de representantes pertenecientes a organizaciones comunitarias y territoriales de las m\u00e1s diversas \u00e1reas, ampliaron sus nociones gracias a herramientas brindadas, ejemplos de buenas pr\u00e1cticas en la formulaci\u00f3n de proyectos, requerimientos necesarios y un acercamiento previo a \u00edtems del formulario FNDR 2022, entre los que destaca la antig\u00fcedad jur\u00eddica de al menos dos a\u00f1os.<\/p>\n<p style=\"text-align: justify;\">La propuesta nace de las necesidades percibidas por la actual gesti\u00f3n municipal que, ante el complejo escenario desencadenado por la pandemia, aterriz\u00f3 el plan de trabajo en tres etapas: convocatoria, espacios de capacitaci\u00f3n, y asesor\u00eda y acompa\u00f1amiento con el fin de facilitar su ejecuci\u00f3n, el \u201cTaller de formulaci\u00f3n de proyectos\u201d corresponde a la segunda.<\/p>\n<p style=\"text-align: justify;\">\u00a0Al alero de lo anterior, Pablo Coliboro, coordinador del Programa de Desarrollo Econ\u00f3mico Local, indic\u00f3 que \u201cesta iniciativa es primera vez que se hace desde la municipalidad en esta administraci\u00f3n. El foco y el esp\u00edritu del alcalde es bajar la informaci\u00f3n de distintas entidades, en este caso del Gobierno Regional, y entregarla de forma m\u00e1s clara para ser entendida por los vecinos, que en este caso forman parten de organizaciones sociales de la comuna\u201d.<\/p>\n<p style=\"text-align: justify;\">Debido a que las postulaciones concluyen el viernes 8 de abril, la casa edilicia dio luz verde al personal que acompa\u00f1ar\u00e1 al primer grupo, seg\u00fan las necesidades y naturaleza de cada organizaci\u00f3n. En ese sentido, la \u201cUnidad de Organizaciones Comunitarias por medio de Rita Aguilar y su equipo son quienes canalizar\u00e1n las inscripciones y dudas en cualquier etapa de las antes mencionas\u201d, precis\u00f3 Coliboro.<\/p>\n<p style=\"text-align: justify;\"><strong>Percepciones del taller <\/strong><\/p>\n<p style=\"text-align: justify;\">El inter\u00e9s por materializar las ideas se vio reflejado en la excelente acogida. La secretaria del Club Parroquial Padre Alberto Hurtado Puerto Chacabuco, Mar\u00eda Eliana Chaura, expres\u00f3 que como organizaci\u00f3n es la primera vez postulando a fondos concursables, por lo que el taller resulta un catalizador en favor del grupo objetivo a abordar. \u201cEs importante saber que otras organizaciones han postulado a estos fondos, lo cual creo que es muy bueno y esperamos tambi\u00e9n tener la suerte de salir favorecidos\u201d, manifest\u00f3.<\/p>\n<p style=\"text-align: justify;\">Mientras, Jimena Mu\u00f1oz, perteneciente a la Agrupaci\u00f3n de Cultoras del Folclore Espa\u00f1ol, destac\u00f3 lo valioso de iniciativas como las acaecidas tras comparar experiencias con fondos del Ministerio de Culturas. \u201cComo esta fue una invitaci\u00f3n de car\u00e1cter informativo, la verdad es que me voy bastante clara de c\u00f3mo funciona la postulaci\u00f3n a los proyectos del Gobierno Regional, que son completamente distintos a los del Ministerio de Cultura\u201d, expres\u00f3.<\/p>\n<p style=\"text-align: justify;\">Asimismo, Mu\u00f1oz tambi\u00e9n valor\u00f3 lo fundamental del proceso de acompa\u00f1amiento. \u201cDentro de toda la ejecuci\u00f3n, desde que uno comienza con la iniciativa de un proyecto, la verdad que este tipo de informaci\u00f3n, de saber que el municipio aporta con ayuda en el desarrollo del proyecto, es s\u00faper importante y me llama mucho la atenci\u00f3n porque para m\u00ed ser\u00eda la primera vez que ofrece la ayuda para la ejecuci\u00f3n de un proyecto a nivel de organizaciones\u201d.<\/p>\n<p style=\"text-align: justify;\">En tanto, desde la Municipalidad de Ays\u00e9n manifestaron su satisfacci\u00f3n tras la jornada. \u201cSentimos que el trabajo y esfuerzo que estamos entregando, la energ\u00eda, se ve reflejada en una buena convocatoria el d\u00eda de hoy. Esperamos continuar en esa senda. Sabemos que hay que hacer harto trabajo, pero el alcalde ya nos instruy\u00f3, y finalmente estamos para servir y trabajar para los vecinos y vecinas de la comuna de Ays\u00e9n\u201d, concluy\u00f3 Coliboro.<\/p>\n<p style=\"text-align: justify;\">Pr\u00f3ximas capacitaciones<\/p>\n<p style=\"text-align: justify;\">Mi\u00e9rcoles 2 de marzo, 18:00 horas<br \/>\nJJ.VV Las Chacras, Villa Ma\u00f1ihuales<\/p>\n<p style=\"text-align: justify;\">Jueves 3 de marzo, 19:00 horas<br \/>\nCasa de la Cultura, Puerto Ays\u00e9n<\/p>\n<p style=\"text-align: justify;\">Viernes 4 y s\u00e1bado 5 de marzo, 15:00 horas<br \/>\nGimnasio Demetrio C\u00e1rdenas, Islas Huichas<\/p>\n<\/div><\/section><\/div><div  style='height:50px' class='hr hr-invisible   avia-builder-el-6  el_after_av_one_full  el_before_av_social_share '><span class='hr-inner ' ><span class='hr-inner-style'><\/span><\/span><\/div><\/p>\n<div  class='av-social-sharing-box  avia-builder-el-7  el_after_av_hr  el_before_av_hr  '><div class='av-share-box'><h5 class='av-share-link-description av-no-toc '>Compartir esta noticia<\/h5><ul class='av-share-box-list noLightbox'><li class='av-share-link av-social-link-facebook' ><a target=\"_blank\" aria-label=\"Compartir en Facebook\" href='https:\/\/www.facebook.com\/sharer.php?u=https:\/\/radiorevelacionfm.cl\/?p=14167&#038;t=En%20Ays%C3%A9n%20inician%20capacitaciones%20a%20fondos%20concursables%20del%20Gobierno%20Regional%20con%20excelente%20recepci%C3%B3n' aria-hidden='false' data-av_icon='\ue8f3' data-av_iconfont='entypo-fontello' title='' data-avia-related-tooltip='Compartir en Facebook' rel=\"noopener\"><span class='avia_hidden_link_text'>Compartir en Facebook<\/span><\/a><\/li><li class='av-share-link av-social-link-twitter' ><a target=\"_blank\" aria-label=\"Compartir en Twitter\" href='https:\/\/twitter.com\/share?text=En%20Ays%C3%A9n%20inician%20capacitaciones%20a%20fondos%20concursables%20del%20Gobierno%20Regional%20con%20excelente%20recepci%C3%B3n&#038;url=https:\/\/radiorevelacionfm.cl\/?p=14167' aria-hidden='false' data-av_icon='\ue8f1' data-av_iconfont='entypo-fontello' title='' data-avia-related-tooltip='Compartir en Twitter' rel=\"noopener\"><span class='avia_hidden_link_text'>Compartir en Twitter<\/span><\/a><\/li><li class='av-share-link av-social-link-whatsapp' ><a target=\"_blank\" aria-label=\"Compartir en Whatsapp\" href='https:\/\/api.whatsapp.com\/send?text=https:\/\/radiorevelacionfm.cl\/?p=14167' aria-hidden='false' data-av_icon='\uf232' data-av_iconfont='entypo-fontello' title='' data-avia-related-tooltip='Compartir en Whatsapp' rel=\"noopener\"><span class='avia_hidden_link_text'>Compartir en Whatsapp<\/span><\/a><\/li><li class='av-share-link av-social-link-linkedin' ><a target=\"_blank\" aria-label=\"Compartir en LinkedIn\" href='https:\/\/linkedin.com\/shareArticle?mini=true&#038;title=En%20Ays%C3%A9n%20inician%20capacitaciones%20a%20fondos%20concursables%20del%20Gobierno%20Regional%20con%20excelente%20recepci%C3%B3n&#038;url=https:\/\/radiorevelacionfm.cl\/?p=14167' aria-hidden='false' data-av_icon='\ue8fc' data-av_iconfont='entypo-fontello' title='' data-avia-related-tooltip='Compartir en LinkedIn' rel=\"noopener\"><span class='avia_hidden_link_text'>Compartir en LinkedIn<\/span><\/a><\/li><li class='av-share-link av-social-link-mail' ><a  aria-label=\"Compartir por correo\" href='mailto:?subject=En%20Ays%C3%A9n%20inician%20capacitaciones%20a%20fondos%20concursables%20del%20Gobierno%20Regional%20con%20excelente%20recepci%C3%B3n&#038;body=https:\/\/radiorevelacionfm.cl\/?p=14167' aria-hidden='false' data-av_icon='\ue805' data-av_iconfont='entypo-fontello' title='' data-avia-related-tooltip='Compartir por correo'><span class='avia_hidden_link_text'>Compartir por correo<\/span><\/a><\/li><\/ul><\/div><\/div>\n<div  style='height:50px' class='hr hr-invisible   avia-builder-el-8  el_after_av_social_share  el_before_av_comments_list '><span class='hr-inner ' ><span class='hr-inner-style'><\/span><\/span><\/div>\n<div  class='av-buildercomment  av-blog-meta-html-info-disabled av-blog-meta-tag-disabled  '><\/div>\n","protected":false},"excerpt":{"rendered":"","protected":false},"author":1,"featured_media":14168,"comment_status":"open","ping_status":"open","sticky":false,"template":"","format":"standard","meta":{"footnotes":""},"categories":[38],"tags":[],"class_list":["post-14167","post","type-post","status-publish","format-standard","has-post-thumbnail","hentry","category-regional"],"jetpack_featured_media_url":"https:\/\/radiorevelacionfm.cl\/wp-content\/uploads\/2022\/03\/foto-1-11-2_optimized-1.jpg","_links":{"self":[{"href":"https:\/\/radiorevelacionfm.cl\/index.php?rest_route=\/wp\/v2\/posts\/14167","targetHints":{"allow":["GET"]}}],"collection":[{"href":"https:\/\/radiorevelacionfm.cl\/index.php?rest_route=\/wp\/v2\/posts"}],"about":[{"href":"https:\/\/radiorevelacionfm.cl\/index.php?rest_route=\/wp\/v2\/types\/post"}],"author":[{"embeddable":true,"href":"https:\/\/radiorevelacionfm.cl\/index.php?rest_route=\/wp\/v2\/users\/1"}],"replies":[{"embeddable":true,"href":"https:\/\/radiorevelacionfm.cl\/index.php?rest_route=%2Fwp%2Fv2%2Fcomments&post=14167"}],"version-history":[{"count":2,"href":"https:\/\/radiorevelacionfm.cl\/index.php?rest_route=\/wp\/v2\/posts\/14167\/revisions"}],"predecessor-version":[{"id":14175,"href":"https:\/\/radiorevelacionfm.cl\/index.php?rest_route=\/wp\/v2\/posts\/14167\/revisions\/14175"}],"wp:featuredmedia":[{"embeddable":true,"href":"https:\/\/radiorevelacionfm.cl\/index.php?rest_route=\/wp\/v2\/media\/14168"}],"wp:attachment":[{"href":"https:\/\/radiorevelacionfm.cl\/index.php?rest_route=%2Fwp%2Fv2%2Fmedia&parent=14167"}],"wp:term":[{"taxonomy":"category","embeddable":true,"href":"https:\/\/radiorevelacionfm.cl\/index.php?rest_route=%2Fwp%2Fv2%2Fcategories&post=14167"},{"taxonomy":"post_tag","embeddable":true,"href":"https:\/\/radiorevelacionfm.cl\/index.php?rest_route=%2Fwp%2Fv2%2Ftags&post=14167"}],"curies":[{"name":"wp","href":"https:\/\/api.w.org\/{rel}","templated":true}]}}