{"id":14164,"date":"2022-03-01T19:26:15","date_gmt":"2022-03-01T22:26:15","guid":{"rendered":"https:\/\/radiorevelacionfm.cl\/?p=14164"},"modified":"2022-03-01T19:26:15","modified_gmt":"2022-03-01T22:26:15","slug":"ministro-sergio-mora-vallejos-asume-presidencia-de-la-corte-de-apelaciones-de-coyhaique","status":"publish","type":"post","link":"https:\/\/radiorevelacionfm.cl\/?p=14164","title":{"rendered":"Ministro Sergio Mora Vallejos asume presidencia de la Corte de Apelaciones de Coyhaique"},"content":{"rendered":"<div class=\"flex_column av_one_full  flex_column_div av-zero-column-padding first  avia-builder-el-0  el_before_av_one_full  avia-builder-el-first  \" style='border-radius:0px; '><div  class='avia-image-container  av-styling-    avia-builder-el-1  avia-builder-el-no-sibling  avia-align-center '  itemprop=\"image\" itemscope=\"itemscope\" itemtype=\"https:\/\/schema.org\/ImageObject\"  ><div class='avia-image-container-inner'><div class='avia-image-overlay-wrap'><img decoding=\"async\" class='wp-image-14165 avia-img-lazy-loading-not-14165 avia_image' src=\"https:\/\/radiorevelacionfm.cl\/wp-content\/uploads\/2022\/03\/image-23_optimized.jpg\" alt='' title='image-(23)_optimized' height=\"600\" width=\"1119\"  itemprop=\"thumbnailUrl\" srcset=\"https:\/\/radiorevelacionfm.cl\/wp-content\/uploads\/2022\/03\/image-23_optimized.jpg 1119w, https:\/\/radiorevelacionfm.cl\/wp-content\/uploads\/2022\/03\/image-23_optimized-300x161.jpg 300w, https:\/\/radiorevelacionfm.cl\/wp-content\/uploads\/2022\/03\/image-23_optimized-1030x552.jpg 1030w, https:\/\/radiorevelacionfm.cl\/wp-content\/uploads\/2022\/03\/image-23_optimized-768x412.jpg 768w, https:\/\/radiorevelacionfm.cl\/wp-content\/uploads\/2022\/03\/image-23_optimized-705x378.jpg 705w, https:\/\/radiorevelacionfm.cl\/wp-content\/uploads\/2022\/03\/image-23_optimized-600x322.jpg 600w\" sizes=\"(max-width: 1119px) 100vw, 1119px\" \/><\/div><\/div><\/div><\/div><div class=\"flex_column av_one_full  flex_column_div av-zero-column-padding first  avia-builder-el-2  el_after_av_one_full  el_before_av_one_full  column-top-margin\" style='border-radius:0px; '><section class=\"av_textblock_section \"  itemscope=\"itemscope\" itemtype=\"https:\/\/schema.org\/BlogPosting\" itemprop=\"blogPost\" ><div class='avia_textblock  '   itemprop=\"text\" ><p style=\"text-align: center;\"><span style=\"font-size: 18pt;\"><strong>Ministro Sergio Mora Vallejos asume presidencia de la Corte de Apelaciones de Coyhaique<\/strong><\/span><\/p>\n<div id=\"gtx-trans\" style=\"position: absolute; left: -50px; top: 4.31534px;\">\n<div class=\"gtx-trans-icon\"><\/div>\n<\/div>\n<\/div><\/section><\/div><div class=\"flex_column av_one_full  flex_column_div av-zero-column-padding first  avia-builder-el-4  el_after_av_one_full  el_before_av_hr  column-top-margin\" style='border-radius:0px; '><section class=\"av_textblock_section \"  itemscope=\"itemscope\" itemtype=\"https:\/\/schema.org\/BlogPosting\" itemprop=\"blogPost\" ><div class='avia_textblock  '   itemprop=\"text\" ><p style=\"text-align: justify;\">Hoy, martes 1 de marzo, se dio inicio al a\u00f1o judicial 2022 y a la presidencia de la Corte de Apelaciones de Coyhaique del ministro Sergio Mora Vallejos. Instancia en que la ministra Natalia Rencoret Oliva, le entreg\u00f3 de manera simb\u00f3lica la campanilla que representa el mandato en la jurisdicci\u00f3n.<\/p>\n<p style=\"text-align: justify;\">El ministro Sergio Mora, fue parte del proceso de instalaci\u00f3n del tribunal de alzada Ays\u00e9n, en 1987, siendo esta su octava presidencia.<\/p>\n<p style=\"text-align: justify;\">\u201cEn primer lugar, agradecer la labor de mis colegas ministros y de nuestros funcionarios, por su dedicaci\u00f3n y preocupaci\u00f3n en el trabajo realizado en estos tiempos de pandemia. En especial a Natalia Rencoret que con su perseverancia y esfuerzo, llev\u00f3 a cabo exitosamente sus labores de conducci\u00f3n de esta Corte de Apelaciones, durante el a\u00f1o 2021, que nos deja en posiciones de avanzada respecto de la administraci\u00f3n de justicia\u201c, sostuvo el ministro Mora Vallejos.<\/p>\n<p style=\"text-align: justify;\">Para el presidente del tribunal de alzada: \u201cTenemos como desaf\u00edo para este 2022 seguir ofreciendo una justicia r\u00e1pida, eficiente y cercana. Siempre con las puertas abiertas y prestos a mejorar, no debemos olvidar que el di\u00e1logo y la legalidad, son los pilares de una convivencia pac\u00edfica. As\u00ed como la igualdad que dignifica al ser humano, ese es nuestro compromiso. Y tambi\u00e9n mantener inc\u00f3lume la independencia y autonom\u00eda del Poder Judicial\u201d.<\/p>\n<p style=\"text-align: justify;\"><strong>Gesti\u00f3n judicial 2021<\/strong><\/p>\n<p style=\"text-align: justify;\">En la ceremonia, la ministra Natalia Rencoret Oliva rindi\u00f3 cuenta p\u00fablica de su gesti\u00f3n a cargo del tribunal de alzada durante el a\u00f1o judicial 2021, destacando el trabajo y compromiso de funcionarios y jueces en periodo de pandemia y los avances logrados en materia de infancia y equidad de g\u00e9nero y no discriminaci\u00f3n.<\/p>\n<p style=\"text-align: justify;\">\u201cEsta fue mi primera presidencia y sin dudas los desaf\u00edos del Poder Judicial de dar continuidad al servicio, de mejorar la gesti\u00f3n, la eficiencia, la atenci\u00f3n de p\u00fablico y de resolver los conflictos en forma oportuna ha sido satisfechos \u00edntegramente y as\u00ed lo respaldan las estad\u00edsticas. Por ello, agradecer el compromiso de cada uno de los integrantes del Poder Judicial en esta jurisdicci\u00f3n\u201d, sostuvo la ministra.<\/p>\n<p style=\"text-align: justify;\">\u201cRespecto a esta continuidad, fue en gran parte gracias a las herramientas tecnol\u00f3gicas a las cuales todos debimos adaptarnos y aprender a aplicarlas. Por lo que el teletrabajo, creemos continuar\u00e1 siendo un aporte, pensando siempre en la salud de nuestra poblaci\u00f3n\u201d, agreg\u00f3.<\/p>\n<p style=\"text-align: justify;\"><strong>Cifras<\/strong><\/p>\n<p style=\"text-align: justify;\">En relaci\u00f3n con las cifras que dan cuenta del trabajo en el a\u00f1o judicial 2021, el tribunal de alzada registr\u00f3 un ingreso de 2.094 recursos, de los cuales un 39,73% corresponde a asuntos administrativos; 19,2% a acciones de protecci\u00f3n, que en su gran mayor\u00eda fueron impugnaciones de alzas en los precios de planes de isapres, y 15,28%, a recursos en materia penal. Ingresando 22 recursos m\u00e1s que en el a\u00f1o 2020. En relaci\u00f3n con los t\u00e9rminos, se concluyeron 2.108 recursos, alcanzando el 100,7%.<\/p>\n<p style=\"text-align: justify;\">Durante el a\u00f1o 2021, la Corte de Apelaciones vio 289 recursos que fueron elevados ante la Corte Suprema, teniendo fallo en 279 de ellos y confirmando la sentencia del tribunal de alzada en 196. Doce fueron declarados inadmisibles y cuatro rechazados; 65 revocaciones, un recurso de casaci\u00f3n acogido y 10 pendientes de resoluci\u00f3n.<\/p>\n<p style=\"text-align: justify;\">En un nuevo a\u00f1o de contingencia sanitaria, las audiencias telem\u00e1ticas se siguieron desarrollando, modalidad que sigue operando hasta hoy. En total, se realizaron 1.021 audiencias virtuales. La Corte de Apelaciones de Coyhaique realiz\u00f3 1.021 audiencias virtuales<\/p>\n<p style=\"text-align: justify;\">Con respecto a primera instancia, hubo una disminuci\u00f3n de ingresos de un 9,04% respecto del a\u00f1o anterior. En total, ingresaron 19.566 causas, lideradas por las de competencia penal (6.958), familia (5.605), civil (5.342) y laboral (293).<\/p>\n<p style=\"text-align: justify;\">Durante el periodo, 10.659 causas fueron finalizadas, reflejando una disminuci\u00f3n del 8,14% respecto del a\u00f1o anterior. Familia, penal y civil encabezan los porcentajes de t\u00e9rminos con un 38,6; 31,58 y 18,99%, respectivamente.<\/p>\n<p style=\"text-align: justify;\">Datos que permiten deducir que los tribunales de primera instancia registraron una tasa de t\u00e9rmino de 54,48%.<\/p>\n<p style=\"text-align: justify;\"><strong>Infancia, equidad de g\u00e9nero y no discriminaci\u00f3n<\/strong><\/p>\n<p style=\"text-align: justify;\">Respecto a las pol\u00edticas de infancia se mantuvo como instancia de coordinaci\u00f3n intersectorial la mesa t\u00e9cnica interinstitucional, que durante el a\u00f1o 2021 dirigi\u00f3 la ministra encargada de la unidad del tribunal de alzada, Natalia Rencoret.<\/p>\n<p style=\"text-align: justify;\">\u201cDestacamos durante este periodo la creaci\u00f3n de una Comisi\u00f3n de Salud que permiti\u00f3 junto al Servicio de Salud de Ays\u00e9n y dem\u00e1s actores, hacer un levantamiento de nudos cr\u00edticos y desarrollo de estrategias para mejorar el contexto proteccional de ni\u00f1os, ni\u00f1as y adolescentes que han sido vulnerados en sus derechos\u201d, sostuvo sobre el tema la ministra.<\/p>\n<p style=\"text-align: justify;\">Con relaci\u00f3n al trabajo desarrollado por el Centro de Observaci\u00f3n y Control del Cumplimiento de Medidas de Protecci\u00f3n, al finalizar el a\u00f1o 2021, la jurisdicci\u00f3n registr\u00f3 un total de 840 medidas de protecci\u00f3n.<\/p>\n<p style=\"text-align: justify;\">\u201cA trav\u00e9s de este centro, la Corte de Apelaciones de Coyhaique mantiene comunicaci\u00f3n permanente con los programas de residencia Mejor Ni\u00f1ez y Sename regional. As\u00ed se monitorea semanal y diariamente el estado de salud de los ni\u00f1os, ni\u00f1as y adolescentes internados en esos centros residenciales, as\u00ed como en otras contingencias\u201d, asever\u00f3 la autoridad.<\/p>\n<p style=\"text-align: justify;\">En octubre pasado, entr\u00f3 en vigencia la ley 21.302 que instaur\u00f3 al nuevo Servicio de Protecci\u00f3n Especializado a la Ni\u00f1ez y Adolescencia y por ello se capacit\u00f3 a integrantes de la jurisdicci\u00f3n sobre esta nueva normativa.<\/p>\n<p style=\"text-align: justify;\">Finalmente, pese a las restricciones sanitarias, se mantuvo bajo estrictas medidas la vinculaci\u00f3n y trabajo de extensi\u00f3n con la comunidad de Ays\u00e9n, durante el a\u00f1o reci\u00e9n pasado, destacando la visita guida realizada por estudiantes y profesoras a la Corte de Apelaciones de Coyhaique.<\/p>\n<\/div><\/section><\/div><div  style='height:50px' class='hr hr-invisible   avia-builder-el-6  el_after_av_one_full  el_before_av_social_share '><span class='hr-inner ' ><span class='hr-inner-style'><\/span><\/span><\/div><\/p>\n<div  class='av-social-sharing-box  avia-builder-el-7  el_after_av_hr  el_before_av_hr  '><div class='av-share-box'><h5 class='av-share-link-description av-no-toc '>Compartir esta noticia<\/h5><ul class='av-share-box-list noLightbox'><li class='av-share-link av-social-link-facebook' ><a target=\"_blank\" aria-label=\"Compartir en Facebook\" href='https:\/\/www.facebook.com\/sharer.php?u=https:\/\/radiorevelacionfm.cl\/?p=14164&#038;t=Ministro%20Sergio%20Mora%20Vallejos%20asume%20presidencia%20de%20la%20Corte%20de%20Apelaciones%20de%20Coyhaique' aria-hidden='false' data-av_icon='\ue8f3' data-av_iconfont='entypo-fontello' title='' data-avia-related-tooltip='Compartir en Facebook' rel=\"noopener\"><span class='avia_hidden_link_text'>Compartir en Facebook<\/span><\/a><\/li><li class='av-share-link av-social-link-twitter' ><a target=\"_blank\" aria-label=\"Compartir en Twitter\" href='https:\/\/twitter.com\/share?text=Ministro%20Sergio%20Mora%20Vallejos%20asume%20presidencia%20de%20la%20Corte%20de%20Apelaciones%20de%20Coyhaique&#038;url=https:\/\/radiorevelacionfm.cl\/?p=14164' aria-hidden='false' data-av_icon='\ue8f1' data-av_iconfont='entypo-fontello' title='' data-avia-related-tooltip='Compartir en Twitter' rel=\"noopener\"><span class='avia_hidden_link_text'>Compartir en Twitter<\/span><\/a><\/li><li class='av-share-link av-social-link-whatsapp' ><a target=\"_blank\" aria-label=\"Compartir en Whatsapp\" href='https:\/\/api.whatsapp.com\/send?text=https:\/\/radiorevelacionfm.cl\/?p=14164' aria-hidden='false' data-av_icon='\uf232' data-av_iconfont='entypo-fontello' title='' data-avia-related-tooltip='Compartir en Whatsapp' rel=\"noopener\"><span class='avia_hidden_link_text'>Compartir en Whatsapp<\/span><\/a><\/li><li class='av-share-link av-social-link-linkedin' ><a target=\"_blank\" aria-label=\"Compartir en LinkedIn\" href='https:\/\/linkedin.com\/shareArticle?mini=true&#038;title=Ministro%20Sergio%20Mora%20Vallejos%20asume%20presidencia%20de%20la%20Corte%20de%20Apelaciones%20de%20Coyhaique&#038;url=https:\/\/radiorevelacionfm.cl\/?p=14164' aria-hidden='false' data-av_icon='\ue8fc' data-av_iconfont='entypo-fontello' title='' data-avia-related-tooltip='Compartir en LinkedIn' rel=\"noopener\"><span class='avia_hidden_link_text'>Compartir en LinkedIn<\/span><\/a><\/li><li class='av-share-link av-social-link-mail' ><a  aria-label=\"Compartir por correo\" href='mailto:?subject=Ministro%20Sergio%20Mora%20Vallejos%20asume%20presidencia%20de%20la%20Corte%20de%20Apelaciones%20de%20Coyhaique&#038;body=https:\/\/radiorevelacionfm.cl\/?p=14164' aria-hidden='false' data-av_icon='\ue805' data-av_iconfont='entypo-fontello' title='' data-avia-related-tooltip='Compartir por correo'><span class='avia_hidden_link_text'>Compartir por correo<\/span><\/a><\/li><\/ul><\/div><\/div>\n<div  style='height:50px' class='hr hr-invisible   avia-builder-el-8  el_after_av_social_share  el_before_av_comments_list '><span class='hr-inner ' ><span class='hr-inner-style'><\/span><\/span><\/div>\n<div  class='av-buildercomment  av-blog-meta-html-info-disabled av-blog-meta-tag-disabled  '><\/div>\n","protected":false},"excerpt":{"rendered":"","protected":false},"author":1,"featured_media":14165,"comment_status":"open","ping_status":"open","sticky":false,"template":"","format":"standard","meta":{"footnotes":""},"categories":[55],"tags":[],"class_list":["post-14164","post","type-post","status-publish","format-standard","has-post-thumbnail","hentry","category-justicia"],"jetpack_featured_media_url":"https:\/\/radiorevelacionfm.cl\/wp-content\/uploads\/2022\/03\/image-23_optimized.jpg","_links":{"self":[{"href":"https:\/\/radiorevelacionfm.cl\/index.php?rest_route=\/wp\/v2\/posts\/14164","targetHints":{"allow":["GET"]}}],"collection":[{"href":"https:\/\/radiorevelacionfm.cl\/index.php?rest_route=\/wp\/v2\/posts"}],"about":[{"href":"https:\/\/radiorevelacionfm.cl\/index.php?rest_route=\/wp\/v2\/types\/post"}],"author":[{"embeddable":true,"href":"https:\/\/radiorevelacionfm.cl\/index.php?rest_route=\/wp\/v2\/users\/1"}],"replies":[{"embeddable":true,"href":"https:\/\/radiorevelacionfm.cl\/index.php?rest_route=%2Fwp%2Fv2%2Fcomments&post=14164"}],"version-history":[{"count":2,"href":"https:\/\/radiorevelacionfm.cl\/index.php?rest_route=\/wp\/v2\/posts\/14164\/revisions"}],"predecessor-version":[{"id":14173,"href":"https:\/\/radiorevelacionfm.cl\/index.php?rest_route=\/wp\/v2\/posts\/14164\/revisions\/14173"}],"wp:featuredmedia":[{"embeddable":true,"href":"https:\/\/radiorevelacionfm.cl\/index.php?rest_route=\/wp\/v2\/media\/14165"}],"wp:attachment":[{"href":"https:\/\/radiorevelacionfm.cl\/index.php?rest_route=%2Fwp%2Fv2%2Fmedia&parent=14164"}],"wp:term":[{"taxonomy":"category","embeddable":true,"href":"https:\/\/radiorevelacionfm.cl\/index.php?rest_route=%2Fwp%2Fv2%2Fcategories&post=14164"},{"taxonomy":"post_tag","embeddable":true,"href":"https:\/\/radiorevelacionfm.cl\/index.php?rest_route=%2Fwp%2Fv2%2Ftags&post=14164"}],"curies":[{"name":"wp","href":"https:\/\/api.w.org\/{rel}","templated":true}]}}