{"id":14160,"date":"2022-03-01T18:03:34","date_gmt":"2022-03-01T21:03:34","guid":{"rendered":"https:\/\/radiorevelacionfm.cl\/?p=14160"},"modified":"2022-03-01T18:05:53","modified_gmt":"2022-03-01T21:05:53","slug":"alinco-critico-lento-actuar-de-la-primera-autoridad-regional-que-la-gobernadora-asuma-un-papel-mas-activo-ante-los-problemas-de-nuestra-gente","status":"publish","type":"post","link":"https:\/\/radiorevelacionfm.cl\/?p=14160","title":{"rendered":"Alinco critic\u00f3 lento actuar de la primera autoridad regional \u201cQue la gobernadora asuma un papel m\u00e1s activo ante los problemas de nuestra gente\u201d"},"content":{"rendered":"<div class=\"flex_column av_one_full  flex_column_div av-zero-column-padding first  avia-builder-el-0  el_before_av_one_full  avia-builder-el-first  \" style='border-radius:0px; '><div  class='avia-image-container  av-styling-    avia-builder-el-1  avia-builder-el-no-sibling  avia-align-center '  itemprop=\"image\" itemscope=\"itemscope\" itemtype=\"https:\/\/schema.org\/ImageObject\"  ><div class='avia-image-container-inner'><div class='avia-image-overlay-wrap'><img decoding=\"async\" class='wp-image-12484 avia-img-lazy-loading-not-12484 avia_image' src=\"https:\/\/radiorevelacionfm.cl\/wp-content\/uploads\/2022\/01\/diputado-Alinco.jpeg\" alt='' title='diputado Alinco' height=\"600\" width=\"800\"  itemprop=\"thumbnailUrl\" srcset=\"https:\/\/radiorevelacionfm.cl\/wp-content\/uploads\/2022\/01\/diputado-Alinco.jpeg 800w, https:\/\/radiorevelacionfm.cl\/wp-content\/uploads\/2022\/01\/diputado-Alinco-300x225.jpeg 300w, https:\/\/radiorevelacionfm.cl\/wp-content\/uploads\/2022\/01\/diputado-Alinco-768x576.jpeg 768w, https:\/\/radiorevelacionfm.cl\/wp-content\/uploads\/2022\/01\/diputado-Alinco-705x529.jpeg 705w, https:\/\/radiorevelacionfm.cl\/wp-content\/uploads\/2022\/01\/diputado-Alinco-600x450.jpeg 600w\" sizes=\"(max-width: 800px) 100vw, 800px\" \/><\/div><\/div><\/div><\/div>\n<div class=\"flex_column av_one_full  flex_column_div av-zero-column-padding first  avia-builder-el-2  el_after_av_one_full  el_before_av_one_full  column-top-margin\" style='border-radius:0px; '><section class=\"av_textblock_section \"  itemscope=\"itemscope\" itemtype=\"https:\/\/schema.org\/BlogPosting\" itemprop=\"blogPost\" ><div class='avia_textblock  '   itemprop=\"text\" ><p style=\"text-align: center;\"><strong><span style=\"font-size: 18pt;\">Alinco critic\u00f3 lento actuar de la primera autoridad regional \u201cQue la gobernadora asuma un papel m\u00e1s activo ante los problemas de nuestra gente\u201d<\/span><\/strong><\/p>\n<div id=\"gtx-trans\" style=\"position: absolute; left: -50px; top: 4.31534px;\">\n<div class=\"gtx-trans-icon\"><\/div>\n<\/div>\n<\/div><\/section><\/div>\n<div class=\"flex_column av_one_full  flex_column_div av-zero-column-padding first  avia-builder-el-4  el_after_av_one_full  el_before_av_hr  column-top-margin\" style='border-radius:0px; '><section class=\"av_textblock_section \"  itemscope=\"itemscope\" itemtype=\"https:\/\/schema.org\/BlogPosting\" itemprop=\"blogPost\" ><div class='avia_textblock  '   itemprop=\"text\" ><p style=\"text-align: justify;\">El parlamentario critic\u00f3 lento actuar de la primera autoridad regional frente a problemas regionales como la falla en conectividad en Chile Chico y lo que sucede ahora en Puerto Ra\u00fal Mar\u00edn Balmaceda.<\/p>\n<p style=\"text-align: justify;\">Tras una pausa en la jornada de inicio de la labor parlamentaria, el diputado Ren\u00e9 Alinco Bustos se refiri\u00f3 a los problemas que afectan a la regi\u00f3n, uno de ellos, la conectividad en el lago General Carrera y lo que afrontan hoy los vecinos de la localidad Puerto Ra\u00fal Mar\u00edn Balmaceda perteneciente a la comuna de Cisnes, quienes llevan m\u00e1s de una semana sin suministro el\u00e9ctrico constante.<\/p>\n<p style=\"text-align: justify;\">En ese contexto, el parlamentario tuvo palabras para la gobernadora regional, Andrea Mac\u00edas, se\u00f1alando que \u201cme sumo a lo mencionado por el diputado Calisto, pues desde hace un tiempo vengo exigiendo que la Gobernadora Regional asuma un papel m\u00e1s activo ante los problemas de nuestra gente y no se convierta en una mera espectadora, exigiendo a los dem\u00e1s lo que ella debe hacer\u201d, sostuvo respecto del lento actuar de la autoridad.<\/p>\n<p style=\"text-align: justify;\">En la misma l\u00ednea, Alinco a\u00f1adi\u00f3 \u201clo dije cuando ocurri\u00f3 el desastre del lago General Carrera en agosto de 2021, aun sin soluci\u00f3n, y la Sra. gobernadora sac\u00f3 la voz cuando ella se vio afectada por la falta de barcaza, reci\u00e9n en enero de este a\u00f1o\u2026y desde la comodidad de una caba\u00f1a pagada por todos nosotros hizo un tibio llamado a las autoridades, siempre eso s\u00ed, margin\u00e1ndose del problema\u201d.<\/p>\n<p style=\"text-align: justify;\">Sobre la problem\u00e1tica que se vive en Mar\u00edn Balmaceda, el diputado hizo hincapi\u00e9 en que la autoridad cuenta con un 2 % de recursos libre para actuar en este tipo de emergencias, se\u00f1alando que \u201cas\u00ed como ha tenido recursos para comprar cama baja a municipalidades o entregar camionetas puede comprar un generador y disponer su traslado inmediato a Ra\u00fal Mar\u00edn Balmaceda, usted tiene un 2% de libre disposici\u00f3n, \u00faselo\u201d, dijo el parlamentario.<\/p>\n<p style=\"text-align: justify;\">Finalmente, sostuvo que los vecinos cuentan \u201ccon toda mi disposici\u00f3n a trabajar en conjunto\u201d, en tanto, espera que la gobernadora trabaje \u201cdesde su propia acci\u00f3n, no esperando que solo los parlamentarios act\u00faen\u201d, concluy\u00f3.<\/p>\n<\/div><\/section><\/div><div  style='height:50px' class='hr hr-invisible   avia-builder-el-6  el_after_av_one_full  el_before_av_social_share '><span class='hr-inner ' ><span class='hr-inner-style'><\/span><\/span><\/div><\/p>\n<div  class='av-social-sharing-box  avia-builder-el-7  el_after_av_hr  el_before_av_hr  '><div class='av-share-box'><h5 class='av-share-link-description av-no-toc '>Compartir esta noticia<\/h5><ul class='av-share-box-list noLightbox'><li class='av-share-link av-social-link-facebook' ><a target=\"_blank\" aria-label=\"Compartir en Facebook\" href='https:\/\/www.facebook.com\/sharer.php?u=https:\/\/radiorevelacionfm.cl\/?p=14160&#038;t=Alinco%20critic%C3%B3%20lento%20actuar%20de%20la%20primera%20autoridad%20regional%20%E2%80%9CQue%20la%20gobernadora%20asuma%20un%20papel%20m%C3%A1s%20activo%20ante%20los%20problemas%20de%20nuestra%20gente%E2%80%9D' aria-hidden='false' data-av_icon='\ue8f3' data-av_iconfont='entypo-fontello' title='' data-avia-related-tooltip='Compartir en Facebook' rel=\"noopener\"><span class='avia_hidden_link_text'>Compartir en Facebook<\/span><\/a><\/li><li class='av-share-link av-social-link-twitter' ><a target=\"_blank\" aria-label=\"Compartir en Twitter\" href='https:\/\/twitter.com\/share?text=Alinco%20critic%C3%B3%20lento%20actuar%20de%20la%20primera%20autoridad%20regional%20%E2%80%9CQue%20la%20gobernadora%20asuma%20un%20papel%20m%C3%A1s%20activo%20ante%20los%20problemas%20de%20nuestra%20gente%E2%80%9D&#038;url=https:\/\/radiorevelacionfm.cl\/?p=14160' aria-hidden='false' data-av_icon='\ue8f1' data-av_iconfont='entypo-fontello' title='' data-avia-related-tooltip='Compartir en Twitter' rel=\"noopener\"><span class='avia_hidden_link_text'>Compartir en Twitter<\/span><\/a><\/li><li class='av-share-link av-social-link-whatsapp' ><a target=\"_blank\" aria-label=\"Compartir en Whatsapp\" href='https:\/\/api.whatsapp.com\/send?text=https:\/\/radiorevelacionfm.cl\/?p=14160' aria-hidden='false' data-av_icon='\uf232' data-av_iconfont='entypo-fontello' title='' data-avia-related-tooltip='Compartir en Whatsapp' rel=\"noopener\"><span class='avia_hidden_link_text'>Compartir en Whatsapp<\/span><\/a><\/li><li class='av-share-link av-social-link-linkedin' ><a target=\"_blank\" aria-label=\"Compartir en LinkedIn\" href='https:\/\/linkedin.com\/shareArticle?mini=true&#038;title=Alinco%20critic%C3%B3%20lento%20actuar%20de%20la%20primera%20autoridad%20regional%20%E2%80%9CQue%20la%20gobernadora%20asuma%20un%20papel%20m%C3%A1s%20activo%20ante%20los%20problemas%20de%20nuestra%20gente%E2%80%9D&#038;url=https:\/\/radiorevelacionfm.cl\/?p=14160' aria-hidden='false' data-av_icon='\ue8fc' data-av_iconfont='entypo-fontello' title='' data-avia-related-tooltip='Compartir en LinkedIn' rel=\"noopener\"><span class='avia_hidden_link_text'>Compartir en LinkedIn<\/span><\/a><\/li><li class='av-share-link av-social-link-mail' ><a  aria-label=\"Compartir por correo\" href='mailto:?subject=Alinco%20critic%C3%B3%20lento%20actuar%20de%20la%20primera%20autoridad%20regional%20%E2%80%9CQue%20la%20gobernadora%20asuma%20un%20papel%20m%C3%A1s%20activo%20ante%20los%20problemas%20de%20nuestra%20gente%E2%80%9D&#038;body=https:\/\/radiorevelacionfm.cl\/?p=14160' aria-hidden='false' data-av_icon='\ue805' data-av_iconfont='entypo-fontello' title='' data-avia-related-tooltip='Compartir por correo'><span class='avia_hidden_link_text'>Compartir por correo<\/span><\/a><\/li><\/ul><\/div><\/div>\n<div  style='height:50px' class='hr hr-invisible   avia-builder-el-8  el_after_av_social_share  el_before_av_comments_list '><span class='hr-inner ' ><span class='hr-inner-style'><\/span><\/span><\/div>\n<div  class='av-buildercomment  av-blog-meta-html-info-disabled av-blog-meta-tag-disabled  '><\/div>\n","protected":false},"excerpt":{"rendered":"","protected":false},"author":1,"featured_media":12484,"comment_status":"open","ping_status":"open","sticky":false,"template":"","format":"standard","meta":{"footnotes":""},"categories":[35],"tags":[],"class_list":["post-14160","post","type-post","status-publish","format-standard","has-post-thumbnail","hentry","category-politica"],"jetpack_featured_media_url":"https:\/\/radiorevelacionfm.cl\/wp-content\/uploads\/2022\/01\/diputado-Alinco.jpeg","_links":{"self":[{"href":"https:\/\/radiorevelacionfm.cl\/index.php?rest_route=\/wp\/v2\/posts\/14160","targetHints":{"allow":["GET"]}}],"collection":[{"href":"https:\/\/radiorevelacionfm.cl\/index.php?rest_route=\/wp\/v2\/posts"}],"about":[{"href":"https:\/\/radiorevelacionfm.cl\/index.php?rest_route=\/wp\/v2\/types\/post"}],"author":[{"embeddable":true,"href":"https:\/\/radiorevelacionfm.cl\/index.php?rest_route=\/wp\/v2\/users\/1"}],"replies":[{"embeddable":true,"href":"https:\/\/radiorevelacionfm.cl\/index.php?rest_route=%2Fwp%2Fv2%2Fcomments&post=14160"}],"version-history":[{"count":3,"href":"https:\/\/radiorevelacionfm.cl\/index.php?rest_route=\/wp\/v2\/posts\/14160\/revisions"}],"predecessor-version":[{"id":14162,"href":"https:\/\/radiorevelacionfm.cl\/index.php?rest_route=\/wp\/v2\/posts\/14160\/revisions\/14162"}],"wp:featuredmedia":[{"embeddable":true,"href":"https:\/\/radiorevelacionfm.cl\/index.php?rest_route=\/wp\/v2\/media\/12484"}],"wp:attachment":[{"href":"https:\/\/radiorevelacionfm.cl\/index.php?rest_route=%2Fwp%2Fv2%2Fmedia&parent=14160"}],"wp:term":[{"taxonomy":"category","embeddable":true,"href":"https:\/\/radiorevelacionfm.cl\/index.php?rest_route=%2Fwp%2Fv2%2Fcategories&post=14160"},{"taxonomy":"post_tag","embeddable":true,"href":"https:\/\/radiorevelacionfm.cl\/index.php?rest_route=%2Fwp%2Fv2%2Ftags&post=14160"}],"curies":[{"name":"wp","href":"https:\/\/api.w.org\/{rel}","templated":true}]}}