{"id":14156,"date":"2022-03-01T17:44:40","date_gmt":"2022-03-01T20:44:40","guid":{"rendered":"https:\/\/radiorevelacionfm.cl\/?p=14156"},"modified":"2022-03-01T17:44:40","modified_gmt":"2022-03-01T20:44:40","slug":"ejercito-inicio-proceso-de-seleccion-en-la-region-de-aysen-del-contingente-ano-2022","status":"publish","type":"post","link":"https:\/\/radiorevelacionfm.cl\/?p=14156","title":{"rendered":"Ej\u00e9rcito inici\u00f3 proceso de selecci\u00f3n en la regi\u00f3n de Ays\u00e9n del contingente a\u00f1o 2022"},"content":{"rendered":"<div class=\"flex_column av_one_full  flex_column_div av-zero-column-padding first  avia-builder-el-0  el_before_av_one_full  avia-builder-el-first  \" style='border-radius:0px; '><div  class='avia-image-container  av-styling-    avia-builder-el-1  avia-builder-el-no-sibling  avia-align-center '  itemprop=\"image\" itemscope=\"itemscope\" itemtype=\"https:\/\/schema.org\/ImageObject\"  ><div class='avia-image-container-inner'><div class='avia-image-overlay-wrap'><img decoding=\"async\" class='wp-image-14157 avia-img-lazy-loading-not-14157 avia_image' src=\"https:\/\/radiorevelacionfm.cl\/wp-content\/uploads\/2022\/03\/Ejercito-proceso-seleccion-1-1.jpg\" alt='' title='Ejercito proceso seleccion (1) (1)' height=\"600\" width=\"995\"  itemprop=\"thumbnailUrl\" srcset=\"https:\/\/radiorevelacionfm.cl\/wp-content\/uploads\/2022\/03\/Ejercito-proceso-seleccion-1-1.jpg 995w, https:\/\/radiorevelacionfm.cl\/wp-content\/uploads\/2022\/03\/Ejercito-proceso-seleccion-1-1-300x181.jpg 300w, https:\/\/radiorevelacionfm.cl\/wp-content\/uploads\/2022\/03\/Ejercito-proceso-seleccion-1-1-768x463.jpg 768w, https:\/\/radiorevelacionfm.cl\/wp-content\/uploads\/2022\/03\/Ejercito-proceso-seleccion-1-1-705x425.jpg 705w, https:\/\/radiorevelacionfm.cl\/wp-content\/uploads\/2022\/03\/Ejercito-proceso-seleccion-1-1-600x362.jpg 600w\" sizes=\"(max-width: 995px) 100vw, 995px\" \/><\/div><\/div><\/div><\/div><div class=\"flex_column av_one_full  flex_column_div av-zero-column-padding first  avia-builder-el-2  el_after_av_one_full  el_before_av_one_full  column-top-margin\" style='border-radius:0px; '><section class=\"av_textblock_section \"  itemscope=\"itemscope\" itemtype=\"https:\/\/schema.org\/BlogPosting\" itemprop=\"blogPost\" ><div class='avia_textblock  '   itemprop=\"text\" ><p style=\"text-align: center;\"><strong><span style=\"font-size: 18pt;\">Ej\u00e9rcito inici\u00f3 proceso de selecci\u00f3n en la regi\u00f3n de Ays\u00e9n del contingente a\u00f1o 2022 <\/span><\/strong><\/p>\n<div id=\"gtx-trans\" style=\"position: absolute; left: -50px; top: 4.31534px;\">\n<div class=\"gtx-trans-icon\"><\/div>\n<\/div>\n<\/div><\/section><\/div><div class=\"flex_column av_one_full  flex_column_div av-zero-column-padding first  avia-builder-el-4  el_after_av_one_full  el_before_av_hr  column-top-margin\" style='border-radius:0px; '><section class=\"av_textblock_section \"  itemscope=\"itemscope\" itemtype=\"https:\/\/schema.org\/BlogPosting\" itemprop=\"blogPost\" ><div class='avia_textblock  '   itemprop=\"text\" ><div>\n<p style=\"text-align: justify;\">En dependencias del Campo Militar \u201cCoyhaique\u201d y tomando todos los resguardos sanitarios para prevenir el contagio del COVID-19, esta\u00a0 semana las\u00a0Unidades Bases de Selecci\u00f3n pertenecientes a la Guarnici\u00f3n Militar de \u201cCoyhaique\u201d, dieron inicio al proceso de selecci\u00f3n del contingente correspondiente al per\u00edodo 2022.<\/p>\n<p style=\"text-align: justify;\">En tal sentido, este martes 01 de marzo con la presentaci\u00f3n de los j\u00f3venes voluntarios comenz\u00f3 la selecci\u00f3n del contingente, para posteriormente presentarse el d\u00eda mi\u00e9rcoles 02 de marzo, quienes fueron llamados a cumplir con su deber c\u00edvico. Por otra parte, las mujeres quienes realizan de forma voluntaria el servicio militar, deben presentarse el d\u00eda 03 de marzo a contar de las 08:00 hrs.<\/p>\n<p style=\"text-align: justify;\">En el caso de la Guarnici\u00f3n Militar de Puerto Ays\u00e9n, la selecci\u00f3n se llevar\u00e1 a cabo en el Regimiento N\u00b08 \u201cChilo\u00e9, el d\u00eda viernes 04 de marzo inici\u00e1ndose as\u00ed este proceso regular, en el cual se proceder\u00e1 a la revisi\u00f3n de los antecedentes personales, m\u00e9dicos, dentales y sociales, adem\u00e1s de un test sicol\u00f3gico a los j\u00f3venes, el cual se aplica desde el a\u00f1o 2019, con el objetivo de contar con personalidades cl\u00ednicas y conductuales compatibles con la vida militar.<\/p>\n<p style=\"text-align: justify;\">Cabe destacar que el Servicio Militar ofrece una serie de beneficios, tales como la nivelaci\u00f3n de estudios, capacitaci\u00f3n laboral a trav\u00e9s de cursos SENCE y su proyecci\u00f3n en la carrera militar, ya sea como Soldado de Tropa Profesional o bien postular a las diferentes Escuelas Matrices, informaci\u00f3n que se puede obtener en la p\u00e1gina <a href=\"http:\/\/www.serviciomilitar.cl\/\">www.serviciomilitar.cl<\/a>.<\/p>\n<p style=\"text-align: justify;\">Finalizando esta fase, se conformar\u00e1 la base de selecci\u00f3n definitiva asignada a la zona para este a\u00f1o, sumada con los j\u00f3venes que provienen de otras zonas del pa\u00eds, para cumplir con su obligaci\u00f3n ciudadana en la regi\u00f3n de Ays\u00e9n.<\/p>\n<p style=\"text-align: justify;\">\n<\/div>\n<\/div><\/section><\/div><div  style='height:50px' class='hr hr-invisible   avia-builder-el-6  el_after_av_one_full  el_before_av_social_share '><span class='hr-inner ' ><span class='hr-inner-style'><\/span><\/span><\/div><\/p>\n<div  class='av-social-sharing-box  avia-builder-el-7  el_after_av_hr  el_before_av_hr  '><div class='av-share-box'><h5 class='av-share-link-description av-no-toc '>Compartir esta noticia<\/h5><ul class='av-share-box-list noLightbox'><li class='av-share-link av-social-link-facebook' ><a target=\"_blank\" aria-label=\"Compartir en Facebook\" href='https:\/\/www.facebook.com\/sharer.php?u=https:\/\/radiorevelacionfm.cl\/?p=14156&#038;t=Ej%C3%A9rcito%20inici%C3%B3%20proceso%20de%20selecci%C3%B3n%20en%20la%20regi%C3%B3n%20de%20Ays%C3%A9n%20del%20contingente%20a%C3%B1o%202022' aria-hidden='false' data-av_icon='\ue8f3' data-av_iconfont='entypo-fontello' title='' data-avia-related-tooltip='Compartir en Facebook' rel=\"noopener\"><span class='avia_hidden_link_text'>Compartir en Facebook<\/span><\/a><\/li><li class='av-share-link av-social-link-twitter' ><a target=\"_blank\" aria-label=\"Compartir en Twitter\" href='https:\/\/twitter.com\/share?text=Ej%C3%A9rcito%20inici%C3%B3%20proceso%20de%20selecci%C3%B3n%20en%20la%20regi%C3%B3n%20de%20Ays%C3%A9n%20del%20contingente%20a%C3%B1o%202022&#038;url=https:\/\/radiorevelacionfm.cl\/?p=14156' aria-hidden='false' data-av_icon='\ue8f1' data-av_iconfont='entypo-fontello' title='' data-avia-related-tooltip='Compartir en Twitter' rel=\"noopener\"><span class='avia_hidden_link_text'>Compartir en Twitter<\/span><\/a><\/li><li class='av-share-link av-social-link-whatsapp' ><a target=\"_blank\" aria-label=\"Compartir en Whatsapp\" href='https:\/\/api.whatsapp.com\/send?text=https:\/\/radiorevelacionfm.cl\/?p=14156' aria-hidden='false' data-av_icon='\uf232' data-av_iconfont='entypo-fontello' title='' data-avia-related-tooltip='Compartir en Whatsapp' rel=\"noopener\"><span class='avia_hidden_link_text'>Compartir en Whatsapp<\/span><\/a><\/li><li class='av-share-link av-social-link-linkedin' ><a target=\"_blank\" aria-label=\"Compartir en LinkedIn\" href='https:\/\/linkedin.com\/shareArticle?mini=true&#038;title=Ej%C3%A9rcito%20inici%C3%B3%20proceso%20de%20selecci%C3%B3n%20en%20la%20regi%C3%B3n%20de%20Ays%C3%A9n%20del%20contingente%20a%C3%B1o%202022&#038;url=https:\/\/radiorevelacionfm.cl\/?p=14156' aria-hidden='false' data-av_icon='\ue8fc' data-av_iconfont='entypo-fontello' title='' data-avia-related-tooltip='Compartir en LinkedIn' rel=\"noopener\"><span class='avia_hidden_link_text'>Compartir en LinkedIn<\/span><\/a><\/li><li class='av-share-link av-social-link-mail' ><a  aria-label=\"Compartir por correo\" href='mailto:?subject=Ej%C3%A9rcito%20inici%C3%B3%20proceso%20de%20selecci%C3%B3n%20en%20la%20regi%C3%B3n%20de%20Ays%C3%A9n%20del%20contingente%20a%C3%B1o%202022&#038;body=https:\/\/radiorevelacionfm.cl\/?p=14156' aria-hidden='false' data-av_icon='\ue805' data-av_iconfont='entypo-fontello' title='' data-avia-related-tooltip='Compartir por correo'><span class='avia_hidden_link_text'>Compartir por correo<\/span><\/a><\/li><\/ul><\/div><\/div>\n<div  style='height:50px' class='hr hr-invisible   avia-builder-el-8  el_after_av_social_share  el_before_av_comments_list '><span class='hr-inner ' ><span class='hr-inner-style'><\/span><\/span><\/div>\n<div  class='av-buildercomment  av-blog-meta-html-info-disabled av-blog-meta-tag-disabled  '><\/div>\n","protected":false},"excerpt":{"rendered":"","protected":false},"author":1,"featured_media":14157,"comment_status":"open","ping_status":"open","sticky":false,"template":"","format":"standard","meta":{"footnotes":""},"categories":[38],"tags":[],"class_list":["post-14156","post","type-post","status-publish","format-standard","has-post-thumbnail","hentry","category-regional"],"jetpack_featured_media_url":"https:\/\/radiorevelacionfm.cl\/wp-content\/uploads\/2022\/03\/Ejercito-proceso-seleccion-1-1.jpg","_links":{"self":[{"href":"https:\/\/radiorevelacionfm.cl\/index.php?rest_route=\/wp\/v2\/posts\/14156","targetHints":{"allow":["GET"]}}],"collection":[{"href":"https:\/\/radiorevelacionfm.cl\/index.php?rest_route=\/wp\/v2\/posts"}],"about":[{"href":"https:\/\/radiorevelacionfm.cl\/index.php?rest_route=\/wp\/v2\/types\/post"}],"author":[{"embeddable":true,"href":"https:\/\/radiorevelacionfm.cl\/index.php?rest_route=\/wp\/v2\/users\/1"}],"replies":[{"embeddable":true,"href":"https:\/\/radiorevelacionfm.cl\/index.php?rest_route=%2Fwp%2Fv2%2Fcomments&post=14156"}],"version-history":[{"count":2,"href":"https:\/\/radiorevelacionfm.cl\/index.php?rest_route=\/wp\/v2\/posts\/14156\/revisions"}],"predecessor-version":[{"id":14159,"href":"https:\/\/radiorevelacionfm.cl\/index.php?rest_route=\/wp\/v2\/posts\/14156\/revisions\/14159"}],"wp:featuredmedia":[{"embeddable":true,"href":"https:\/\/radiorevelacionfm.cl\/index.php?rest_route=\/wp\/v2\/media\/14157"}],"wp:attachment":[{"href":"https:\/\/radiorevelacionfm.cl\/index.php?rest_route=%2Fwp%2Fv2%2Fmedia&parent=14156"}],"wp:term":[{"taxonomy":"category","embeddable":true,"href":"https:\/\/radiorevelacionfm.cl\/index.php?rest_route=%2Fwp%2Fv2%2Fcategories&post=14156"},{"taxonomy":"post_tag","embeddable":true,"href":"https:\/\/radiorevelacionfm.cl\/index.php?rest_route=%2Fwp%2Fv2%2Ftags&post=14156"}],"curies":[{"name":"wp","href":"https:\/\/api.w.org\/{rel}","templated":true}]}}