{"id":14151,"date":"2022-03-01T16:57:09","date_gmt":"2022-03-01T19:57:09","guid":{"rendered":"https:\/\/radiorevelacionfm.cl\/?p=14151"},"modified":"2022-03-01T16:57:09","modified_gmt":"2022-03-01T19:57:09","slug":"seremi-carlos-pacheco-debemos-seguir-trabajando-para-recuperar-los-puestos-destruidos-por-la-pandemia","status":"publish","type":"post","link":"https:\/\/radiorevelacionfm.cl\/?p=14151","title":{"rendered":"Seremi Carlos Pacheco: \u201cdebemos seguir trabajando para recuperar los puestos destruidos por la pandemia\u201d"},"content":{"rendered":"<div class=\"flex_column av_one_full  flex_column_div av-zero-column-padding first  avia-builder-el-0  el_before_av_one_full  avia-builder-el-first  \" style='border-radius:0px; '><div  class='avia-image-container  av-styling-    avia-builder-el-1  avia-builder-el-no-sibling  avia-align-center '  itemprop=\"image\" itemscope=\"itemscope\" itemtype=\"https:\/\/schema.org\/ImageObject\"  ><div class='avia-image-container-inner'><div class='avia-image-overlay-wrap'><img decoding=\"async\" class='wp-image-14152 avia-img-lazy-loading-not-14152 avia_image' src=\"https:\/\/radiorevelacionfm.cl\/wp-content\/uploads\/2022\/03\/Seremi-Economia1-1-1.jpg\" alt='' title='Seremi Economia1 (1) (1)' height=\"600\" width=\"946\"  itemprop=\"thumbnailUrl\" srcset=\"https:\/\/radiorevelacionfm.cl\/wp-content\/uploads\/2022\/03\/Seremi-Economia1-1-1.jpg 946w, https:\/\/radiorevelacionfm.cl\/wp-content\/uploads\/2022\/03\/Seremi-Economia1-1-1-300x190.jpg 300w, https:\/\/radiorevelacionfm.cl\/wp-content\/uploads\/2022\/03\/Seremi-Economia1-1-1-768x487.jpg 768w, https:\/\/radiorevelacionfm.cl\/wp-content\/uploads\/2022\/03\/Seremi-Economia1-1-1-705x447.jpg 705w, https:\/\/radiorevelacionfm.cl\/wp-content\/uploads\/2022\/03\/Seremi-Economia1-1-1-600x381.jpg 600w\" sizes=\"(max-width: 946px) 100vw, 946px\" \/><\/div><\/div><\/div><\/div><div class=\"flex_column av_one_full  flex_column_div av-zero-column-padding first  avia-builder-el-2  el_after_av_one_full  el_before_av_one_full  column-top-margin\" style='border-radius:0px; '><section class=\"av_textblock_section \"  itemscope=\"itemscope\" itemtype=\"https:\/\/schema.org\/BlogPosting\" itemprop=\"blogPost\" ><div class='avia_textblock  '   itemprop=\"text\" ><p style=\"text-align: center;\"><span style=\"font-size: 18pt;\"><b><span lang=\"ES\">Seremi Carlos Pacheco: \u201cdebemos seguir trabajando para recuperar los puestos destruidos por la pandemia\u201d<\/span><\/b><\/span><\/p>\n<div id=\"gtx-trans\" style=\"position: absolute; left: -50px; top: 4.31534px;\">\n<div class=\"gtx-trans-icon\"><\/div>\n<\/div>\n<\/div><\/section><\/div><div class=\"flex_column av_one_full  flex_column_div av-zero-column-padding first  avia-builder-el-4  el_after_av_one_full  el_before_av_hr  column-top-margin\" style='border-radius:0px; '><section class=\"av_textblock_section \"  itemscope=\"itemscope\" itemtype=\"https:\/\/schema.org\/BlogPosting\" itemprop=\"blogPost\" ><div class='avia_textblock  '   itemprop=\"text\" ><p style=\"font-weight: 400; text-align: justify;\">A pocos d\u00edas de completar el periodo como Secretario Regional Ministerial de Econom\u00eda en la regi\u00f3n, Carlos Pacheco Toledo realiz\u00f3 un balance de lo gestionado por su cartera y los servicios asociados al Ministerio en Ays\u00e9n.<\/p>\n<p style=\"font-weight: 400; text-align: justify;\">Al respecto inici\u00f3 su an\u00e1lisis recordando algunos hitos logrados como la creaci\u00f3n del PTI del Salm\u00f3n, acuerdo logrado entre la Intendencia regional, el Ministerio de Econom\u00eda y la Presidencia del gremio Salm\u00f3n Chile.<\/p>\n<p style=\"font-weight: 400; text-align: justify;\">Adem\u00e1s, se\u00f1al\u00f3 las m\u00faltiples gestiones de apoyo, orientaci\u00f3n y seguimiento para la creaci\u00f3n de Asociaciones gremiales de los sectores: Belleza, gimnasios y fleteros en una \u00e9poca dif\u00edcil como lo fue al inicio de la pandemia.<\/p>\n<p style=\"font-weight: 400; text-align: justify;\">\u201cLo que sin duda marc\u00f3 el periodo en cuanto a las anormalidades vividas, fueron sin duda el estallido social del a\u00f1o 2019, donde el rubro del comercio en especial fue el principal afectado y con ello la p\u00e9rdida de locales abiertos y puestos de trabajo. A poco andar, en marzo del a\u00f1o 2020 y con la confirmaci\u00f3n del primer caso de coronavirus en la regi\u00f3n, se inici\u00f3 una \u00e9poca extensa de incertidumbre econ\u00f3mica provocada por la pandemia\u201d, agreg\u00f3 la autoridad.<\/p>\n<p style=\"font-weight: 400; text-align: justify;\">El Seremi Pacheco destaca las medidas m\u00e1s relevantes que se realizaron en esta \u00faltima etapa del Gobierno del Presidente Sebasti\u00e1n Pi\u00f1era en la regi\u00f3n en el marco de la crisis que acarre\u00f3 la pandemia. \u201cuna vez que se decret\u00f3 en el pa\u00eds el estado de excepci\u00f3n constitucional fuimos convocados por el Jefe de la Defensa Nacional para la Regi\u00f3n de Ays\u00e9n, el comandante Joaqu\u00edn Morales. Adoptamos en ese momento la coordinaci\u00f3n de abastecimiento regional de alimentos, medicamentos y combustibles, realizando un catastro de cadenas de distribuci\u00f3n y principales abastecedores\u201d.<\/p>\n<p style=\"font-weight: 400; text-align: justify;\">La autoridad agreg\u00f3 que \u201cse asign\u00f3 la recopilaci\u00f3n de informaci\u00f3n de manera sistem\u00e1tica en los siguientes grupos: distribuidores regionales, industria del salm\u00f3n, pesca artesanal y comercio local. Desde Sernatur se dividi\u00f3 territorialmente la ayuda para la coordinaci\u00f3n de flujos de abastecimientos seg\u00fan geolocalizaci\u00f3n. Otra de las gestiones realizadas desde la Seremi de Econom\u00eda fue la toma de ex\u00e1menes de parte de la Armada de Chile a trav\u00e9s de sus Capitan\u00edas de Puerto, para poder ampliar las posibilidades de navegaci\u00f3n de pescadores artesanales a peque\u00f1os marinos mercantes. Esto permiti\u00f3 la reconvenci\u00f3n de cerca de 80 personas de la provincia de Ays\u00e9n, especialmente de Puerto Ays\u00e9n, Puerto Aguirre, Gala y Puerto Gaviota\u201d.<\/p>\n<p style=\"font-weight: 400; text-align: justify;\">Estas gestiones se desarrollaron en la primera parte de la emergencia. Posteriormente y una vez que se inici\u00f3 el plan paso a paso y con ello la instauraci\u00f3n de las distintas etapas de cierre o apertura de las comunas y la exigencia del pase de movilidad entre otras medidas, el Ministerio de Econom\u00eda pas\u00f3 a la etapa de catastro de las Pymes que se vieron afectadas y el posterior apoyo entregado de manera concreta de parte de dos servicios claves como lo fue Sercotec y Corfo.<\/p>\n<p style=\"font-weight: 400; text-align: justify;\">Se ejecutaron m\u00faltiples programas de apoyo directo a los peque\u00f1os empresarios m\u00e1s afectados. Todo ello con recursos financieros regionales, donde el Gobierno regional y su consejo tuvieron un rol clave tanto para comprender la magnitud de la emergencia y con ello ampliar significativamente los montos para que desde Sercotec y Corfo lograran llegar con ayuda directa a los m\u00e1s afectados.<\/p>\n<p style=\"font-weight: 400; text-align: justify;\">Este trabajo se logr\u00f3 gracias al constante di\u00e1logo y reuniones sostenidas con los integrantes del Consejo regional y tambi\u00e9n con los gremios de los distintos rubros productivos de la regi\u00f3n, en especial del comercio, el turismo, la gastronom\u00eda y otros rubros como gimnasios y peluquer\u00edas, entre muchos otros.<\/p>\n<p style=\"font-weight: 400; text-align: justify;\">Adicional a eso quiero destacar que desde nuestro ministerio se ejecut\u00f3 el programa \u201cBono Pymes\u201d que consisti\u00f3 en entregar hasta 3 millones de pesos cuyos fondos fueron destinados a micro peque\u00f1os y medianos emprendimientos que benefici\u00f3 a m\u00e1s de 10 mil propietarios de las mas variadas actividades productivas y econ\u00f3micas de Ays\u00e9n.<\/p>\n<p style=\"font-weight: 400; text-align: justify;\">Finalmente, la autoridad indic\u00f3 que \u201cen ning\u00fan momento de la emergencia en pandemia la oficina de la Seremi cerr\u00f3, sino que todo lo contrario siempre estuvimos con el equipo en terreno, colaborando y acompa\u00f1ando a los emprendedores, a las Pymes y los gremios, asociaciones y toda entidad que hubiera requerido apoyo e informaci\u00f3n\u201d.<\/p>\n<p style=\"font-weight: 400; text-align: justify;\">El desaf\u00edo que viene culmin\u00f3 Pacheco \u201ces y ser\u00e1 hasta el \u00faltimo d\u00eda de mandato de este gobierno seguir en la senda de recuperar los puestos de trabajo y empleo destruidos por la extensa pandemia (ya 3 a\u00f1os) y en eso seguiremos trabajando para entregar este 11 de marzo una econom\u00eda en v\u00edas de recuperaci\u00f3n y sobre todo con proyecciones positivas de crecimiento tanto a nivel local como nacional\u201d, afirm\u00f3 el Seremi de la cartera de Econom\u00eda.<\/p>\n<\/div><\/section><\/div><div  style='height:50px' class='hr hr-invisible   avia-builder-el-6  el_after_av_one_full  el_before_av_social_share '><span class='hr-inner ' ><span class='hr-inner-style'><\/span><\/span><\/div><\/p>\n<div  class='av-social-sharing-box  avia-builder-el-7  el_after_av_hr  el_before_av_hr  '><div class='av-share-box'><h5 class='av-share-link-description av-no-toc '>Compartir esta noticia<\/h5><ul class='av-share-box-list noLightbox'><li class='av-share-link av-social-link-facebook' ><a target=\"_blank\" aria-label=\"Compartir en Facebook\" href='https:\/\/www.facebook.com\/sharer.php?u=https:\/\/radiorevelacionfm.cl\/?p=14151&#038;t=Seremi%20Carlos%20Pacheco%3A%20%E2%80%9Cdebemos%20seguir%20trabajando%20para%20recuperar%20los%20puestos%20destruidos%20por%20la%20pandemia%E2%80%9D' aria-hidden='false' data-av_icon='\ue8f3' data-av_iconfont='entypo-fontello' title='' data-avia-related-tooltip='Compartir en Facebook' rel=\"noopener\"><span class='avia_hidden_link_text'>Compartir en Facebook<\/span><\/a><\/li><li class='av-share-link av-social-link-twitter' ><a target=\"_blank\" aria-label=\"Compartir en Twitter\" href='https:\/\/twitter.com\/share?text=Seremi%20Carlos%20Pacheco%3A%20%E2%80%9Cdebemos%20seguir%20trabajando%20para%20recuperar%20los%20puestos%20destruidos%20por%20la%20pandemia%E2%80%9D&#038;url=https:\/\/radiorevelacionfm.cl\/?p=14151' aria-hidden='false' data-av_icon='\ue8f1' data-av_iconfont='entypo-fontello' title='' data-avia-related-tooltip='Compartir en Twitter' rel=\"noopener\"><span class='avia_hidden_link_text'>Compartir en Twitter<\/span><\/a><\/li><li class='av-share-link av-social-link-whatsapp' ><a target=\"_blank\" aria-label=\"Compartir en Whatsapp\" href='https:\/\/api.whatsapp.com\/send?text=https:\/\/radiorevelacionfm.cl\/?p=14151' aria-hidden='false' data-av_icon='\uf232' data-av_iconfont='entypo-fontello' title='' data-avia-related-tooltip='Compartir en Whatsapp' rel=\"noopener\"><span class='avia_hidden_link_text'>Compartir en Whatsapp<\/span><\/a><\/li><li class='av-share-link av-social-link-linkedin' ><a target=\"_blank\" aria-label=\"Compartir en LinkedIn\" href='https:\/\/linkedin.com\/shareArticle?mini=true&#038;title=Seremi%20Carlos%20Pacheco%3A%20%E2%80%9Cdebemos%20seguir%20trabajando%20para%20recuperar%20los%20puestos%20destruidos%20por%20la%20pandemia%E2%80%9D&#038;url=https:\/\/radiorevelacionfm.cl\/?p=14151' aria-hidden='false' data-av_icon='\ue8fc' data-av_iconfont='entypo-fontello' title='' data-avia-related-tooltip='Compartir en LinkedIn' rel=\"noopener\"><span class='avia_hidden_link_text'>Compartir en LinkedIn<\/span><\/a><\/li><li class='av-share-link av-social-link-mail' ><a  aria-label=\"Compartir por correo\" href='mailto:?subject=Seremi%20Carlos%20Pacheco%3A%20%E2%80%9Cdebemos%20seguir%20trabajando%20para%20recuperar%20los%20puestos%20destruidos%20por%20la%20pandemia%E2%80%9D&#038;body=https:\/\/radiorevelacionfm.cl\/?p=14151' aria-hidden='false' data-av_icon='\ue805' data-av_iconfont='entypo-fontello' title='' data-avia-related-tooltip='Compartir por correo'><span class='avia_hidden_link_text'>Compartir por correo<\/span><\/a><\/li><\/ul><\/div><\/div>\n<div  style='height:50px' class='hr hr-invisible   avia-builder-el-8  el_after_av_social_share  el_before_av_comments_list '><span class='hr-inner ' ><span class='hr-inner-style'><\/span><\/span><\/div>\n<div  class='av-buildercomment  av-blog-meta-html-info-disabled av-blog-meta-tag-disabled  '><\/div>\n","protected":false},"excerpt":{"rendered":"","protected":false},"author":1,"featured_media":14152,"comment_status":"open","ping_status":"open","sticky":false,"template":"","format":"standard","meta":{"footnotes":""},"categories":[37],"tags":[],"class_list":["post-14151","post","type-post","status-publish","format-standard","has-post-thumbnail","hentry","category-economia"],"jetpack_featured_media_url":"https:\/\/radiorevelacionfm.cl\/wp-content\/uploads\/2022\/03\/Seremi-Economia1-1-1.jpg","_links":{"self":[{"href":"https:\/\/radiorevelacionfm.cl\/index.php?rest_route=\/wp\/v2\/posts\/14151","targetHints":{"allow":["GET"]}}],"collection":[{"href":"https:\/\/radiorevelacionfm.cl\/index.php?rest_route=\/wp\/v2\/posts"}],"about":[{"href":"https:\/\/radiorevelacionfm.cl\/index.php?rest_route=\/wp\/v2\/types\/post"}],"author":[{"embeddable":true,"href":"https:\/\/radiorevelacionfm.cl\/index.php?rest_route=\/wp\/v2\/users\/1"}],"replies":[{"embeddable":true,"href":"https:\/\/radiorevelacionfm.cl\/index.php?rest_route=%2Fwp%2Fv2%2Fcomments&post=14151"}],"version-history":[{"count":2,"href":"https:\/\/radiorevelacionfm.cl\/index.php?rest_route=\/wp\/v2\/posts\/14151\/revisions"}],"predecessor-version":[{"id":14155,"href":"https:\/\/radiorevelacionfm.cl\/index.php?rest_route=\/wp\/v2\/posts\/14151\/revisions\/14155"}],"wp:featuredmedia":[{"embeddable":true,"href":"https:\/\/radiorevelacionfm.cl\/index.php?rest_route=\/wp\/v2\/media\/14152"}],"wp:attachment":[{"href":"https:\/\/radiorevelacionfm.cl\/index.php?rest_route=%2Fwp%2Fv2%2Fmedia&parent=14151"}],"wp:term":[{"taxonomy":"category","embeddable":true,"href":"https:\/\/radiorevelacionfm.cl\/index.php?rest_route=%2Fwp%2Fv2%2Fcategories&post=14151"},{"taxonomy":"post_tag","embeddable":true,"href":"https:\/\/radiorevelacionfm.cl\/index.php?rest_route=%2Fwp%2Fv2%2Ftags&post=14151"}],"curies":[{"name":"wp","href":"https:\/\/api.w.org\/{rel}","templated":true}]}}