{"id":14148,"date":"2022-03-01T13:46:24","date_gmt":"2022-03-01T16:46:24","guid":{"rendered":"https:\/\/radiorevelacionfm.cl\/?p=14148"},"modified":"2022-03-01T13:46:24","modified_gmt":"2022-03-01T16:46:24","slug":"trabajo-conjunto-permite-otorgar-beca-de-residencia-familiar-a-estudiantes-de-islas-huichas","status":"publish","type":"post","link":"https:\/\/radiorevelacionfm.cl\/?p=14148","title":{"rendered":"Trabajo conjunto permite otorgar Beca de Residencia Familiar a estudiantes de Islas Huichas"},"content":{"rendered":"<div class=\"flex_column av_one_full  flex_column_div av-zero-column-padding first  avia-builder-el-0  el_before_av_one_full  avia-builder-el-first  \" style='border-radius:0px; '><div  class='avia-image-container  av-styling-    avia-builder-el-1  avia-builder-el-no-sibling  avia-align-center '  itemprop=\"image\" itemscope=\"itemscope\" itemtype=\"https:\/\/schema.org\/ImageObject\"  ><div class='avia-image-container-inner'><div class='avia-image-overlay-wrap'><img decoding=\"async\" class='wp-image-14149 avia-img-lazy-loading-not-14149 avia_image' src=\"https:\/\/radiorevelacionfm.cl\/wp-content\/uploads\/2022\/03\/1-88-1-1.jpg\" alt='' title='1 (88) (1) (1)' height=\"600\" width=\"908\"  itemprop=\"thumbnailUrl\" srcset=\"https:\/\/radiorevelacionfm.cl\/wp-content\/uploads\/2022\/03\/1-88-1-1.jpg 908w, https:\/\/radiorevelacionfm.cl\/wp-content\/uploads\/2022\/03\/1-88-1-1-300x198.jpg 300w, https:\/\/radiorevelacionfm.cl\/wp-content\/uploads\/2022\/03\/1-88-1-1-768x507.jpg 768w, https:\/\/radiorevelacionfm.cl\/wp-content\/uploads\/2022\/03\/1-88-1-1-705x466.jpg 705w, https:\/\/radiorevelacionfm.cl\/wp-content\/uploads\/2022\/03\/1-88-1-1-600x396.jpg 600w\" sizes=\"(max-width: 908px) 100vw, 908px\" \/><\/div><\/div><\/div><\/div><div class=\"flex_column av_one_full  flex_column_div av-zero-column-padding first  avia-builder-el-2  el_after_av_one_full  el_before_av_one_full  column-top-margin\" style='border-radius:0px; '><section class=\"av_textblock_section \"  itemscope=\"itemscope\" itemtype=\"https:\/\/schema.org\/BlogPosting\" itemprop=\"blogPost\" ><div class='avia_textblock  '   itemprop=\"text\" ><p style=\"text-align: center;\"><span style=\"font-size: 18pt;\"><strong>Trabajo conjunto permite otorgar Beca de Residencia Familiar a estudiantes de Islas Huichas<\/strong><\/span><\/p>\n<div id=\"gtx-trans\" style=\"position: absolute; left: -50px; top: 4.31534px;\">\n<div class=\"gtx-trans-icon\"><\/div>\n<\/div>\n<\/div><\/section><\/div><div class=\"flex_column av_one_full  flex_column_div av-zero-column-padding first  avia-builder-el-4  el_after_av_one_full  el_before_av_hr  column-top-margin\" style='border-radius:0px; '><section class=\"av_textblock_section \"  itemscope=\"itemscope\" itemtype=\"https:\/\/schema.org\/BlogPosting\" itemprop=\"blogPost\" ><div class='avia_textblock  '   itemprop=\"text\" ><p style=\"text-align: justify;\">Hace algunos d\u00edas arribaron hasta la Delegaci\u00f3n Provincial un grupo de Mam\u00e1s tras la gesti\u00f3n realizada por el Concejal Jorge Figueroa quienes manifestaban su preocupaci\u00f3n debido a la incertidumbre que ten\u00edan por el temor que los alumnos\/as que vienen por primera vez a estudiar a Puerto Ays\u00e9n no contaban con la Beca de Residencia Familiar otorgada por Junaeb y esto a tan s\u00f3lo d\u00edas de la entrada a clases.<\/p>\n<p style=\"text-align: justify;\">Luego de algunas coordinaciones realizadas directamente con Junaeb se pudo lograr la soluci\u00f3n tan esperada por los j\u00f3venes estudiantes de Islas Huichas que vienen a continuar sus estudios de ense\u00f1anza media a Puerto Ays\u00e9n, Jorge Figueroa Concejal de la comuna agradeci\u00f3 la gesti\u00f3n y la buena voluntad de parte del Delegado Provincial \u201cacabamos de terminar una reuni\u00f3n con el DPP Manuel Ortiz en la cual hemos realizado un trabajo desde la semana pasada cuando hab\u00edamos tenido informaci\u00f3n de estos estudiantes que hab\u00edan quedado fuera de la beca, afortunadamente tenemos buenas noticias, se ha estudiado caso a caso, la tranquilidad que esto fue un trabajo mancomunado de este Concejal y don Manuel Ortiz representante del Presidente de la Rep\u00fablica en donde los colores pol\u00edticos quedan de lados por el bien de la comunidad\u201d.<\/p>\n<p style=\"text-align: justify;\">En tanto el Delegado Presidencial en la provincia Manuel Ortiz indicaba \u201cprincipalmente hay satisfacci\u00f3n y alegr\u00eda poder concluido de buena forma esta preocupaci\u00f3n que nos manifest\u00f3 desde el primer momento el Concejal Jorge Figueroa, yo quiero recalcar que esto fue en conjunto, cuando se trabaja as\u00ed se llega a buenos puertos, hoy esos alumnos de Islas Huichas que estaban tan complicados tienen la soluci\u00f3n porque la Junaeb a determinado tambi\u00e9n que el primero de marzo al igual que el resto de los alumnos renovantes, estos postulantes tambi\u00e9n tendr\u00e1n su Beca Residencia Familiar tan importante para la gente del litoral, que esto se siga trabajando as\u00ed, que contin\u00faen apoyando a sus autoridades m\u00e1s aun cuando se hace en favor de los ni\u00f1os\u201d.<\/p>\n<\/div><\/section><\/div><div  style='height:50px' class='hr hr-invisible   avia-builder-el-6  el_after_av_one_full  el_before_av_social_share '><span class='hr-inner ' ><span class='hr-inner-style'><\/span><\/span><\/div><\/p>\n<div  class='av-social-sharing-box  avia-builder-el-7  el_after_av_hr  el_before_av_hr  '><div class='av-share-box'><h5 class='av-share-link-description av-no-toc '>Compartir esta noticia<\/h5><ul class='av-share-box-list noLightbox'><li class='av-share-link av-social-link-facebook' ><a target=\"_blank\" aria-label=\"Compartir en Facebook\" href='https:\/\/www.facebook.com\/sharer.php?u=https:\/\/radiorevelacionfm.cl\/?p=14148&#038;t=Trabajo%20conjunto%20permite%20otorgar%20Beca%20de%20Residencia%20Familiar%20a%20estudiantes%20de%20Islas%20Huichas' aria-hidden='false' data-av_icon='\ue8f3' data-av_iconfont='entypo-fontello' title='' data-avia-related-tooltip='Compartir en Facebook' rel=\"noopener\"><span class='avia_hidden_link_text'>Compartir en Facebook<\/span><\/a><\/li><li class='av-share-link av-social-link-twitter' ><a target=\"_blank\" aria-label=\"Compartir en Twitter\" href='https:\/\/twitter.com\/share?text=Trabajo%20conjunto%20permite%20otorgar%20Beca%20de%20Residencia%20Familiar%20a%20estudiantes%20de%20Islas%20Huichas&#038;url=https:\/\/radiorevelacionfm.cl\/?p=14148' aria-hidden='false' data-av_icon='\ue8f1' data-av_iconfont='entypo-fontello' title='' data-avia-related-tooltip='Compartir en Twitter' rel=\"noopener\"><span class='avia_hidden_link_text'>Compartir en Twitter<\/span><\/a><\/li><li class='av-share-link av-social-link-whatsapp' ><a target=\"_blank\" aria-label=\"Compartir en Whatsapp\" href='https:\/\/api.whatsapp.com\/send?text=https:\/\/radiorevelacionfm.cl\/?p=14148' aria-hidden='false' data-av_icon='\uf232' data-av_iconfont='entypo-fontello' title='' data-avia-related-tooltip='Compartir en Whatsapp' rel=\"noopener\"><span class='avia_hidden_link_text'>Compartir en Whatsapp<\/span><\/a><\/li><li class='av-share-link av-social-link-linkedin' ><a target=\"_blank\" aria-label=\"Compartir en LinkedIn\" href='https:\/\/linkedin.com\/shareArticle?mini=true&#038;title=Trabajo%20conjunto%20permite%20otorgar%20Beca%20de%20Residencia%20Familiar%20a%20estudiantes%20de%20Islas%20Huichas&#038;url=https:\/\/radiorevelacionfm.cl\/?p=14148' aria-hidden='false' data-av_icon='\ue8fc' data-av_iconfont='entypo-fontello' title='' data-avia-related-tooltip='Compartir en LinkedIn' rel=\"noopener\"><span class='avia_hidden_link_text'>Compartir en LinkedIn<\/span><\/a><\/li><li class='av-share-link av-social-link-mail' ><a  aria-label=\"Compartir por correo\" href='mailto:?subject=Trabajo%20conjunto%20permite%20otorgar%20Beca%20de%20Residencia%20Familiar%20a%20estudiantes%20de%20Islas%20Huichas&#038;body=https:\/\/radiorevelacionfm.cl\/?p=14148' aria-hidden='false' data-av_icon='\ue805' data-av_iconfont='entypo-fontello' title='' data-avia-related-tooltip='Compartir por correo'><span class='avia_hidden_link_text'>Compartir por correo<\/span><\/a><\/li><\/ul><\/div><\/div>\n<div  style='height:50px' class='hr hr-invisible   avia-builder-el-8  el_after_av_social_share  el_before_av_comments_list '><span class='hr-inner ' ><span class='hr-inner-style'><\/span><\/span><\/div>\n<div  class='av-buildercomment  av-blog-meta-html-info-disabled av-blog-meta-tag-disabled  '><\/div>\n","protected":false},"excerpt":{"rendered":"","protected":false},"author":1,"featured_media":14149,"comment_status":"open","ping_status":"open","sticky":false,"template":"","format":"standard","meta":{"footnotes":""},"categories":[38],"tags":[],"class_list":["post-14148","post","type-post","status-publish","format-standard","has-post-thumbnail","hentry","category-regional"],"jetpack_featured_media_url":"https:\/\/radiorevelacionfm.cl\/wp-content\/uploads\/2022\/03\/1-88-1-1.jpg","_links":{"self":[{"href":"https:\/\/radiorevelacionfm.cl\/index.php?rest_route=\/wp\/v2\/posts\/14148","targetHints":{"allow":["GET"]}}],"collection":[{"href":"https:\/\/radiorevelacionfm.cl\/index.php?rest_route=\/wp\/v2\/posts"}],"about":[{"href":"https:\/\/radiorevelacionfm.cl\/index.php?rest_route=\/wp\/v2\/types\/post"}],"author":[{"embeddable":true,"href":"https:\/\/radiorevelacionfm.cl\/index.php?rest_route=\/wp\/v2\/users\/1"}],"replies":[{"embeddable":true,"href":"https:\/\/radiorevelacionfm.cl\/index.php?rest_route=%2Fwp%2Fv2%2Fcomments&post=14148"}],"version-history":[{"count":2,"href":"https:\/\/radiorevelacionfm.cl\/index.php?rest_route=\/wp\/v2\/posts\/14148\/revisions"}],"predecessor-version":[{"id":14154,"href":"https:\/\/radiorevelacionfm.cl\/index.php?rest_route=\/wp\/v2\/posts\/14148\/revisions\/14154"}],"wp:featuredmedia":[{"embeddable":true,"href":"https:\/\/radiorevelacionfm.cl\/index.php?rest_route=\/wp\/v2\/media\/14149"}],"wp:attachment":[{"href":"https:\/\/radiorevelacionfm.cl\/index.php?rest_route=%2Fwp%2Fv2%2Fmedia&parent=14148"}],"wp:term":[{"taxonomy":"category","embeddable":true,"href":"https:\/\/radiorevelacionfm.cl\/index.php?rest_route=%2Fwp%2Fv2%2Fcategories&post=14148"},{"taxonomy":"post_tag","embeddable":true,"href":"https:\/\/radiorevelacionfm.cl\/index.php?rest_route=%2Fwp%2Fv2%2Ftags&post=14148"}],"curies":[{"name":"wp","href":"https:\/\/api.w.org\/{rel}","templated":true}]}}