{"id":14140,"date":"2022-03-01T12:53:58","date_gmt":"2022-03-01T15:53:58","guid":{"rendered":"https:\/\/radiorevelacionfm.cl\/?p=14140"},"modified":"2022-03-01T12:57:03","modified_gmt":"2022-03-01T15:57:03","slug":"diputado-calisto-pide-aumentar-plazos-para-postular-a-las-becas-junaeb","status":"publish","type":"post","link":"https:\/\/radiorevelacionfm.cl\/?p=14140","title":{"rendered":"Diputado Calisto pide aumentar plazos para postular a las becas Junaeb"},"content":{"rendered":"<div class=\"flex_column av_one_full  flex_column_div av-zero-column-padding first  avia-builder-el-0  el_before_av_one_full  avia-builder-el-first  \" style='border-radius:0px; '><div  class='avia-image-container  av-styling-    avia-builder-el-1  avia-builder-el-no-sibling  avia-align-center '  itemprop=\"image\" itemscope=\"itemscope\" itemtype=\"https:\/\/schema.org\/ImageObject\"  ><div class='avia-image-container-inner'><div class='avia-image-overlay-wrap'><img decoding=\"async\" class='wp-image-14146 avia-img-lazy-loading-not-14146 avia_image' src=\"https:\/\/radiorevelacionfm.cl\/wp-content\/uploads\/2022\/03\/Calisto-Junaeb-2-1.jpeg\" alt='' title='Calisto-Junaeb (2) (1)' height=\"600\" width=\"1264\"  itemprop=\"thumbnailUrl\" srcset=\"https:\/\/radiorevelacionfm.cl\/wp-content\/uploads\/2022\/03\/Calisto-Junaeb-2-1.jpeg 1264w, https:\/\/radiorevelacionfm.cl\/wp-content\/uploads\/2022\/03\/Calisto-Junaeb-2-1-300x142.jpeg 300w, https:\/\/radiorevelacionfm.cl\/wp-content\/uploads\/2022\/03\/Calisto-Junaeb-2-1-1030x489.jpeg 1030w, https:\/\/radiorevelacionfm.cl\/wp-content\/uploads\/2022\/03\/Calisto-Junaeb-2-1-768x365.jpeg 768w, https:\/\/radiorevelacionfm.cl\/wp-content\/uploads\/2022\/03\/Calisto-Junaeb-2-1-705x335.jpeg 705w, https:\/\/radiorevelacionfm.cl\/wp-content\/uploads\/2022\/03\/Calisto-Junaeb-2-1-600x285.jpeg 600w\" sizes=\"(max-width: 1264px) 100vw, 1264px\" \/><\/div><\/div><\/div><\/div><div class=\"flex_column av_one_full  flex_column_div av-zero-column-padding first  avia-builder-el-2  el_after_av_one_full  el_before_av_one_full  column-top-margin\" style='border-radius:0px; '><section class=\"av_textblock_section \"  itemscope=\"itemscope\" itemtype=\"https:\/\/schema.org\/BlogPosting\" itemprop=\"blogPost\" ><div class='avia_textblock  '   itemprop=\"text\" ><p style=\"text-align: center;\"><span style=\"font-size: 18pt;\"><b><span lang=\"ES\">Diputado Calisto pide aumentar plazos para postular a las becas Junaeb<\/span><\/b><\/span><\/p>\n<div id=\"gtx-trans\" style=\"position: absolute; left: -50px; top: 4.31534px;\">\n<div class=\"gtx-trans-icon\"><\/div>\n<\/div>\n<\/div><\/section><\/div><\/p>\n<div class=\"flex_column av_one_full  flex_column_div av-zero-column-padding first  avia-builder-el-4  el_after_av_one_full  el_before_av_hr  column-top-margin\" style='border-radius:0px; '><section class=\"av_textblock_section \"  itemscope=\"itemscope\" itemtype=\"https:\/\/schema.org\/BlogPosting\" itemprop=\"blogPost\" ><div class='avia_textblock  '   itemprop=\"text\" ><p style=\"font-weight: 400; text-align: justify;\">Frente a la serie de reclamos por las constantes fallas en el sistema de postulaci\u00f3n a las becas Junaeb, el diputado Miguel \u00c1ngel Calisto hizo un llamado al Gobierno para aumentar el plazo de postulaci\u00f3n a estos beneficios, adem\u00e1s de pedir que se aumente el cupo para el programa de residencias familiares.<\/p>\n<p style=\"font-weight: 400; text-align: justify;\">Seg\u00fan el legislador, \u201chemos recibido m\u00faltiples reclamos por parte de familias, padres, apoderados y de los propios estudiantes, respecto de la necesidad de aumentar el plazo en la postulaci\u00f3n de las becas de Junaeb, especialmente beca Patagonia, beca Ays\u00e9n, beca Integraci\u00f3n Territorial, Presidente de la Rep\u00fablica y beca Ind\u00edgena, como tambi\u00e9n la necesidad de aumentar los cupos de residencia familiar\u201d.<\/p>\n<p style=\"font-weight: 400; text-align: justify;\">\u201cPara los estudiantes estos beneficios son fundamentales para poder salir adelante y terminar sus estudios. Lamentablemente hay muchos que postularon, pero el sistema colapso, por eso no pudieron ingresar sus datos y requerimientos. Por otro lado, algunos derechamente no lo hicieron\u201d, indic\u00f3 el legislador.<\/p>\n<p style=\"font-weight: 400; text-align: justify;\">El parlamentario se\u00f1al\u00f3 que \u201cpor esto, estamos pidiendo que exista una pr\u00f3rroga para que extienda el plazo para postular a las becas y las residencias. Se nos dijo que hasta este martes 1 de marzo estar\u00e1 disponible la posibilidad para denunciar el problema que les impidi\u00f3 hacer el proceso de postulaci\u00f3n, y as\u00ed se pueda abordar como caso particular y se le permita el ingreso al sistema\u201d.<\/p>\n<p style=\"font-weight: 400; text-align: justify;\"><strong>Programa de Residencia Familiar Estudiantil<\/strong><\/p>\n<p style=\"font-weight: 400; text-align: justify;\">El legislador se\u00f1al\u00f3 la necesidad de aumentar los cupos para el Programa de Residencia Familiar Estudiantil, asegurando que \u201cme he comunicado con el Director Nacional de Junaeb para pedir m\u00e1s cupos de residencia. Se trata de muchos chicos de sectores rurales que deben venir a las ciudades m\u00e1s grandes, como Coyhaique, Ays\u00e9n, Cochrane o Chile Chico, para seguir con la educaci\u00f3n media\u201d.<\/p>\n<p style=\"font-weight: 400; text-align: justify;\">Finalmente, Miguel \u00c1ngel Calisto se\u00f1al\u00f3 que \u201csi no tienen una residencia, deben pagar un alojamiento particular. Pero hay que recordar una cosa, es rol del Estado garantizar la educaci\u00f3n de nuestros estudiantes. Por eso, estamos convencidos que ac\u00e1 se tiene que considerar la totalidad de los cupos de beca de residencia, eso es lo que estamos decididos a que se garantice por parte de la Junaeb a nivel nacional\u201d.<\/p>\n<\/div><\/section><\/div>\n<div  style='height:50px' class='hr hr-invisible   avia-builder-el-6  el_after_av_one_full  el_before_av_social_share '><span class='hr-inner ' ><span class='hr-inner-style'><\/span><\/span><\/div>\n<div  class='av-social-sharing-box  avia-builder-el-7  el_after_av_hr  el_before_av_hr  '><div class='av-share-box'><h5 class='av-share-link-description av-no-toc '>Compartir esta noticia<\/h5><ul class='av-share-box-list noLightbox'><li class='av-share-link av-social-link-facebook' ><a target=\"_blank\" aria-label=\"Compartir en Facebook\" href='https:\/\/www.facebook.com\/sharer.php?u=https:\/\/radiorevelacionfm.cl\/?p=14140&#038;t=Diputado%20Calisto%20pide%20aumentar%20plazos%20para%20postular%20a%20las%20becas%20Junaeb' aria-hidden='false' data-av_icon='\ue8f3' data-av_iconfont='entypo-fontello' title='' data-avia-related-tooltip='Compartir en Facebook' rel=\"noopener\"><span class='avia_hidden_link_text'>Compartir en Facebook<\/span><\/a><\/li><li class='av-share-link av-social-link-twitter' ><a target=\"_blank\" aria-label=\"Compartir en Twitter\" href='https:\/\/twitter.com\/share?text=Diputado%20Calisto%20pide%20aumentar%20plazos%20para%20postular%20a%20las%20becas%20Junaeb&#038;url=https:\/\/radiorevelacionfm.cl\/?p=14140' aria-hidden='false' data-av_icon='\ue8f1' data-av_iconfont='entypo-fontello' title='' data-avia-related-tooltip='Compartir en Twitter' rel=\"noopener\"><span class='avia_hidden_link_text'>Compartir en Twitter<\/span><\/a><\/li><li class='av-share-link av-social-link-whatsapp' ><a target=\"_blank\" aria-label=\"Compartir en Whatsapp\" href='https:\/\/api.whatsapp.com\/send?text=https:\/\/radiorevelacionfm.cl\/?p=14140' aria-hidden='false' data-av_icon='\uf232' data-av_iconfont='entypo-fontello' title='' data-avia-related-tooltip='Compartir en Whatsapp' rel=\"noopener\"><span class='avia_hidden_link_text'>Compartir en Whatsapp<\/span><\/a><\/li><li class='av-share-link av-social-link-linkedin' ><a target=\"_blank\" aria-label=\"Compartir en LinkedIn\" href='https:\/\/linkedin.com\/shareArticle?mini=true&#038;title=Diputado%20Calisto%20pide%20aumentar%20plazos%20para%20postular%20a%20las%20becas%20Junaeb&#038;url=https:\/\/radiorevelacionfm.cl\/?p=14140' aria-hidden='false' data-av_icon='\ue8fc' data-av_iconfont='entypo-fontello' title='' data-avia-related-tooltip='Compartir en LinkedIn' rel=\"noopener\"><span class='avia_hidden_link_text'>Compartir en LinkedIn<\/span><\/a><\/li><li class='av-share-link av-social-link-mail' ><a  aria-label=\"Compartir por correo\" href='mailto:?subject=Diputado%20Calisto%20pide%20aumentar%20plazos%20para%20postular%20a%20las%20becas%20Junaeb&#038;body=https:\/\/radiorevelacionfm.cl\/?p=14140' aria-hidden='false' data-av_icon='\ue805' data-av_iconfont='entypo-fontello' title='' data-avia-related-tooltip='Compartir por correo'><span class='avia_hidden_link_text'>Compartir por correo<\/span><\/a><\/li><\/ul><\/div><\/div>\n<div  style='height:50px' class='hr hr-invisible   avia-builder-el-8  el_after_av_social_share  el_before_av_comments_list '><span class='hr-inner ' ><span class='hr-inner-style'><\/span><\/span><\/div>\n<div  class='av-buildercomment  av-blog-meta-html-info-disabled av-blog-meta-tag-disabled  '><\/div>\n","protected":false},"excerpt":{"rendered":"","protected":false},"author":1,"featured_media":14146,"comment_status":"open","ping_status":"open","sticky":false,"template":"","format":"standard","meta":{"footnotes":""},"categories":[35],"tags":[],"class_list":["post-14140","post","type-post","status-publish","format-standard","has-post-thumbnail","hentry","category-politica"],"jetpack_featured_media_url":"https:\/\/radiorevelacionfm.cl\/wp-content\/uploads\/2022\/03\/Calisto-Junaeb-2-1.jpeg","_links":{"self":[{"href":"https:\/\/radiorevelacionfm.cl\/index.php?rest_route=\/wp\/v2\/posts\/14140","targetHints":{"allow":["GET"]}}],"collection":[{"href":"https:\/\/radiorevelacionfm.cl\/index.php?rest_route=\/wp\/v2\/posts"}],"about":[{"href":"https:\/\/radiorevelacionfm.cl\/index.php?rest_route=\/wp\/v2\/types\/post"}],"author":[{"embeddable":true,"href":"https:\/\/radiorevelacionfm.cl\/index.php?rest_route=\/wp\/v2\/users\/1"}],"replies":[{"embeddable":true,"href":"https:\/\/radiorevelacionfm.cl\/index.php?rest_route=%2Fwp%2Fv2%2Fcomments&post=14140"}],"version-history":[{"count":3,"href":"https:\/\/radiorevelacionfm.cl\/index.php?rest_route=\/wp\/v2\/posts\/14140\/revisions"}],"predecessor-version":[{"id":14145,"href":"https:\/\/radiorevelacionfm.cl\/index.php?rest_route=\/wp\/v2\/posts\/14140\/revisions\/14145"}],"wp:featuredmedia":[{"embeddable":true,"href":"https:\/\/radiorevelacionfm.cl\/index.php?rest_route=\/wp\/v2\/media\/14146"}],"wp:attachment":[{"href":"https:\/\/radiorevelacionfm.cl\/index.php?rest_route=%2Fwp%2Fv2%2Fmedia&parent=14140"}],"wp:term":[{"taxonomy":"category","embeddable":true,"href":"https:\/\/radiorevelacionfm.cl\/index.php?rest_route=%2Fwp%2Fv2%2Fcategories&post=14140"},{"taxonomy":"post_tag","embeddable":true,"href":"https:\/\/radiorevelacionfm.cl\/index.php?rest_route=%2Fwp%2Fv2%2Ftags&post=14140"}],"curies":[{"name":"wp","href":"https:\/\/api.w.org\/{rel}","templated":true}]}}