{"id":14128,"date":"2022-02-28T19:58:04","date_gmt":"2022-02-28T22:58:04","guid":{"rendered":"https:\/\/radiorevelacionfm.cl\/?p=14128"},"modified":"2022-02-28T19:58:04","modified_gmt":"2022-02-28T22:58:04","slug":"invitan-a-la-comunidad-regional-a-participar-en-elaboracion-de-plan-estrategico-de-gestion-hidrica-para-las-cuencas-del-baker-y-de-aysen","status":"publish","type":"post","link":"https:\/\/radiorevelacionfm.cl\/?p=14128","title":{"rendered":"Invitan a la comunidad regional a participar en elaboraci\u00f3n de plan estrat\u00e9gico de gesti\u00f3n h\u00eddrica para las Cuencas del Baker y de Ays\u00e9n"},"content":{"rendered":"<div class=\"flex_column av_one_full  flex_column_div av-zero-column-padding first  avia-builder-el-0  el_before_av_one_full  avia-builder-el-first  \" style='border-radius:0px; '><div  class='avia-image-container  av-styling-    avia-builder-el-1  avia-builder-el-no-sibling  avia-align-center '  itemprop=\"image\" itemscope=\"itemscope\" itemtype=\"https:\/\/schema.org\/ImageObject\"  ><div class='avia-image-container-inner'><div class='avia-image-overlay-wrap'><img decoding=\"async\" class='wp-image-14129 avia-img-lazy-loading-not-14129 avia_image' src=\"https:\/\/radiorevelacionfm.cl\/wp-content\/uploads\/2022\/02\/cuencas_img-wa0041-1_optimized.jpg\" alt='' title='cuencas_img-wa0041-(1)_optimized' height=\"600\" width=\"800\"  itemprop=\"thumbnailUrl\" srcset=\"https:\/\/radiorevelacionfm.cl\/wp-content\/uploads\/2022\/02\/cuencas_img-wa0041-1_optimized.jpg 800w, https:\/\/radiorevelacionfm.cl\/wp-content\/uploads\/2022\/02\/cuencas_img-wa0041-1_optimized-300x225.jpg 300w, https:\/\/radiorevelacionfm.cl\/wp-content\/uploads\/2022\/02\/cuencas_img-wa0041-1_optimized-768x576.jpg 768w, https:\/\/radiorevelacionfm.cl\/wp-content\/uploads\/2022\/02\/cuencas_img-wa0041-1_optimized-705x529.jpg 705w, https:\/\/radiorevelacionfm.cl\/wp-content\/uploads\/2022\/02\/cuencas_img-wa0041-1_optimized-600x450.jpg 600w\" sizes=\"(max-width: 800px) 100vw, 800px\" \/><\/div><\/div><\/div><\/div><div class=\"flex_column av_one_full  flex_column_div av-zero-column-padding first  avia-builder-el-2  el_after_av_one_full  el_before_av_one_full  column-top-margin\" style='border-radius:0px; '><section class=\"av_textblock_section \"  itemscope=\"itemscope\" itemtype=\"https:\/\/schema.org\/BlogPosting\" itemprop=\"blogPost\" ><div class='avia_textblock  '   itemprop=\"text\" ><p style=\"text-align: center;\"><strong><span style=\"font-size: 18pt;\">Invitan a la comunidad regional a participar en elaboraci\u00f3n de plan estrat\u00e9gico de gesti\u00f3n h\u00eddrica para las Cuencas del Baker y de Ays\u00e9n<\/span><\/strong><\/p>\n<div id=\"gtx-trans\" style=\"position: absolute; left: -50px; top: 4.31534px;\">\n<div class=\"gtx-trans-icon\"><\/div>\n<\/div>\n<\/div><\/section><\/div><div class=\"flex_column av_one_full  flex_column_div av-zero-column-padding first  avia-builder-el-4  el_after_av_one_full  el_before_av_hr  column-top-margin\" style='border-radius:0px; '><section class=\"av_textblock_section \"  itemscope=\"itemscope\" itemtype=\"https:\/\/schema.org\/BlogPosting\" itemprop=\"blogPost\" ><div class='avia_textblock  '   itemprop=\"text\" ><p style=\"text-align: justify;\">La Direcci\u00f3n General de Aguas del MOP en la regi\u00f3n de Ays\u00e9n invita a toda la comunidad regional a participar en la elaboraci\u00f3n del Plan Estrat\u00e9gico de Gesti\u00f3n H\u00eddrica para las Cuencas del Baker y de Ays\u00e9n, as\u00ed lo inform\u00f3 hoy el Director de la Direcci\u00f3n General de Aguas del MOP (S) en la regi\u00f3n de Ays\u00e9n Jorge O\u2019Kuinghttons Villena.<\/p>\n<p style=\"text-align: justify;\">La autoridad sectorial indic\u00f3 \u201cinvitamos a toda la comunidad y organizaciones que ocupan el agua para distintos fines, como organizaciones de la sociedad civil relacionadas al turismo y diversas actividades productivas, gremios y Servicios Sanitarios Rurales, a participar en las diferentes reuniones de presentaci\u00f3n del Estudio que se realizar\u00e1n en marzo de este a\u00f1o, con el fin de identificar acciones, mejorar la gesti\u00f3n, elaborar una herramienta de modelaci\u00f3n que apoye la toma de decisiones, conect\u00e1ndolo con un diagn\u00f3stico de la situaci\u00f3n actual de las cuencas y as\u00ed identificar las brechas y oportunidades de acci\u00f3n para planificar un escenario de seguridad h\u00eddrica, y elaborar conjuntamente el Plan Estrat\u00e9gico de Gesti\u00f3n de Cuencas\u201d.<\/p>\n<p style=\"text-align: justify;\">La autoridad sectorial afirm\u00f3 que \u201cla seguridad h\u00eddrica ha sido establecida como uno de los principales desaf\u00edos para enfrentar los efectos del cambio clim\u00e1tico y la escasez h\u00eddrica que afecta al territorio nacional, por lo que son fundamentales los estudios que apoyen la toma de decisiones respecto a la gesti\u00f3n del recurso h\u00eddrico y que orienten la planificaci\u00f3n del ejercicio de las labores de institucionalidad y gobernanza del agua\u201d.<\/p>\n<p style=\"text-align: justify;\">La creaci\u00f3n de la Mesa Nacional del Agua, incluye entre sus ejes tem\u00e1ticos la Planificaci\u00f3n Estrat\u00e9gica de Cuencas como \u00e1rea prioritaria. Siguiendo esta l\u00ednea de acci\u00f3n, la Direcci\u00f3n General de Aguas (DGA) se encuentra trabajando desde fines del 2021 en el desarrollo de Planes Estrat\u00e9gicos de Gesti\u00f3n H\u00eddrica (PEGH), que incluyen a la cuenca como principal unidad territorial de estudio. Dentro de estos planes est\u00e1 \u00a0el \u201cPlan Estrat\u00e9gico de Gesti\u00f3n H\u00eddrica en las cuencas del r\u00edo Baker, r\u00edo Pascua y Costeras e Islas entre r\u00edo Ays\u00e9n y r\u00edo Baker y Canal General Mart\u00ednez\u201d, y del \u201cPlan Estrat\u00e9gico de Gesti\u00f3n H\u00eddrica de la cuenca del R\u00edo Ays\u00e9n y Costeras e islas R\u00edo Palena y R\u00edo Ays\u00e9n\u201d, los que tienen por objetivo conocer la oferta, demanda actual y proyectada de agua en las cuencas de Chile e implementar una cartera de acciones a corto, mediano y largo plazo trabajando conjuntamente con la comunidad.<\/p>\n<p style=\"text-align: justify;\">Para el logro de este objetivo, la Direcci\u00f3n General de Aguas del MOP en la regi\u00f3n de Ays\u00e9n hace un llamado a los vecinos y vecinas a participar en estas reuniones para crear juntos el Plan de Gesti\u00f3n H\u00eddrica de las Cuencas del Baker y de Ays\u00e9n, asistiendo y entregando su opini\u00f3n en Puerto Aguirre el domingo 06 de marzo; en Villa La Tapera el lunes 07 de marzo; en Puerto Cisnes el martes 08 de marzo; Puerto Ays\u00e9n el mi\u00e9rcoles 09 de marzo; en Coyhaique el 10 de marzo, en Villa O\u00b4Higgins lunes 14 de marzo, en Caleta Tortel el martes 15 de marzo, en Cochrane el mi\u00e9rcoles 16 de marzo, en Chile Chico el jueves 17 de marzo y en Puerto R\u00edo Tranquilo el viernes 18 de marzo.<\/p>\n<\/div><\/section><\/div><div  style='height:50px' class='hr hr-invisible   avia-builder-el-6  el_after_av_one_full  el_before_av_social_share '><span class='hr-inner ' ><span class='hr-inner-style'><\/span><\/span><\/div><\/p>\n<div  class='av-social-sharing-box  avia-builder-el-7  el_after_av_hr  el_before_av_hr  '><div class='av-share-box'><h5 class='av-share-link-description av-no-toc '>Compartir esta noticia<\/h5><ul class='av-share-box-list noLightbox'><li class='av-share-link av-social-link-facebook' ><a target=\"_blank\" aria-label=\"Compartir en Facebook\" href='https:\/\/www.facebook.com\/sharer.php?u=https:\/\/radiorevelacionfm.cl\/?p=14128&#038;t=Invitan%20a%20la%20comunidad%20regional%20a%20participar%20en%20elaboraci%C3%B3n%20de%20plan%20estrat%C3%A9gico%20de%20gesti%C3%B3n%20h%C3%ADdrica%20para%20las%20Cuencas%20del%20Baker%20y%20de%20Ays%C3%A9n' aria-hidden='false' data-av_icon='\ue8f3' data-av_iconfont='entypo-fontello' title='' data-avia-related-tooltip='Compartir en Facebook' rel=\"noopener\"><span class='avia_hidden_link_text'>Compartir en Facebook<\/span><\/a><\/li><li class='av-share-link av-social-link-twitter' ><a target=\"_blank\" aria-label=\"Compartir en Twitter\" href='https:\/\/twitter.com\/share?text=Invitan%20a%20la%20comunidad%20regional%20a%20participar%20en%20elaboraci%C3%B3n%20de%20plan%20estrat%C3%A9gico%20de%20gesti%C3%B3n%20h%C3%ADdrica%20para%20las%20Cuencas%20del%20Baker%20y%20de%20Ays%C3%A9n&#038;url=https:\/\/radiorevelacionfm.cl\/?p=14128' aria-hidden='false' data-av_icon='\ue8f1' data-av_iconfont='entypo-fontello' title='' data-avia-related-tooltip='Compartir en Twitter' rel=\"noopener\"><span class='avia_hidden_link_text'>Compartir en Twitter<\/span><\/a><\/li><li class='av-share-link av-social-link-whatsapp' ><a target=\"_blank\" aria-label=\"Compartir en Whatsapp\" href='https:\/\/api.whatsapp.com\/send?text=https:\/\/radiorevelacionfm.cl\/?p=14128' aria-hidden='false' data-av_icon='\uf232' data-av_iconfont='entypo-fontello' title='' data-avia-related-tooltip='Compartir en Whatsapp' rel=\"noopener\"><span class='avia_hidden_link_text'>Compartir en Whatsapp<\/span><\/a><\/li><li class='av-share-link av-social-link-linkedin' ><a target=\"_blank\" aria-label=\"Compartir en LinkedIn\" href='https:\/\/linkedin.com\/shareArticle?mini=true&#038;title=Invitan%20a%20la%20comunidad%20regional%20a%20participar%20en%20elaboraci%C3%B3n%20de%20plan%20estrat%C3%A9gico%20de%20gesti%C3%B3n%20h%C3%ADdrica%20para%20las%20Cuencas%20del%20Baker%20y%20de%20Ays%C3%A9n&#038;url=https:\/\/radiorevelacionfm.cl\/?p=14128' aria-hidden='false' data-av_icon='\ue8fc' data-av_iconfont='entypo-fontello' title='' data-avia-related-tooltip='Compartir en LinkedIn' rel=\"noopener\"><span class='avia_hidden_link_text'>Compartir en LinkedIn<\/span><\/a><\/li><li class='av-share-link av-social-link-mail' ><a  aria-label=\"Compartir por correo\" href='mailto:?subject=Invitan%20a%20la%20comunidad%20regional%20a%20participar%20en%20elaboraci%C3%B3n%20de%20plan%20estrat%C3%A9gico%20de%20gesti%C3%B3n%20h%C3%ADdrica%20para%20las%20Cuencas%20del%20Baker%20y%20de%20Ays%C3%A9n&#038;body=https:\/\/radiorevelacionfm.cl\/?p=14128' aria-hidden='false' data-av_icon='\ue805' data-av_iconfont='entypo-fontello' title='' data-avia-related-tooltip='Compartir por correo'><span class='avia_hidden_link_text'>Compartir por correo<\/span><\/a><\/li><\/ul><\/div><\/div>\n<div  style='height:50px' class='hr hr-invisible   avia-builder-el-8  el_after_av_social_share  el_before_av_comments_list '><span class='hr-inner ' ><span class='hr-inner-style'><\/span><\/span><\/div>\n<div  class='av-buildercomment  av-blog-meta-html-info-disabled av-blog-meta-tag-disabled  '><\/div>\n","protected":false},"excerpt":{"rendered":"","protected":false},"author":1,"featured_media":14129,"comment_status":"open","ping_status":"open","sticky":false,"template":"","format":"standard","meta":{"footnotes":""},"categories":[38],"tags":[],"class_list":["post-14128","post","type-post","status-publish","format-standard","has-post-thumbnail","hentry","category-regional"],"jetpack_featured_media_url":"https:\/\/radiorevelacionfm.cl\/wp-content\/uploads\/2022\/02\/cuencas_img-wa0041-1_optimized.jpg","_links":{"self":[{"href":"https:\/\/radiorevelacionfm.cl\/index.php?rest_route=\/wp\/v2\/posts\/14128","targetHints":{"allow":["GET"]}}],"collection":[{"href":"https:\/\/radiorevelacionfm.cl\/index.php?rest_route=\/wp\/v2\/posts"}],"about":[{"href":"https:\/\/radiorevelacionfm.cl\/index.php?rest_route=\/wp\/v2\/types\/post"}],"author":[{"embeddable":true,"href":"https:\/\/radiorevelacionfm.cl\/index.php?rest_route=\/wp\/v2\/users\/1"}],"replies":[{"embeddable":true,"href":"https:\/\/radiorevelacionfm.cl\/index.php?rest_route=%2Fwp%2Fv2%2Fcomments&post=14128"}],"version-history":[{"count":2,"href":"https:\/\/radiorevelacionfm.cl\/index.php?rest_route=\/wp\/v2\/posts\/14128\/revisions"}],"predecessor-version":[{"id":14131,"href":"https:\/\/radiorevelacionfm.cl\/index.php?rest_route=\/wp\/v2\/posts\/14128\/revisions\/14131"}],"wp:featuredmedia":[{"embeddable":true,"href":"https:\/\/radiorevelacionfm.cl\/index.php?rest_route=\/wp\/v2\/media\/14129"}],"wp:attachment":[{"href":"https:\/\/radiorevelacionfm.cl\/index.php?rest_route=%2Fwp%2Fv2%2Fmedia&parent=14128"}],"wp:term":[{"taxonomy":"category","embeddable":true,"href":"https:\/\/radiorevelacionfm.cl\/index.php?rest_route=%2Fwp%2Fv2%2Fcategories&post=14128"},{"taxonomy":"post_tag","embeddable":true,"href":"https:\/\/radiorevelacionfm.cl\/index.php?rest_route=%2Fwp%2Fv2%2Ftags&post=14128"}],"curies":[{"name":"wp","href":"https:\/\/api.w.org\/{rel}","templated":true}]}}