{"id":14115,"date":"2022-02-28T17:22:54","date_gmt":"2022-02-28T20:22:54","guid":{"rendered":"https:\/\/radiorevelacionfm.cl\/?p=14115"},"modified":"2022-02-28T17:22:54","modified_gmt":"2022-02-28T20:22:54","slug":"diputado-calisto-acusa-inaccion-de-autoridades-para-solucionar-crisis-electrica-en-raul-marin-balmaceda","status":"publish","type":"post","link":"https:\/\/radiorevelacionfm.cl\/?p=14115","title":{"rendered":"Diputado Calisto acusa inacci\u00f3n de autoridades para solucionar crisis el\u00e9ctrica en Ra\u00fal Mar\u00edn Balmaceda"},"content":{"rendered":"<div class=\"flex_column av_one_full  flex_column_div av-zero-column-padding first  avia-builder-el-0  el_before_av_one_full  avia-builder-el-first  \" style='border-radius:0px; '><div  class='avia-image-container  av-styling-    avia-builder-el-1  avia-builder-el-no-sibling  avia-align-center '  itemprop=\"image\" itemscope=\"itemscope\" itemtype=\"https:\/\/schema.org\/ImageObject\"  ><div class='avia-image-container-inner'><div class='avia-image-overlay-wrap'><img decoding=\"async\" class='wp-image-14116 avia-img-lazy-loading-not-14116 avia_image' src=\"https:\/\/radiorevelacionfm.cl\/wp-content\/uploads\/2022\/02\/image-22-1.jpg\" alt='' title='image (22) (1)' height=\"600\" width=\"921\"  itemprop=\"thumbnailUrl\" srcset=\"https:\/\/radiorevelacionfm.cl\/wp-content\/uploads\/2022\/02\/image-22-1.jpg 921w, https:\/\/radiorevelacionfm.cl\/wp-content\/uploads\/2022\/02\/image-22-1-300x195.jpg 300w, https:\/\/radiorevelacionfm.cl\/wp-content\/uploads\/2022\/02\/image-22-1-768x500.jpg 768w, https:\/\/radiorevelacionfm.cl\/wp-content\/uploads\/2022\/02\/image-22-1-705x459.jpg 705w, https:\/\/radiorevelacionfm.cl\/wp-content\/uploads\/2022\/02\/image-22-1-600x391.jpg 600w\" sizes=\"(max-width: 921px) 100vw, 921px\" \/><\/div><\/div><\/div><\/div><div class=\"flex_column av_one_full  flex_column_div av-zero-column-padding first  avia-builder-el-2  el_after_av_one_full  el_before_av_one_full  column-top-margin\" style='border-radius:0px; '><section class=\"av_textblock_section \"  itemscope=\"itemscope\" itemtype=\"https:\/\/schema.org\/BlogPosting\" itemprop=\"blogPost\" ><div class='avia_textblock  '   itemprop=\"text\" ><p style=\"text-align: center;\"><span style=\"font-size: 18pt;\"><b><span lang=\"ES\">Diputado Calisto acusa inacci\u00f3n de autoridades para solucionar crisis el\u00e9ctrica en Ra\u00fal Mar\u00edn Balmaceda<\/span><\/b><\/span><\/p>\n<div id=\"gtx-trans\" style=\"position: absolute; left: -50px; top: 4.31534px;\">\n<div class=\"gtx-trans-icon\"><\/div>\n<\/div>\n<\/div><\/section><\/div><div class=\"flex_column av_one_full  flex_column_div av-zero-column-padding first  avia-builder-el-4  el_after_av_one_full  el_before_av_hr  column-top-margin\" style='border-radius:0px; '><section class=\"av_textblock_section \"  itemscope=\"itemscope\" itemtype=\"https:\/\/schema.org\/BlogPosting\" itemprop=\"blogPost\" ><div class='avia_textblock  '   itemprop=\"text\" ><p style=\"font-weight: 400; text-align: justify;\">Ante la crisis el\u00e9ctrica que est\u00e1 viviendo la localidad de Ra\u00fal Mar\u00edn Balmaceda, que se ha mantenido por cerca de ocho d\u00edas sin luz el\u00e9ctrica, el diputado Miguel \u00c1ngel Calisto acus\u00f3 inacci\u00f3n por parte de las autoridades competentes, asegurando tambi\u00e9n que es fundamental contar con un fondo de emergencia que permita solucionar el problema.<\/p>\n<p style=\"font-weight: 400; text-align: justify;\">Seg\u00fan el diputado Calisto, \u201chace varios d\u00edas, la localidad de Ra\u00fal Mar\u00edn Balmaceda viene exigiendo que tanto la Municipalidad de Cisnes, como tambi\u00e9n las autoridades del Gobierno, se preocupen respecto a la falta de electricidad en Ra\u00fal Mar\u00edn Balmaceda. Se trata de la localidad m\u00e1s antigua de la Regi\u00f3n de Ays\u00e9n, y la tenemos pr\u00e1cticamente botada\u201d.<\/p>\n<p style=\"font-weight: 400; text-align: justify;\">Calisto agreg\u00f3 que \u201che estado en contacto con el comit\u00e9 de electrificaci\u00f3n rural desde hace algunos d\u00edas. Hemos buscado alternativas intermedias, junto al alcalde de Cisnes, pero eso no ha solucionado el problema. Ac\u00e1 se requiere un fondo de emergencia\u201d.<\/p>\n<p style=\"font-weight: 400; text-align: justify;\">\u201cEvidentemente hay una inacci\u00f3n de parte del Gobierno, como tambi\u00e9n de parte de la Gobernadora Regional, autoridad que tiene un rol que cumplir importante, porque se trata de una localidad que requiere de forma urgente alguna v\u00eda de financiamiento, fondos de emergencia, para poder restablecer el servicio el\u00e9ctrico. Estamos hablando que la gente ha perdido muchas cosas, porque se ha visto afectada la cadena de fr\u00edo\u201d.<\/p>\n<p style=\"font-weight: 400; text-align: justify;\">Finalmente, el diputado Calisto se\u00f1al\u00f3 que \u201cla gente no puede emprender en la localidad si no hay electricidad. La empresa Edelaysen tiene un proyecto que est\u00e1 en avance, pero este estar\u00eda listo en dos a\u00f1os m\u00e1s. Ac\u00e1 se requiere que la autoridad de Gobierno, la Gobernadora y el alcalde se comprometan a buscar una pronta soluci\u00f3n\u201d.<\/p>\n<\/div><\/section><\/div><div  style='height:50px' class='hr hr-invisible   avia-builder-el-6  el_after_av_one_full  el_before_av_social_share '><span class='hr-inner ' ><span class='hr-inner-style'><\/span><\/span><\/div><\/p>\n<div  class='av-social-sharing-box  avia-builder-el-7  el_after_av_hr  el_before_av_hr  '><div class='av-share-box'><h5 class='av-share-link-description av-no-toc '>Compartir esta noticia<\/h5><ul class='av-share-box-list noLightbox'><li class='av-share-link av-social-link-facebook' ><a target=\"_blank\" aria-label=\"Compartir en Facebook\" href='https:\/\/www.facebook.com\/sharer.php?u=https:\/\/radiorevelacionfm.cl\/?p=14115&#038;t=Diputado%20Calisto%20acusa%20inacci%C3%B3n%20de%20autoridades%20para%20solucionar%20crisis%20el%C3%A9ctrica%20en%20Ra%C3%BAl%20Mar%C3%ADn%20Balmaceda' aria-hidden='false' data-av_icon='\ue8f3' data-av_iconfont='entypo-fontello' title='' data-avia-related-tooltip='Compartir en Facebook' rel=\"noopener\"><span class='avia_hidden_link_text'>Compartir en Facebook<\/span><\/a><\/li><li class='av-share-link av-social-link-twitter' ><a target=\"_blank\" aria-label=\"Compartir en Twitter\" href='https:\/\/twitter.com\/share?text=Diputado%20Calisto%20acusa%20inacci%C3%B3n%20de%20autoridades%20para%20solucionar%20crisis%20el%C3%A9ctrica%20en%20Ra%C3%BAl%20Mar%C3%ADn%20Balmaceda&#038;url=https:\/\/radiorevelacionfm.cl\/?p=14115' aria-hidden='false' data-av_icon='\ue8f1' data-av_iconfont='entypo-fontello' title='' data-avia-related-tooltip='Compartir en Twitter' rel=\"noopener\"><span class='avia_hidden_link_text'>Compartir en Twitter<\/span><\/a><\/li><li class='av-share-link av-social-link-whatsapp' ><a target=\"_blank\" aria-label=\"Compartir en Whatsapp\" href='https:\/\/api.whatsapp.com\/send?text=https:\/\/radiorevelacionfm.cl\/?p=14115' aria-hidden='false' data-av_icon='\uf232' data-av_iconfont='entypo-fontello' title='' data-avia-related-tooltip='Compartir en Whatsapp' rel=\"noopener\"><span class='avia_hidden_link_text'>Compartir en Whatsapp<\/span><\/a><\/li><li class='av-share-link av-social-link-linkedin' ><a target=\"_blank\" aria-label=\"Compartir en LinkedIn\" href='https:\/\/linkedin.com\/shareArticle?mini=true&#038;title=Diputado%20Calisto%20acusa%20inacci%C3%B3n%20de%20autoridades%20para%20solucionar%20crisis%20el%C3%A9ctrica%20en%20Ra%C3%BAl%20Mar%C3%ADn%20Balmaceda&#038;url=https:\/\/radiorevelacionfm.cl\/?p=14115' aria-hidden='false' data-av_icon='\ue8fc' data-av_iconfont='entypo-fontello' title='' data-avia-related-tooltip='Compartir en LinkedIn' rel=\"noopener\"><span class='avia_hidden_link_text'>Compartir en LinkedIn<\/span><\/a><\/li><li class='av-share-link av-social-link-mail' ><a  aria-label=\"Compartir por correo\" href='mailto:?subject=Diputado%20Calisto%20acusa%20inacci%C3%B3n%20de%20autoridades%20para%20solucionar%20crisis%20el%C3%A9ctrica%20en%20Ra%C3%BAl%20Mar%C3%ADn%20Balmaceda&#038;body=https:\/\/radiorevelacionfm.cl\/?p=14115' aria-hidden='false' data-av_icon='\ue805' data-av_iconfont='entypo-fontello' title='' data-avia-related-tooltip='Compartir por correo'><span class='avia_hidden_link_text'>Compartir por correo<\/span><\/a><\/li><\/ul><\/div><\/div>\n<div  style='height:50px' class='hr hr-invisible   avia-builder-el-8  el_after_av_social_share  el_before_av_comments_list '><span class='hr-inner ' ><span class='hr-inner-style'><\/span><\/span><\/div>\n<div  class='av-buildercomment  av-blog-meta-html-info-disabled av-blog-meta-tag-disabled  '><\/div>\n","protected":false},"excerpt":{"rendered":"","protected":false},"author":1,"featured_media":14116,"comment_status":"open","ping_status":"open","sticky":false,"template":"","format":"standard","meta":{"footnotes":""},"categories":[35],"tags":[],"class_list":["post-14115","post","type-post","status-publish","format-standard","has-post-thumbnail","hentry","category-politica"],"jetpack_featured_media_url":"https:\/\/radiorevelacionfm.cl\/wp-content\/uploads\/2022\/02\/image-22-1.jpg","_links":{"self":[{"href":"https:\/\/radiorevelacionfm.cl\/index.php?rest_route=\/wp\/v2\/posts\/14115","targetHints":{"allow":["GET"]}}],"collection":[{"href":"https:\/\/radiorevelacionfm.cl\/index.php?rest_route=\/wp\/v2\/posts"}],"about":[{"href":"https:\/\/radiorevelacionfm.cl\/index.php?rest_route=\/wp\/v2\/types\/post"}],"author":[{"embeddable":true,"href":"https:\/\/radiorevelacionfm.cl\/index.php?rest_route=\/wp\/v2\/users\/1"}],"replies":[{"embeddable":true,"href":"https:\/\/radiorevelacionfm.cl\/index.php?rest_route=%2Fwp%2Fv2%2Fcomments&post=14115"}],"version-history":[{"count":2,"href":"https:\/\/radiorevelacionfm.cl\/index.php?rest_route=\/wp\/v2\/posts\/14115\/revisions"}],"predecessor-version":[{"id":14118,"href":"https:\/\/radiorevelacionfm.cl\/index.php?rest_route=\/wp\/v2\/posts\/14115\/revisions\/14118"}],"wp:featuredmedia":[{"embeddable":true,"href":"https:\/\/radiorevelacionfm.cl\/index.php?rest_route=\/wp\/v2\/media\/14116"}],"wp:attachment":[{"href":"https:\/\/radiorevelacionfm.cl\/index.php?rest_route=%2Fwp%2Fv2%2Fmedia&parent=14115"}],"wp:term":[{"taxonomy":"category","embeddable":true,"href":"https:\/\/radiorevelacionfm.cl\/index.php?rest_route=%2Fwp%2Fv2%2Fcategories&post=14115"},{"taxonomy":"post_tag","embeddable":true,"href":"https:\/\/radiorevelacionfm.cl\/index.php?rest_route=%2Fwp%2Fv2%2Ftags&post=14115"}],"curies":[{"name":"wp","href":"https:\/\/api.w.org\/{rel}","templated":true}]}}