{"id":14110,"date":"2022-03-01T10:00:42","date_gmt":"2022-03-01T13:00:42","guid":{"rendered":"https:\/\/radiorevelacionfm.cl\/?p=14110"},"modified":"2022-03-01T10:02:32","modified_gmt":"2022-03-01T13:02:32","slug":"mas-de-158-millones-se-transaron-en-mercado-publico-durante-el-2021-en-la-region-de-aysen","status":"publish","type":"post","link":"https:\/\/radiorevelacionfm.cl\/?p=14110","title":{"rendered":"M\u00e1s de 158 millones se transaron en Mercado P\u00fablico durante el 2021 en la regi\u00f3n de Ays\u00e9n"},"content":{"rendered":"<div class=\"flex_column av_one_full  flex_column_div av-zero-column-padding first  avia-builder-el-0  el_before_av_one_full  avia-builder-el-first  \" style='border-radius:0px; '><div  class='avia-image-container  av-styling-    avia-builder-el-1  avia-builder-el-no-sibling  avia-align-center '  itemprop=\"image\" itemscope=\"itemscope\" itemtype=\"https:\/\/schema.org\/ImageObject\"  ><div class='avia-image-container-inner'><div class='avia-image-overlay-wrap'><img decoding=\"async\" class='wp-image-14111 avia-img-lazy-loading-not-14111 avia_image' src=\"https:\/\/radiorevelacionfm.cl\/wp-content\/uploads\/2022\/02\/Mercado-Publico-1-1.jpg\" alt='' title='Mercado Publico (1) (1)' height=\"600\" width=\"903\"  itemprop=\"thumbnailUrl\" srcset=\"https:\/\/radiorevelacionfm.cl\/wp-content\/uploads\/2022\/02\/Mercado-Publico-1-1.jpg 903w, https:\/\/radiorevelacionfm.cl\/wp-content\/uploads\/2022\/02\/Mercado-Publico-1-1-300x199.jpg 300w, https:\/\/radiorevelacionfm.cl\/wp-content\/uploads\/2022\/02\/Mercado-Publico-1-1-768x510.jpg 768w, https:\/\/radiorevelacionfm.cl\/wp-content\/uploads\/2022\/02\/Mercado-Publico-1-1-705x468.jpg 705w, https:\/\/radiorevelacionfm.cl\/wp-content\/uploads\/2022\/02\/Mercado-Publico-1-1-600x399.jpg 600w\" sizes=\"(max-width: 903px) 100vw, 903px\" \/><\/div><\/div><\/div><\/div><div class=\"flex_column av_one_full  flex_column_div av-zero-column-padding first  avia-builder-el-2  el_after_av_one_full  el_before_av_one_full  column-top-margin\" style='border-radius:0px; '><section class=\"av_textblock_section \"  itemscope=\"itemscope\" itemtype=\"https:\/\/schema.org\/BlogPosting\" itemprop=\"blogPost\" ><div class='avia_textblock  '   itemprop=\"text\" ><p style=\"text-align: center;\"><strong><span style=\"font-size: 18pt;\">M\u00e1s de 158 millones se transaron en Mercado P\u00fablico durante el 2021 en la regi\u00f3n de Ays\u00e9n<\/span><\/strong><\/p>\n<div id=\"gtx-trans\" style=\"position: absolute; left: -50px; top: 4.31534px;\">\n<div class=\"gtx-trans-icon\"><\/div>\n<\/div>\n<\/div><\/section><\/div><div class=\"flex_column av_one_full  flex_column_div av-zero-column-padding first  avia-builder-el-4  el_after_av_one_full  el_before_av_hr  column-top-margin\" style='border-radius:0px; '><section class=\"av_textblock_section \"  itemscope=\"itemscope\" itemtype=\"https:\/\/schema.org\/BlogPosting\" itemprop=\"blogPost\" ><div class='avia_textblock  '   itemprop=\"text\" ><p style=\"text-align: justify;\">Durante el 2021 se transaron 158.198 millones de pesos (US$ 210 millones) a trav\u00e9s de\u00a0<a href=\"http:\/\/www.mercadopublico.cl\/\">www.mercadopublico.cl<\/a>\u00a0en la Regi\u00f3n de Ays\u00e9n con 36.393 \u00f3rdenes de compra emitidas por los diferentes organismos p\u00fablicos. De ese total, las micro, peque\u00f1as y medianas empresas se adjudicaron 111.383 millones de pesos, es decir, un 70% del monto total.<\/p>\n<p style=\"text-align: justify;\">El\u00a0Subsecretario de Hacienda, Alejandro Weber\u00a0destac\u00f3 que \u201cel mercado p\u00fablico representa una oportunidad para generar negocios con instancias concretas de ventas para las Mipymes. Se han profundizado las oportunidades gracias a la Compra \u00c1gil, modalidad participativa, accesible y transparente, que apunta especialmente a las empresas de menor tama\u00f1o para la venta de productos o servicios por montos menores a 30 UTM (1.500.000 de pesos aproximadamente)\u201d.<\/p>\n<p style=\"text-align: justify;\">En la Regi\u00f3n, las instituciones con mayor participaci\u00f3n fueron: MOP &#8211; DIRECCI\u00d3N DE VIALIDAD (48.443.193.024 pesos); SERVICIO NACIONAL DE SALUD HOSPITAL DE C (15.282.849.590 pesos); MINISTERIO DE OBRAS PUBLICAS DIRECCION GRAL DE OOPP DCYF (14.711.478.035 pesos). Por su parte, los rubros m\u00e1s solicitados fueron: Obras (US$ 68.762.753); Servicios de construcci\u00f3n y mantenimiento (US$ 21.785.847); Obras MINVU (US$ 12.005.970).<\/p>\n<p style=\"text-align: justify;\">A nivel nacional, durante el 2021 los montos totales transados por los organismos del Estado a trav\u00e9s de la plataforma de ChileCompra, <a href=\"http:\/\/www.mercadopublico.cl\/\">www.mercadopublico.cl<\/a>, alcanzaron US$ 15.015 millones. La participaci\u00f3n de las MiPymes (micro, peque\u00f1as y medianas empresas) alcanza m\u00e1s de US$ 7.730 millones, lo que representa un 51,5% del monto anual, esto es 2,7 veces m\u00e1s que en la econom\u00eda nacional donde este segmento de empresas transa un 14% de las ventas anuales (seg\u00fan SII: Ventas_anuales_SII).<\/p>\n<p style=\"text-align: justify;\">En cuanto a la participaci\u00f3n de las Mipymes sobre los montos transados de su regi\u00f3n, destacan: Ays\u00e9n, O&#8217;Higgins, y Tarapac\u00e1 con 70%, 69% y 69% respectivamente.<\/p>\n<p style=\"text-align: justify;\"><strong>Interoperabilidad en el Estado: Mipymes creadas en \u201cTu empresa en 1 d\u00eda\u201d pueden acceder f\u00e1cilmente a ser proveedoras del Estado<\/strong><\/p>\n<p style=\"text-align: justify;\">Los emprendedores tienen una buena noticia para sus negocios: desde febrero de 2022, quienes se constituyan formalmente a trav\u00e9s del portal\u00a0<a href=\"https:\/\/nts.embluemail.com\/p\/cl?data=GqLCdR1aCtGNIulS%2F9cL2paGudRCJmfNILWYabOyGdDTepGFyEr6qr6AQf55k8vzrNWcGW3J%2BBl6wRflUsJJ8N4gNJJOGiJiAcBEDnh6%2B%2BU%3D!-!,g9en,!-!https%3A%2F%2Fwww.registrodeempresasysociedades.cl%2F%3Futm_source=emBlue%26utm_medium=email%26utm_campaign=Prueba+2%26utm_content=Cifras+-+PRENSA+AYSEN--Comunicado+Prensa%24158.198+millones+se+transaron+en+Mercado+P%C3%BAblico+durante+el+2021+en+la+regi%C3%B3n+d...%26utm_term=multiple--3--none--10-20--ENVIO+SIMPLE%26embtrk%3D5d8hr-R-53991312-R-,g9en,-R-6c1ci%3A4\">\u201cTu empresa en 1 d\u00eda\u201d\u00a0<\/a>y cuenten con iniciaci\u00f3n de actividades, podr\u00e1n inscribirse de manera sencilla a trav\u00e9s de un formulario disponible en los tr\u00e1mites en l\u00ednea de ese portal, para ser proveedores en la plataforma de ChileCompra\u00a0<a href=\"https:\/\/nts.embluemail.com\/p\/cl?data=6oNx3%2F8mp5GWtvLZh19U4lpf8OgpA89oCns2cRCU6nHvSOJhP4qVOcoWzn8F62CG1bneYX1D2QASXjJuGxpuZb3XkDU8tr2zaRaaCbBwrWo%3D!-!,g9en,!-!https%3A%2F%2Fwww.mercadopublico.cl%2FHome%3Futm_source=emBlue%26utm_medium=email%26utm_campaign=Prueba+2%26utm_content=Cifras+-+PRENSA+AYSEN--Comunicado+Prensa%24158.198+millones+se+transaron+en+Mercado+P%C3%BAblico+durante+el+2021+en+la+regi%C3%B3n+d...%26utm_term=multiple--3--none--10-20--ENVIO+SIMPLE%26embtrk%3D5d8hr-R-53991313-R-,g9en,-R-6c1ci%3A4\">www.mercadopublico.cl<\/a>\u00a0donde se realizan transacciones por m\u00e1s de US$ 15.429 millones.<\/p>\n<p style=\"text-align: justify;\">As\u00ed, podr\u00e1n revisar la demanda de productos y servicios de los organismos, hospitales y municipios a lo largo del pa\u00eds a trav\u00e9s de Mercado P\u00fablico y postular a todas las oportunidades de negocios que se publican a diario.<\/p>\n<p style=\"text-align: justify;\">Tania Perich, directora de ChileCompra\u00a0explic\u00f3: \u201cbuscamos integrarnos con otros organismos del Estado para facilitar a proveedores y compradores las gestiones asociadas a las compras p\u00fablicas y de esa forma acercamos especialmente a los peque\u00f1os empresarios, para que aumenten sus ventas en\u00a0<a href=\"https:\/\/nts.embluemail.com\/p\/cl?data=%2FMp152YzoDbYQUXPjIB0%2BVmsd8W7JKVSPv10e%2Bo9zFNZlNaBR9MNmlna4P8U%2FQI6%2BSlOPgWxTf7vUFz4OAxEG3UXD71tSCnA%2BiryWxLgxOw%3D!-!,g9en,!-!https%3A%2F%2Fwww.mercadopublico.cl%2FHome%3Futm_source=emBlue%26utm_medium=email%26utm_campaign=Prueba+2%26utm_content=Cifras+-+PRENSA+AYSEN--Comunicado+Prensa%24158.198+millones+se+transaron+en+Mercado+P%C3%BAblico+durante+el+2021+en+la+regi%C3%B3n+d...%26utm_term=multiple--3--none--10-20--ENVIO+SIMPLE%26embtrk%3D5d8hr-R-53991314-R-,g9en,-R-6c1ci%3A4\">www.mercadopublico.cl.<\/a>\u00a0Tambi\u00e9n pueden participar en forma m\u00e1s f\u00e1cil en la modalidad denominada Compra \u00c1gil que es muy abierta y r\u00e1pida para las ventas de hasta 30 UTM\u201d.<\/p>\n<p style=\"text-align: justify;\">Las empresas inscritas a trav\u00e9s de ese formulario y que se acrediten en el Registro de proveedores, tendr\u00e1n su documentaci\u00f3n legal siempre actualizada a disposici\u00f3n de los compradores del Estado los que, trav\u00e9s de un link, podr\u00e1n ir a buscar la \u00faltima versi\u00f3n de los documentos que figuren en el portal de Tu Empresa en 1 d\u00eda.<\/p>\n<p style=\"text-align: justify;\">El tr\u00e1mite de inscripci\u00f3n en\u00a0<a href=\"https:\/\/nts.embluemail.com\/p\/cl?data=C6q4fBgGAbB7hsYcbkP%2BQIKmsJ5NW%2Fj2qDwH1rGCJmwSwm%2BZoAhklGUR8heE1YQ%2BQQiG%2BVMK24x%2Bf9fFFF2tTdPgkGxlmjb1%2BEJt68SXoGA%3D!-!,g9en,!-!https%3A%2F%2Fwww.mercadopublico.cl%2FHome%3Futm_source=emBlue%26utm_medium=email%26utm_campaign=Prueba+2%26utm_content=Cifras+-+PRENSA+AYSEN--Comunicado+Prensa%24158.198+millones+se+transaron+en+Mercado+P%C3%BAblico+durante+el+2021+en+la+regi%C3%B3n+d...%26utm_term=multiple--3--none--10-20--ENVIO+SIMPLE%26embtrk%3D5d8hr-R-53991315-R-,g9en,-R-6c1ci%3A4\">Mercado P\u00fablico\u00a0<\/a>lo podr\u00e1 realizar alguna de las personas que haya participado de la constituci\u00f3n de la empresa, sea el socio, accionista o representante legal, para aquellas empresas nuevas o creadas con una antig\u00fcedad no superior a 60 d\u00edas al momento de la inscripci\u00f3n.<\/p>\n<\/div><\/section><\/div><div  style='height:50px' class='hr hr-invisible   avia-builder-el-6  el_after_av_one_full  el_before_av_social_share '><span class='hr-inner ' ><span class='hr-inner-style'><\/span><\/span><\/div><\/p>\n<div  class='av-social-sharing-box  avia-builder-el-7  el_after_av_hr  el_before_av_hr  '><div class='av-share-box'><h5 class='av-share-link-description av-no-toc '>Compartir esta noticia<\/h5><ul class='av-share-box-list noLightbox'><li class='av-share-link av-social-link-facebook' ><a target=\"_blank\" aria-label=\"Compartir en Facebook\" href='https:\/\/www.facebook.com\/sharer.php?u=https:\/\/radiorevelacionfm.cl\/?p=14110&#038;t=M%C3%A1s%20de%20158%20millones%20se%20transaron%20en%20Mercado%20P%C3%BAblico%20durante%20el%202021%20en%20la%20regi%C3%B3n%20de%20Ays%C3%A9n' aria-hidden='false' data-av_icon='\ue8f3' data-av_iconfont='entypo-fontello' title='' data-avia-related-tooltip='Compartir en Facebook' rel=\"noopener\"><span class='avia_hidden_link_text'>Compartir en Facebook<\/span><\/a><\/li><li class='av-share-link av-social-link-twitter' ><a target=\"_blank\" aria-label=\"Compartir en Twitter\" href='https:\/\/twitter.com\/share?text=M%C3%A1s%20de%20158%20millones%20se%20transaron%20en%20Mercado%20P%C3%BAblico%20durante%20el%202021%20en%20la%20regi%C3%B3n%20de%20Ays%C3%A9n&#038;url=https:\/\/radiorevelacionfm.cl\/?p=14110' aria-hidden='false' data-av_icon='\ue8f1' data-av_iconfont='entypo-fontello' title='' data-avia-related-tooltip='Compartir en Twitter' rel=\"noopener\"><span class='avia_hidden_link_text'>Compartir en Twitter<\/span><\/a><\/li><li class='av-share-link av-social-link-whatsapp' ><a target=\"_blank\" aria-label=\"Compartir en Whatsapp\" href='https:\/\/api.whatsapp.com\/send?text=https:\/\/radiorevelacionfm.cl\/?p=14110' aria-hidden='false' data-av_icon='\uf232' data-av_iconfont='entypo-fontello' title='' data-avia-related-tooltip='Compartir en Whatsapp' rel=\"noopener\"><span class='avia_hidden_link_text'>Compartir en Whatsapp<\/span><\/a><\/li><li class='av-share-link av-social-link-linkedin' ><a target=\"_blank\" aria-label=\"Compartir en LinkedIn\" href='https:\/\/linkedin.com\/shareArticle?mini=true&#038;title=M%C3%A1s%20de%20158%20millones%20se%20transaron%20en%20Mercado%20P%C3%BAblico%20durante%20el%202021%20en%20la%20regi%C3%B3n%20de%20Ays%C3%A9n&#038;url=https:\/\/radiorevelacionfm.cl\/?p=14110' aria-hidden='false' data-av_icon='\ue8fc' data-av_iconfont='entypo-fontello' title='' data-avia-related-tooltip='Compartir en LinkedIn' rel=\"noopener\"><span class='avia_hidden_link_text'>Compartir en LinkedIn<\/span><\/a><\/li><li class='av-share-link av-social-link-mail' ><a  aria-label=\"Compartir por correo\" href='mailto:?subject=M%C3%A1s%20de%20158%20millones%20se%20transaron%20en%20Mercado%20P%C3%BAblico%20durante%20el%202021%20en%20la%20regi%C3%B3n%20de%20Ays%C3%A9n&#038;body=https:\/\/radiorevelacionfm.cl\/?p=14110' aria-hidden='false' data-av_icon='\ue805' data-av_iconfont='entypo-fontello' title='' data-avia-related-tooltip='Compartir por correo'><span class='avia_hidden_link_text'>Compartir por correo<\/span><\/a><\/li><\/ul><\/div><\/div>\n<div  style='height:50px' class='hr hr-invisible   avia-builder-el-8  el_after_av_social_share  el_before_av_comments_list '><span class='hr-inner ' ><span class='hr-inner-style'><\/span><\/span><\/div>\n<div  class='av-buildercomment  av-blog-meta-html-info-disabled av-blog-meta-tag-disabled  '><\/div>\n","protected":false},"excerpt":{"rendered":"","protected":false},"author":1,"featured_media":14111,"comment_status":"open","ping_status":"open","sticky":false,"template":"","format":"standard","meta":{"footnotes":""},"categories":[38],"tags":[],"class_list":["post-14110","post","type-post","status-publish","format-standard","has-post-thumbnail","hentry","category-regional"],"jetpack_featured_media_url":"https:\/\/radiorevelacionfm.cl\/wp-content\/uploads\/2022\/02\/Mercado-Publico-1-1.jpg","_links":{"self":[{"href":"https:\/\/radiorevelacionfm.cl\/index.php?rest_route=\/wp\/v2\/posts\/14110","targetHints":{"allow":["GET"]}}],"collection":[{"href":"https:\/\/radiorevelacionfm.cl\/index.php?rest_route=\/wp\/v2\/posts"}],"about":[{"href":"https:\/\/radiorevelacionfm.cl\/index.php?rest_route=\/wp\/v2\/types\/post"}],"author":[{"embeddable":true,"href":"https:\/\/radiorevelacionfm.cl\/index.php?rest_route=\/wp\/v2\/users\/1"}],"replies":[{"embeddable":true,"href":"https:\/\/radiorevelacionfm.cl\/index.php?rest_route=%2Fwp%2Fv2%2Fcomments&post=14110"}],"version-history":[{"count":2,"href":"https:\/\/radiorevelacionfm.cl\/index.php?rest_route=\/wp\/v2\/posts\/14110\/revisions"}],"predecessor-version":[{"id":14123,"href":"https:\/\/radiorevelacionfm.cl\/index.php?rest_route=\/wp\/v2\/posts\/14110\/revisions\/14123"}],"wp:featuredmedia":[{"embeddable":true,"href":"https:\/\/radiorevelacionfm.cl\/index.php?rest_route=\/wp\/v2\/media\/14111"}],"wp:attachment":[{"href":"https:\/\/radiorevelacionfm.cl\/index.php?rest_route=%2Fwp%2Fv2%2Fmedia&parent=14110"}],"wp:term":[{"taxonomy":"category","embeddable":true,"href":"https:\/\/radiorevelacionfm.cl\/index.php?rest_route=%2Fwp%2Fv2%2Fcategories&post=14110"},{"taxonomy":"post_tag","embeddable":true,"href":"https:\/\/radiorevelacionfm.cl\/index.php?rest_route=%2Fwp%2Fv2%2Ftags&post=14110"}],"curies":[{"name":"wp","href":"https:\/\/api.w.org\/{rel}","templated":true}]}}