{"id":14106,"date":"2022-02-28T14:35:06","date_gmt":"2022-02-28T17:35:06","guid":{"rendered":"https:\/\/radiorevelacionfm.cl\/?p=14106"},"modified":"2022-02-28T14:35:06","modified_gmt":"2022-02-28T17:35:06","slug":"equipos-educativos-de-fundacion-integra-se-capacitan-para-el-inicio-del-ano-escolar","status":"publish","type":"post","link":"https:\/\/radiorevelacionfm.cl\/?p=14106","title":{"rendered":"Equipos educativos de Fundaci\u00f3n Integra se capacitan para el inicio del a\u00f1o escolar"},"content":{"rendered":"<div class=\"flex_column av_one_full  flex_column_div av-zero-column-padding first  avia-builder-el-0  el_before_av_one_full  avia-builder-el-first  \" style='border-radius:0px; '><div  class='avia-image-container  av-styling-    avia-builder-el-1  avia-builder-el-no-sibling  avia-align-center '  itemprop=\"image\" itemscope=\"itemscope\" itemtype=\"https:\/\/schema.org\/ImageObject\"  ><div class='avia-image-container-inner'><div class='avia-image-overlay-wrap'><img decoding=\"async\" class='wp-image-14107 avia-img-lazy-loading-not-14107 avia_image' src=\"https:\/\/radiorevelacionfm.cl\/wp-content\/uploads\/2022\/02\/image-21_optimized.jpg\" alt='' title='image-(21)_optimized' height=\"600\" width=\"1059\"  itemprop=\"thumbnailUrl\" srcset=\"https:\/\/radiorevelacionfm.cl\/wp-content\/uploads\/2022\/02\/image-21_optimized.jpg 1059w, https:\/\/radiorevelacionfm.cl\/wp-content\/uploads\/2022\/02\/image-21_optimized-300x170.jpg 300w, https:\/\/radiorevelacionfm.cl\/wp-content\/uploads\/2022\/02\/image-21_optimized-1030x584.jpg 1030w, https:\/\/radiorevelacionfm.cl\/wp-content\/uploads\/2022\/02\/image-21_optimized-768x435.jpg 768w, https:\/\/radiorevelacionfm.cl\/wp-content\/uploads\/2022\/02\/image-21_optimized-705x399.jpg 705w, https:\/\/radiorevelacionfm.cl\/wp-content\/uploads\/2022\/02\/image-21_optimized-600x340.jpg 600w\" sizes=\"(max-width: 1059px) 100vw, 1059px\" \/><\/div><\/div><\/div><\/div><div class=\"flex_column av_one_full  flex_column_div av-zero-column-padding first  avia-builder-el-2  el_after_av_one_full  el_before_av_one_full  column-top-margin\" style='border-radius:0px; '><section class=\"av_textblock_section \"  itemscope=\"itemscope\" itemtype=\"https:\/\/schema.org\/BlogPosting\" itemprop=\"blogPost\" ><div class='avia_textblock  '   itemprop=\"text\" ><p style=\"text-align: center;\"><strong><span style=\"font-size: 18pt;\">Equipos educativos de Fundaci\u00f3n Integra se capacitan para el inicio del a\u00f1o escolar<\/span><\/strong><\/p>\n<div id=\"gtx-trans\" style=\"position: absolute; left: -50px; top: 4.31534px;\">\n<div class=\"gtx-trans-icon\"><\/div>\n<\/div>\n<\/div><\/section><\/div><div class=\"flex_column av_one_full  flex_column_div av-zero-column-padding first  avia-builder-el-4  el_after_av_one_full  el_before_av_hr  column-top-margin\" style='border-radius:0px; '><section class=\"av_textblock_section \"  itemscope=\"itemscope\" itemtype=\"https:\/\/schema.org\/BlogPosting\" itemprop=\"blogPost\" ><div class='avia_textblock  '   itemprop=\"text\" ><p style=\"text-align: justify;\">La totalidad de los jardines infantiles y salas cuna de Fundaci\u00f3n Integra vuelven esta semana a la atenci\u00f3n presencial de las ni\u00f1as y ni\u00f1os que forman parte de la instituci\u00f3n y para eso los equipos educativos se han estado capacitando para ofrecer las mejores condiciones para este nuevo a\u00f1o parvulario con el fin de entregar una educaci\u00f3n de calidad a los p\u00e1rvulos de la regi\u00f3n.<\/p>\n<p style=\"text-align: justify;\">Durante la semana pasada m\u00e1s de 270 trabajadoras de la regi\u00f3n participaron del Hito 1 de la Formaci\u00f3n Bienal, instancia de formaci\u00f3n, que es parte del Plan Nacional de Formaci\u00f3n del sistema AprendeS, en la que los equipos educativos de los jardines infantiles y salas cuna retomaron las tem\u00e1ticas de Bases Curriculares de la Educaci\u00f3n Parvularia adem\u00e1s del Referente Curricular de Integra en las que se profundiz\u00f3 en la labor educativa conjunta entre equipos, familias y las comunidades en el contexto del Proyecto Educativo Institucional.<\/p>\n<p style=\"text-align: justify;\">La Jefa Territorial de Calidad Educativa, Ver\u00f3nica C\u00e1rcamo Galaz destac\u00f3 que \u201cla importancia de este hito tiene que ver con entregar conocimientos y el reflexionar respecto de cu\u00e1l es la mirada que tiene la Fundaci\u00f3n de esta labor conjunta entre familia y comunidad\u201d. Al mismo tiempo destac\u00f3 la importancia de \u201crelevar el rol transversal que cumple la educaci\u00f3n, desde su perspectiva social con las familias y comunidad, reflexionar en c\u00f3mo nos posicionamos como agentes de cambio social y de identificar los elementos estrat\u00e9gicos de la labor educativa en conjunto con las familias y comunidades\u201d.<\/p>\n<p style=\"text-align: justify;\">Durante el 2022, se realizar\u00e1n un total de 4 hitos, para dar continuidad a la capacitaci\u00f3n iniciada en 2019 \u2013que fue postergada por la emergencia sanitaria de COVID-19-, que busca tambi\u00e9n un reconocimiento del rol de las profesionales y t\u00e9cnicos de la educaci\u00f3n como agentes de cambio social por su aporte en la entrega de una educaci\u00f3n parvularia de calidad para ni\u00f1os y ni\u00f1as. Lo anterior, en el contexto de un programa de formaci\u00f3n nacional que trata temas transversales que emanan de la pol\u00edtica p\u00fablica y\/o de necesidades institucionales.<\/p>\n<p style=\"text-align: justify;\">Este a\u00f1o el programa tiene una modalidad de autoaplicaci\u00f3n, desarrollando los contenidos a trav\u00e9s de videos realizados junto a externos especialistas en el contenido y con fichas de trabajo para desarrollar en peque\u00f1os grupos en el jard\u00edn infantil.<\/p>\n<p style=\"text-align: justify;\">La Jefa Territorial de Calidad Educativa destac\u00f3 que para poder llevar a cabo estas capacitaciones se tuvo que desplegar todo el equipo de oficina regional quienes tuvieron que \u201cacompa\u00f1ar a los equipos educativos en este inicio a\u00f1o y ser su soporte t\u00e9cnico para las distintas metodolog\u00edas para esta Formaci\u00f3n Bienal\u201d. Del mismo modo recalc\u00f3 que \u201cse profundiz\u00f3 en aquellos puntos en los que los equipos educativos creen necesarios y que les sirven para sus pr\u00e1cticas pedag\u00f3gicas adem\u00e1s de su Proyecto Educativo Institucional\u201d.<\/p>\n<p style=\"text-align: justify;\">En el marco de la aplicaci\u00f3n de protocolos y orientaciones institucionales y de las autoridades de Salud y Educaci\u00f3n, se han desarrollado medidas preventivas, que incluyen espacios de control sanitario en accesos a establecimientos, instalaci\u00f3n de se\u00f1al\u00e9ticas y elementos de demarcaci\u00f3n de espacios, Elementos de Protecci\u00f3n Personal (EPP) e insumos de aseo para los equipos.<\/p>\n<p style=\"text-align: justify;\">Integra pertenece a la Red de Fundaciones de la Presidencia de la Rep\u00fablica. Con 31 a\u00f1os de experiencia, cuenta con m\u00e1s de 1.230 salas cuna y jardines infantiles gratuitos a los que asisten m\u00e1s de 90 mil ni\u00f1os y ni\u00f1as en todo Chile.<\/p>\n<\/div><\/section><\/div><div  style='height:50px' class='hr hr-invisible   avia-builder-el-6  el_after_av_one_full  el_before_av_social_share '><span class='hr-inner ' ><span class='hr-inner-style'><\/span><\/span><\/div><\/p>\n<div  class='av-social-sharing-box  avia-builder-el-7  el_after_av_hr  el_before_av_hr  '><div class='av-share-box'><h5 class='av-share-link-description av-no-toc '>Compartir esta noticia<\/h5><ul class='av-share-box-list noLightbox'><li class='av-share-link av-social-link-facebook' ><a target=\"_blank\" aria-label=\"Compartir en Facebook\" href='https:\/\/www.facebook.com\/sharer.php?u=https:\/\/radiorevelacionfm.cl\/?p=14106&#038;t=Equipos%20educativos%20de%20Fundaci%C3%B3n%20Integra%20se%20capacitan%20para%20el%20inicio%20del%20a%C3%B1o%20escolar' aria-hidden='false' data-av_icon='\ue8f3' data-av_iconfont='entypo-fontello' title='' data-avia-related-tooltip='Compartir en Facebook' rel=\"noopener\"><span class='avia_hidden_link_text'>Compartir en Facebook<\/span><\/a><\/li><li class='av-share-link av-social-link-twitter' ><a target=\"_blank\" aria-label=\"Compartir en Twitter\" href='https:\/\/twitter.com\/share?text=Equipos%20educativos%20de%20Fundaci%C3%B3n%20Integra%20se%20capacitan%20para%20el%20inicio%20del%20a%C3%B1o%20escolar&#038;url=https:\/\/radiorevelacionfm.cl\/?p=14106' aria-hidden='false' data-av_icon='\ue8f1' data-av_iconfont='entypo-fontello' title='' data-avia-related-tooltip='Compartir en Twitter' rel=\"noopener\"><span class='avia_hidden_link_text'>Compartir en Twitter<\/span><\/a><\/li><li class='av-share-link av-social-link-whatsapp' ><a target=\"_blank\" aria-label=\"Compartir en Whatsapp\" href='https:\/\/api.whatsapp.com\/send?text=https:\/\/radiorevelacionfm.cl\/?p=14106' aria-hidden='false' data-av_icon='\uf232' data-av_iconfont='entypo-fontello' title='' data-avia-related-tooltip='Compartir en Whatsapp' rel=\"noopener\"><span class='avia_hidden_link_text'>Compartir en Whatsapp<\/span><\/a><\/li><li class='av-share-link av-social-link-linkedin' ><a target=\"_blank\" aria-label=\"Compartir en LinkedIn\" href='https:\/\/linkedin.com\/shareArticle?mini=true&#038;title=Equipos%20educativos%20de%20Fundaci%C3%B3n%20Integra%20se%20capacitan%20para%20el%20inicio%20del%20a%C3%B1o%20escolar&#038;url=https:\/\/radiorevelacionfm.cl\/?p=14106' aria-hidden='false' data-av_icon='\ue8fc' data-av_iconfont='entypo-fontello' title='' data-avia-related-tooltip='Compartir en LinkedIn' rel=\"noopener\"><span class='avia_hidden_link_text'>Compartir en LinkedIn<\/span><\/a><\/li><li class='av-share-link av-social-link-mail' ><a  aria-label=\"Compartir por correo\" href='mailto:?subject=Equipos%20educativos%20de%20Fundaci%C3%B3n%20Integra%20se%20capacitan%20para%20el%20inicio%20del%20a%C3%B1o%20escolar&#038;body=https:\/\/radiorevelacionfm.cl\/?p=14106' aria-hidden='false' data-av_icon='\ue805' data-av_iconfont='entypo-fontello' title='' data-avia-related-tooltip='Compartir por correo'><span class='avia_hidden_link_text'>Compartir por correo<\/span><\/a><\/li><\/ul><\/div><\/div>\n<div  style='height:50px' class='hr hr-invisible   avia-builder-el-8  el_after_av_social_share  el_before_av_comments_list '><span class='hr-inner ' ><span class='hr-inner-style'><\/span><\/span><\/div>\n<div  class='av-buildercomment  av-blog-meta-html-info-disabled av-blog-meta-tag-disabled  '><\/div>\n","protected":false},"excerpt":{"rendered":"","protected":false},"author":1,"featured_media":14107,"comment_status":"open","ping_status":"open","sticky":false,"template":"","format":"standard","meta":{"footnotes":""},"categories":[49],"tags":[],"class_list":["post-14106","post","type-post","status-publish","format-standard","has-post-thumbnail","hentry","category-educacion"],"jetpack_featured_media_url":"https:\/\/radiorevelacionfm.cl\/wp-content\/uploads\/2022\/02\/image-21_optimized.jpg","_links":{"self":[{"href":"https:\/\/radiorevelacionfm.cl\/index.php?rest_route=\/wp\/v2\/posts\/14106","targetHints":{"allow":["GET"]}}],"collection":[{"href":"https:\/\/radiorevelacionfm.cl\/index.php?rest_route=\/wp\/v2\/posts"}],"about":[{"href":"https:\/\/radiorevelacionfm.cl\/index.php?rest_route=\/wp\/v2\/types\/post"}],"author":[{"embeddable":true,"href":"https:\/\/radiorevelacionfm.cl\/index.php?rest_route=\/wp\/v2\/users\/1"}],"replies":[{"embeddable":true,"href":"https:\/\/radiorevelacionfm.cl\/index.php?rest_route=%2Fwp%2Fv2%2Fcomments&post=14106"}],"version-history":[{"count":2,"href":"https:\/\/radiorevelacionfm.cl\/index.php?rest_route=\/wp\/v2\/posts\/14106\/revisions"}],"predecessor-version":[{"id":14113,"href":"https:\/\/radiorevelacionfm.cl\/index.php?rest_route=\/wp\/v2\/posts\/14106\/revisions\/14113"}],"wp:featuredmedia":[{"embeddable":true,"href":"https:\/\/radiorevelacionfm.cl\/index.php?rest_route=\/wp\/v2\/media\/14107"}],"wp:attachment":[{"href":"https:\/\/radiorevelacionfm.cl\/index.php?rest_route=%2Fwp%2Fv2%2Fmedia&parent=14106"}],"wp:term":[{"taxonomy":"category","embeddable":true,"href":"https:\/\/radiorevelacionfm.cl\/index.php?rest_route=%2Fwp%2Fv2%2Fcategories&post=14106"},{"taxonomy":"post_tag","embeddable":true,"href":"https:\/\/radiorevelacionfm.cl\/index.php?rest_route=%2Fwp%2Fv2%2Ftags&post=14106"}],"curies":[{"name":"wp","href":"https:\/\/api.w.org\/{rel}","templated":true}]}}