{"id":14102,"date":"2022-02-28T12:30:45","date_gmt":"2022-02-28T15:30:45","guid":{"rendered":"https:\/\/radiorevelacionfm.cl\/?p=14102"},"modified":"2022-02-28T12:30:45","modified_gmt":"2022-02-28T15:30:45","slug":"cerca-de-30-mil-millones-se-han-invertido-estos-cuatro-anos-en-mejorar-condiciones-de-conectividad-aerea-de-diversas-comunidades-de-la-region-de-aysen","status":"publish","type":"post","link":"https:\/\/radiorevelacionfm.cl\/?p=14102","title":{"rendered":"Cerca de $30 mil millones se han invertido estos cuatro a\u00f1os en mejorar condiciones de conectividad a\u00e9rea de diversas comunidades de la regi\u00f3n de Ays\u00e9n"},"content":{"rendered":"<div class=\"flex_column av_one_full  flex_column_div av-zero-column-padding first  avia-builder-el-0  el_before_av_one_full  avia-builder-el-first  \" style='border-radius:0px; '><div  class='avia-image-container  av-styling-    avia-builder-el-1  avia-builder-el-no-sibling  avia-align-center '  itemprop=\"image\" itemscope=\"itemscope\" itemtype=\"https:\/\/schema.org\/ImageObject\"  ><div class='avia-image-container-inner'><div class='avia-image-overlay-wrap'><img decoding=\"async\" class='wp-image-14103 avia-img-lazy-loading-not-14103 avia_image' src=\"https:\/\/radiorevelacionfm.cl\/wp-content\/uploads\/2022\/02\/pista-de-villa-ohiggins-1_optimized.jpg\" alt='' title='pista-de-villa-ohiggins-(1)_optimized' height=\"600\" width=\"1390\"  itemprop=\"thumbnailUrl\" srcset=\"https:\/\/radiorevelacionfm.cl\/wp-content\/uploads\/2022\/02\/pista-de-villa-ohiggins-1_optimized.jpg 1390w, https:\/\/radiorevelacionfm.cl\/wp-content\/uploads\/2022\/02\/pista-de-villa-ohiggins-1_optimized-300x129.jpg 300w, https:\/\/radiorevelacionfm.cl\/wp-content\/uploads\/2022\/02\/pista-de-villa-ohiggins-1_optimized-1030x445.jpg 1030w, https:\/\/radiorevelacionfm.cl\/wp-content\/uploads\/2022\/02\/pista-de-villa-ohiggins-1_optimized-768x332.jpg 768w, https:\/\/radiorevelacionfm.cl\/wp-content\/uploads\/2022\/02\/pista-de-villa-ohiggins-1_optimized-705x304.jpg 705w, https:\/\/radiorevelacionfm.cl\/wp-content\/uploads\/2022\/02\/pista-de-villa-ohiggins-1_optimized-600x259.jpg 600w\" sizes=\"(max-width: 1390px) 100vw, 1390px\" \/><\/div><\/div><\/div><\/div><div class=\"flex_column av_one_full  flex_column_div av-zero-column-padding first  avia-builder-el-2  el_after_av_one_full  el_before_av_one_full  column-top-margin\" style='border-radius:0px; '><section class=\"av_textblock_section \"  itemscope=\"itemscope\" itemtype=\"https:\/\/schema.org\/BlogPosting\" itemprop=\"blogPost\" ><div class='avia_textblock  '   itemprop=\"text\" ><p style=\"text-align: center;\"><strong><span style=\"font-size: 18pt;\">Cerca de $30 mil millones se han invertido estos cuatro a\u00f1os en mejorar condiciones de conectividad a\u00e9rea de diversas comunidades de la regi\u00f3n de Ays\u00e9n<\/span><\/strong><\/p>\n<div id=\"gtx-trans\" style=\"position: absolute; left: -50px; top: 4.31534px;\">\n<div class=\"gtx-trans-icon\"><\/div>\n<\/div>\n<\/div><\/section><\/div><div class=\"flex_column av_one_full  flex_column_div av-zero-column-padding first  avia-builder-el-4  el_after_av_one_full  el_before_av_hr  column-top-margin\" style='border-radius:0px; '><section class=\"av_textblock_section \"  itemscope=\"itemscope\" itemtype=\"https:\/\/schema.org\/BlogPosting\" itemprop=\"blogPost\" ><div class='avia_textblock  '   itemprop=\"text\" ><p style=\"text-align: justify;\">El Secretario Regional Ministerial de Obras P\u00fablicas (S) Alejandro Cifuentes Celed\u00f3n destac\u00f3 esta semana la importante inversi\u00f3n de $30 mil millones que en estos cuatro a\u00f1os ha estado ejecutando la Direcci\u00f3n Regional de Aeropuertos del MOP en la mantenci\u00f3n de la Red de 29 Aer\u00f3dromos que se encuentran en la regi\u00f3n de Ays\u00e9n, a lo que se suma la adjudicaci\u00f3n de la concesi\u00f3n de la Red A\u00e9rea Austral la que \u00a0concentra una inversi\u00f3n que alcanza los 166 millones de d\u00f3lares, de los cuales 99 millones de d\u00f3lares aproximadamente ser\u00e1n invertidos en el Aer\u00f3dromo de Balmaceda.<\/p>\n<p style=\"text-align: justify;\">\u201cDurante todo este per\u00edodo de gobierno hemos abordado obras en diversos Aer\u00f3dromos tanto v\u00eda administraci\u00f3n directa con el personal de la Direcci\u00f3n Regional de Aeropuertos, realizando las conservaciones menores a la Red Aeroportuaria Regional \u2013desde La Junta hasta Villa O\u00b4Higgins-, lo que nos tiene muy contentos, porque cada uno de los 29 Aer\u00f3dromos de nuestra regi\u00f3n son de suma relevancia para las comunidades, toda vez que conectan, unen a los habitantes de diversos sectores de la regi\u00f3n, as\u00ed como tambi\u00e9n prestan servicio frente a evacuaciones aerom\u00e9dicas, emergencias, sirven de apoyo en emergencias forestales\/incendios y entregan soberan\u00eda, por lo tanto durante estos cuatro a\u00f1os hemos trabajado en forma permanente en mejorar estos Aer\u00f3dromos para que puedan mantener su buena condici\u00f3n por el mayor tiempo posible\u201d, indic\u00f3 el SEREMI del MOP (S).<\/p>\n<p style=\"text-align: justify;\">Dentro de los hitos de la gesti\u00f3n, la autoridad sectorial destac\u00f3 \u201cque durante estos cuatro a\u00f1os el crecimiento de las operaciones a\u00e9reas en la regi\u00f3n han aumentado y en condiciones de pandemia algunos Aer\u00f3dromos han tenido mayor demanda, por lo tanto en este escenario hemos realizado cinco obras bastantes importantes dentro de la regi\u00f3n como son en el Aer\u00f3dromo de Balmaceda en donde ejecutamos un contrato por $8.000 millones, y en donde instalamos nueva iluminaci\u00f3n led en la pista y pavimentamos la plataforma de estacionamientos de aeronaves para entregar mayor seguridad en la realizaci\u00f3n de operaciones a\u00e9reas; el Aer\u00f3dromo Teniente Vidal en donde realizamos una conservaci\u00f3n mayor que tuvo una inversi\u00f3n de $2.429 millones y que consider\u00f3 realizar el mejoramiento de la pista del Aer\u00f3dromo m\u00e1s la instalaci\u00f3n de dos estacionamientos para helic\u00f3pteros; el Aer\u00f3dromo Cabo Primero Juan Rom\u00e1n D\u00edaz en Puerto Ays\u00e9n al que hace m\u00e1s de 10 a\u00f1os no se le hac\u00eda una conservaci\u00f3n mayor y en donde reemplazamos el asfalto de toda la pista, construimos una nueva calle de rodaje con asfalto y se conserv\u00f3 el \u00e1rea de servicio que sirve de apoyo a los externos que tengan hangares en el sector, alcanzando una inversi\u00f3n de $2.050 millones; y en el Aer\u00f3dromo de Chile Chico se encuentra en ejecuci\u00f3n la reposici\u00f3n del pavimento de la pista, calle de rodaje y plataforma de estacionamiento y se le est\u00e1 incorporando un punto de posada para helic\u00f3pteros con una inversi\u00f3n de \u00a0$1.200 millones, quedando por invertir este a\u00f1o otros $2.300 millones m\u00e1s en nuevas obras que realizaremos pr\u00f3ximamente; tambi\u00e9n hemos tenido un fuerte trabajo en el \u00e1rea norte de la regi\u00f3n en donde en estos \u00faltimos a\u00f1os hemos tenido en promedio entre 12 y 14 obras en ejecuci\u00f3n en forma permanente y ya tenemos 6 mil millones de inversi\u00f3n entre obras de arrastre, nuevas y Estudio para licitar este a\u00f1o 2022, a lo que se suman 10 mil millones m\u00e1s para la conservaci\u00f3n rutinaria de la Red de peque\u00f1os Aer\u00f3dromos entre los que destaca el de Caleta Tortel, La Junta, Lago Verde, Puerto Ra\u00fal Mar\u00edn Balmaceda, La Tapera y Entrada Baker, entre otros, todo \u00a0gracias al \u00a0apoyo del gobierno del presidente Sebasti\u00e1n Pi\u00f1era quien junto a nuestro Ministro Moreno y Subsecretario Leturia le han dado un fuerte impulso a la conectividad a\u00e9rea en nuestra regi\u00f3n\u201d, afirm\u00f3 Alejandro Cifuentes Celed\u00f3n.<\/p>\n<p style=\"text-align: justify;\">As\u00ed que, agreg\u00f3 la autoridad del MOP, \u201cEstamos muy contentos de haber realizado un importante aporte como equipo estos 4 a\u00f1os a la Red Aeroportuaria regional, hace mucho tiempo que no se hac\u00eda una inversi\u00f3n de esta magnitud y estamos bastante conformes con tener nuestra red de Aer\u00f3dromos habilitados para hacer soberan\u00eda, servir de apoyo en operaciones\/evacuaciones aerom\u00e9dicas y frente a incendios forestales; y poder contar con conectividad a\u00e9rea los 365 d\u00edas del a\u00f1o y a partir de ah\u00ed, servir de herramienta para el desarrollo de las comunidades en el \u00e1rea productiva, econ\u00f3mica y tur\u00edstica y en todo el territorio regional\u201d.<\/p>\n<p style=\"text-align: justify;\"><strong><u>NUEVAS OBRAS<\/u><\/strong><\/p>\n<p style=\"text-align: justify;\">Entre las \u00a0nuevas obras a desarrollar \u201ctenemos en carpeta realizar la conservaci\u00f3n del Aer\u00f3dromo de R\u00edo Bravo, en el Aer\u00f3dromo de Balmaceda vamos a instalar otro sistema de luces adicional para que pueda recibir vuelos independientemente de los efectos clim\u00e1ticos adversos, vamos a efectuar la conservaci\u00f3n del Aer\u00f3dromo de Puyuhuapi el que durante los a\u00f1os 2020-2021 ha tenido una importancia bastante significativa producto de la pandemia, porque la autoridad sanitaria diagnostic\u00f3 a este Aer\u00f3dromo para recibir todo el recambio de personas que trabajan en las pisciculturas y centros de cultivo, lo que hizo que aumentaran las operaciones a\u00e9reas pasando de 10 a 20 operaciones a\u00e9reas anuales \u00a0a tener entre 200 y 300 operaciones a\u00e9reas anuales, por lo tanto hemos realizado un arduo trabajo en la estructura para que pueda prestar un buen servicio, y hoy est\u00e1 equipado con cobertizo, sala de espera, zona habilitada en caso de posibles contagios, entre otros; tambi\u00e9n, este a\u00f1o tenemos programado licitar un Estudio para la construcci\u00f3n de 20 puntos de posada en la provincia Capit\u00e1n Prat (actualmente contamos con puntos de posada de helic\u00f3pteros en Chile Chico, Cochrane y en el Aer\u00f3dromo \u00a0Teniente Vidal); y en Villa O\u00b4Higgins tenemos planificado efectuar la ampliaci\u00f3n de la pista del Aer\u00f3dromo\u201d, concluy\u00f3 Alejandro Cifuentes Celed\u00f3n.<\/p>\n<\/div><\/section><\/div><div  style='height:50px' class='hr hr-invisible   avia-builder-el-6  el_after_av_one_full  el_before_av_social_share '><span class='hr-inner ' ><span class='hr-inner-style'><\/span><\/span><\/div><\/p>\n<div  class='av-social-sharing-box  avia-builder-el-7  el_after_av_hr  el_before_av_hr  '><div class='av-share-box'><h5 class='av-share-link-description av-no-toc '>Compartir esta noticia<\/h5><ul class='av-share-box-list noLightbox'><li class='av-share-link av-social-link-facebook' ><a target=\"_blank\" aria-label=\"Compartir en Facebook\" href='https:\/\/www.facebook.com\/sharer.php?u=https:\/\/radiorevelacionfm.cl\/?p=14102&#038;t=Cerca%20de%20%2430%20mil%20millones%20se%20han%20invertido%20estos%20cuatro%20a%C3%B1os%20en%20mejorar%20condiciones%20de%20conectividad%20a%C3%A9rea%20de%20diversas%20comunidades%20de%20la%20regi%C3%B3n%20de%20Ays%C3%A9n' aria-hidden='false' data-av_icon='\ue8f3' data-av_iconfont='entypo-fontello' title='' data-avia-related-tooltip='Compartir en Facebook' rel=\"noopener\"><span class='avia_hidden_link_text'>Compartir en Facebook<\/span><\/a><\/li><li class='av-share-link av-social-link-twitter' ><a target=\"_blank\" aria-label=\"Compartir en Twitter\" href='https:\/\/twitter.com\/share?text=Cerca%20de%20%2430%20mil%20millones%20se%20han%20invertido%20estos%20cuatro%20a%C3%B1os%20en%20mejorar%20condiciones%20de%20conectividad%20a%C3%A9rea%20de%20diversas%20comunidades%20de%20la%20regi%C3%B3n%20de%20Ays%C3%A9n&#038;url=https:\/\/radiorevelacionfm.cl\/?p=14102' aria-hidden='false' data-av_icon='\ue8f1' data-av_iconfont='entypo-fontello' title='' data-avia-related-tooltip='Compartir en Twitter' rel=\"noopener\"><span class='avia_hidden_link_text'>Compartir en Twitter<\/span><\/a><\/li><li class='av-share-link av-social-link-whatsapp' ><a target=\"_blank\" aria-label=\"Compartir en Whatsapp\" href='https:\/\/api.whatsapp.com\/send?text=https:\/\/radiorevelacionfm.cl\/?p=14102' aria-hidden='false' data-av_icon='\uf232' data-av_iconfont='entypo-fontello' title='' data-avia-related-tooltip='Compartir en Whatsapp' rel=\"noopener\"><span class='avia_hidden_link_text'>Compartir en Whatsapp<\/span><\/a><\/li><li class='av-share-link av-social-link-linkedin' ><a target=\"_blank\" aria-label=\"Compartir en LinkedIn\" href='https:\/\/linkedin.com\/shareArticle?mini=true&#038;title=Cerca%20de%20%2430%20mil%20millones%20se%20han%20invertido%20estos%20cuatro%20a%C3%B1os%20en%20mejorar%20condiciones%20de%20conectividad%20a%C3%A9rea%20de%20diversas%20comunidades%20de%20la%20regi%C3%B3n%20de%20Ays%C3%A9n&#038;url=https:\/\/radiorevelacionfm.cl\/?p=14102' aria-hidden='false' data-av_icon='\ue8fc' data-av_iconfont='entypo-fontello' title='' data-avia-related-tooltip='Compartir en LinkedIn' rel=\"noopener\"><span class='avia_hidden_link_text'>Compartir en LinkedIn<\/span><\/a><\/li><li class='av-share-link av-social-link-mail' ><a  aria-label=\"Compartir por correo\" href='mailto:?subject=Cerca%20de%20%2430%20mil%20millones%20se%20han%20invertido%20estos%20cuatro%20a%C3%B1os%20en%20mejorar%20condiciones%20de%20conectividad%20a%C3%A9rea%20de%20diversas%20comunidades%20de%20la%20regi%C3%B3n%20de%20Ays%C3%A9n&#038;body=https:\/\/radiorevelacionfm.cl\/?p=14102' aria-hidden='false' data-av_icon='\ue805' data-av_iconfont='entypo-fontello' title='' data-avia-related-tooltip='Compartir por correo'><span class='avia_hidden_link_text'>Compartir por correo<\/span><\/a><\/li><\/ul><\/div><\/div>\n<div  style='height:50px' class='hr hr-invisible   avia-builder-el-8  el_after_av_social_share  el_before_av_comments_list '><span class='hr-inner ' ><span class='hr-inner-style'><\/span><\/span><\/div>\n<div  class='av-buildercomment  av-blog-meta-html-info-disabled av-blog-meta-tag-disabled  '><\/div>\n","protected":false},"excerpt":{"rendered":"","protected":false},"author":1,"featured_media":14103,"comment_status":"open","ping_status":"open","sticky":false,"template":"","format":"standard","meta":{"footnotes":""},"categories":[38],"tags":[],"class_list":["post-14102","post","type-post","status-publish","format-standard","has-post-thumbnail","hentry","category-regional"],"jetpack_featured_media_url":"https:\/\/radiorevelacionfm.cl\/wp-content\/uploads\/2022\/02\/pista-de-villa-ohiggins-1_optimized.jpg","_links":{"self":[{"href":"https:\/\/radiorevelacionfm.cl\/index.php?rest_route=\/wp\/v2\/posts\/14102","targetHints":{"allow":["GET"]}}],"collection":[{"href":"https:\/\/radiorevelacionfm.cl\/index.php?rest_route=\/wp\/v2\/posts"}],"about":[{"href":"https:\/\/radiorevelacionfm.cl\/index.php?rest_route=\/wp\/v2\/types\/post"}],"author":[{"embeddable":true,"href":"https:\/\/radiorevelacionfm.cl\/index.php?rest_route=\/wp\/v2\/users\/1"}],"replies":[{"embeddable":true,"href":"https:\/\/radiorevelacionfm.cl\/index.php?rest_route=%2Fwp%2Fv2%2Fcomments&post=14102"}],"version-history":[{"count":2,"href":"https:\/\/radiorevelacionfm.cl\/index.php?rest_route=\/wp\/v2\/posts\/14102\/revisions"}],"predecessor-version":[{"id":14105,"href":"https:\/\/radiorevelacionfm.cl\/index.php?rest_route=\/wp\/v2\/posts\/14102\/revisions\/14105"}],"wp:featuredmedia":[{"embeddable":true,"href":"https:\/\/radiorevelacionfm.cl\/index.php?rest_route=\/wp\/v2\/media\/14103"}],"wp:attachment":[{"href":"https:\/\/radiorevelacionfm.cl\/index.php?rest_route=%2Fwp%2Fv2%2Fmedia&parent=14102"}],"wp:term":[{"taxonomy":"category","embeddable":true,"href":"https:\/\/radiorevelacionfm.cl\/index.php?rest_route=%2Fwp%2Fv2%2Fcategories&post=14102"},{"taxonomy":"post_tag","embeddable":true,"href":"https:\/\/radiorevelacionfm.cl\/index.php?rest_route=%2Fwp%2Fv2%2Ftags&post=14102"}],"curies":[{"name":"wp","href":"https:\/\/api.w.org\/{rel}","templated":true}]}}