{"id":14098,"date":"2022-02-28T09:46:33","date_gmt":"2022-02-28T12:46:33","guid":{"rendered":"https:\/\/radiorevelacionfm.cl\/?p=14098"},"modified":"2022-02-28T09:46:33","modified_gmt":"2022-02-28T12:46:33","slug":"importantes-obras-de-infraestructura-se-concretaron-en-el-sector-justicia-a-nivel-regional","status":"publish","type":"post","link":"https:\/\/radiorevelacionfm.cl\/?p=14098","title":{"rendered":"Importantes obras de infraestructura se concretaron en el sector Justicia a nivel regional"},"content":{"rendered":"<div class=\"flex_column av_one_full  flex_column_div av-zero-column-padding first  avia-builder-el-0  el_before_av_one_full  avia-builder-el-first  \" style='border-radius:0px; '><div  class='avia-image-container  av-styling-    avia-builder-el-1  avia-builder-el-no-sibling  avia-align-center '  itemprop=\"image\" itemscope=\"itemscope\" itemtype=\"https:\/\/schema.org\/ImageObject\"  ><div class='avia-image-container-inner'><div class='avia-image-overlay-wrap'><img decoding=\"async\" class='wp-image-14099 avia-img-lazy-loading-not-14099 avia_image' src=\"https:\/\/radiorevelacionfm.cl\/wp-content\/uploads\/2022\/02\/nota-infraestructura-1-1_optimized.jpeg\" alt='' title='nota-infraestructura-1-(1)_optimized' height=\"600\" width=\"800\"  itemprop=\"thumbnailUrl\" srcset=\"https:\/\/radiorevelacionfm.cl\/wp-content\/uploads\/2022\/02\/nota-infraestructura-1-1_optimized.jpeg 800w, https:\/\/radiorevelacionfm.cl\/wp-content\/uploads\/2022\/02\/nota-infraestructura-1-1_optimized-300x225.jpeg 300w, https:\/\/radiorevelacionfm.cl\/wp-content\/uploads\/2022\/02\/nota-infraestructura-1-1_optimized-768x576.jpeg 768w, https:\/\/radiorevelacionfm.cl\/wp-content\/uploads\/2022\/02\/nota-infraestructura-1-1_optimized-705x529.jpeg 705w, https:\/\/radiorevelacionfm.cl\/wp-content\/uploads\/2022\/02\/nota-infraestructura-1-1_optimized-600x450.jpeg 600w\" sizes=\"(max-width: 800px) 100vw, 800px\" \/><\/div><\/div><\/div><\/div><div class=\"flex_column av_one_full  flex_column_div av-zero-column-padding first  avia-builder-el-2  el_after_av_one_full  el_before_av_one_full  column-top-margin\" style='border-radius:0px; '><section class=\"av_textblock_section \"  itemscope=\"itemscope\" itemtype=\"https:\/\/schema.org\/BlogPosting\" itemprop=\"blogPost\" ><div class='avia_textblock  '   itemprop=\"text\" ><p style=\"text-align: center;\"><span style=\"font-size: 18pt;\"><strong>Importantes obras de infraestructura se concretaron en el sector Justicia a nivel regional<\/strong><\/span><\/p>\n<div id=\"gtx-trans\" style=\"position: absolute; left: -50px; top: 4.31534px;\">\n<div class=\"gtx-trans-icon\"><\/div>\n<\/div>\n<\/div><\/section><\/div><div class=\"flex_column av_one_full  flex_column_div av-zero-column-padding first  avia-builder-el-4  el_after_av_one_full  el_before_av_hr  column-top-margin\" style='border-radius:0px; '><section class=\"av_textblock_section \"  itemscope=\"itemscope\" itemtype=\"https:\/\/schema.org\/BlogPosting\" itemprop=\"blogPost\" ><div class='avia_textblock  '   itemprop=\"text\" ><p style=\"text-align: justify;\">Acercar los servicios de Justicia a las personas, mejoras en infraestructura y proyectar la construcci\u00f3n de uno de los edificios m\u00e1s modernos del SML a nivel nacional, fueron algunos de los principales objetivos que se materializaron durante los a\u00f1os 2020 &#8211; 2021 en el sector Justicia en la regi\u00f3n.<\/p>\n<p style=\"text-align: justify;\">Dichas mejoras en infraestructura estuvieron centradas principalmente en tres servicios que dependen del Ministerio de Justicia y DD.HH como son el Servicio de Registro Civil e Identificaci\u00f3n, Gendarmer\u00eda de Chile y el Servicio M\u00e9dico Legal.<\/p>\n<p style=\"text-align: justify;\">Fue as\u00ed como el a\u00f1o 2020 se iniciaron las obras de mejoramiento en las oficinas del Servicio de Registro Civil e Identificaci\u00f3n de Puyuhuapi y Balmaceda, lo que se replic\u00f3 el a\u00f1o reci\u00e9n pasado en Villa La Tapera, La Junta y Ra\u00fal Mar\u00edn Balmaceda, iniciativas que permitieron entregar a la comunidad, oficinas totalmente remodeladas y que cumplen con el est\u00e1ndar a nivel nacional, inversi\u00f3n sectorial que super\u00f3 en total los 237 millones de pesos.<\/p>\n<p style=\"text-align: justify;\">El Seremi de Justicia y DD.HH Luis Prieto destac\u00f3 el importante avance que signific\u00f3 la mejora en estas oficinas, a\u00fan m\u00e1s en tiempos complejos debido a la pandemia que a\u00fan enfrentamos \u201cestas inversiones son especialmente significativas por el esp\u00edritu y sentido de descentralizaci\u00f3n que hay detr\u00e1s de ellas, ya que mayoritariamente se han efectuado fuera de la capital regional, en localidades apartadas y peque\u00f1as, materializando nuestro compromiso de generar un mejor acceso al servicio a todos los ayseninos\u201d.<\/p>\n<p style=\"text-align: justify;\">As\u00ed tambi\u00e9n, Gendarmer\u00eda de Chile logr\u00f3 concretar una serie de iniciativas que por a\u00f1os se ven\u00edan trabajando, es el caso de la red contra incendio construida en el Centro de Cumplimiento Penitenciario de Coyhaique, y que alcanz\u00f3 una inversi\u00f3n de m\u00e1s de 338 millones de pesos, y que atiende directamente a lo que es la seguridad penitenciaria que deben tener todos los recintos penales de la regi\u00f3n, a lo que se suma la red de calefacci\u00f3n del Centro de Detenci\u00f3n Preventiva de Puerto Ays\u00e9n que permite asegurar espacios calefaccionados especialmente durante los meses de invierno, de manera m\u00e1s eficiente, ya sea en oficinas administrativas, espacios comunes, m\u00f3dulos, salas de visita y de clases entre otros, y la construcci\u00f3n del nuevo Centro de Apoyo para la Integraci\u00f3n Social Coyhaique, instancia que atiende a las personas que realizan la eliminaci\u00f3n de antecedentes penales y a los beneficiarios de la libertad condicional, ejecutando programas que tiendan a su reinserci\u00f3n social, conect\u00e1ndolos a las distintas redes del Estado e implementando acciones de capacitaci\u00f3n y colocaci\u00f3n laboral.<\/p>\n<p style=\"text-align: justify;\">En este sentido, Luis Prieto manifest\u00f3 \u201cadem\u00e1s de las obras ejecutadas, contamos con RS vigente en tres proyectos de redes contra incendios para los Centros de Detenci\u00f3n Preventiva de Cochrane, Chile Chico y Ays\u00e9n, encontr\u00e1ndose tambi\u00e9n aprobado t\u00e9cnicamente en el Gobierno Regional el proyecto \u2013Circular 33- de Conservaci\u00f3n del CCP Coyhaique, el cual involucra una inversi\u00f3n de casi 600 millones de pesos, que es sumamente necesaria, por lo que esperamos se atienda la solicitud de noviembre pasado de incorporarlo a tabla lo antes posible.\u201d<\/p>\n<p style=\"text-align: justify;\">Ahora, una de las iniciativas m\u00e1s esperadas y que no estuvo exenta de dificultades dice relaci\u00f3n con el Proyecto de Reposici\u00f3n del Servicio M\u00e9dico Legal, edificio que vendr\u00e1 a mejorar las condiciones de atenci\u00f3n a las personas, la respuesta a los requerimientos de los \u00f3rganos de administraci\u00f3n de justicia, como tambi\u00e9n a las condiciones laborales de los profesionales y administrativos, se trata de un edificio que contar\u00e1 con todas las especialidades, salud mental, tanatolog\u00eda, administraci\u00f3n regional, as\u00ed como las pericias cl\u00ednicas de lesiones y sexolog\u00eda forense, igualando la calidad a nivel nacional, siendo uno de los edificios de mejor calidad y adaptado adem\u00e1s, a las caracter\u00edsticas particulares de la regi\u00f3n.<\/p>\n<p style=\"text-align: justify;\">Respecto a esta importante iniciativa, el Seremi Prieto indic\u00f3 que \u201cal igual que otros proyectos en la regi\u00f3n, debimos enfrentar en las licitaciones un aumento considerable de precios y costos que el estallido social y pandemia originaron, lo que nos imposibilit\u00f3 adjudicar por el valor licitado, debiendo reevaluar el proyecto ante el Ministerio de Desarrollo Social y Familia, obteniendo el RS en diciembre pasado, por lo esperamos volver a licitar para que se materialice este proyecto.\u201d<\/p>\n<p style=\"text-align: justify;\">Finalmente, se\u00f1alar que estos avances permiten entregar una mejor atenci\u00f3n a los usuarios\/as, y a su vez descentraliza, ya que quienes viven en localidades al igual que en las grandes ciudades, pueden acceder al m\u00e1s alto est\u00e1ndar de infraestructura de los servicios p\u00fablicos.<\/p>\n<\/div><\/section><\/div><div  style='height:50px' class='hr hr-invisible   avia-builder-el-6  el_after_av_one_full  el_before_av_social_share '><span class='hr-inner ' ><span class='hr-inner-style'><\/span><\/span><\/div><\/p>\n<div  class='av-social-sharing-box  avia-builder-el-7  el_after_av_hr  el_before_av_hr  '><div class='av-share-box'><h5 class='av-share-link-description av-no-toc '>Compartir esta noticia<\/h5><ul class='av-share-box-list noLightbox'><li class='av-share-link av-social-link-facebook' ><a target=\"_blank\" aria-label=\"Compartir en Facebook\" href='https:\/\/www.facebook.com\/sharer.php?u=https:\/\/radiorevelacionfm.cl\/?p=14098&#038;t=Importantes%20obras%20de%20infraestructura%20se%20concretaron%20en%20el%20sector%20Justicia%20a%20nivel%20regional' aria-hidden='false' data-av_icon='\ue8f3' data-av_iconfont='entypo-fontello' title='' data-avia-related-tooltip='Compartir en Facebook' rel=\"noopener\"><span class='avia_hidden_link_text'>Compartir en Facebook<\/span><\/a><\/li><li class='av-share-link av-social-link-twitter' ><a target=\"_blank\" aria-label=\"Compartir en Twitter\" href='https:\/\/twitter.com\/share?text=Importantes%20obras%20de%20infraestructura%20se%20concretaron%20en%20el%20sector%20Justicia%20a%20nivel%20regional&#038;url=https:\/\/radiorevelacionfm.cl\/?p=14098' aria-hidden='false' data-av_icon='\ue8f1' data-av_iconfont='entypo-fontello' title='' data-avia-related-tooltip='Compartir en Twitter' rel=\"noopener\"><span class='avia_hidden_link_text'>Compartir en Twitter<\/span><\/a><\/li><li class='av-share-link av-social-link-whatsapp' ><a target=\"_blank\" aria-label=\"Compartir en Whatsapp\" href='https:\/\/api.whatsapp.com\/send?text=https:\/\/radiorevelacionfm.cl\/?p=14098' aria-hidden='false' data-av_icon='\uf232' data-av_iconfont='entypo-fontello' title='' data-avia-related-tooltip='Compartir en Whatsapp' rel=\"noopener\"><span class='avia_hidden_link_text'>Compartir en Whatsapp<\/span><\/a><\/li><li class='av-share-link av-social-link-linkedin' ><a target=\"_blank\" aria-label=\"Compartir en LinkedIn\" href='https:\/\/linkedin.com\/shareArticle?mini=true&#038;title=Importantes%20obras%20de%20infraestructura%20se%20concretaron%20en%20el%20sector%20Justicia%20a%20nivel%20regional&#038;url=https:\/\/radiorevelacionfm.cl\/?p=14098' aria-hidden='false' data-av_icon='\ue8fc' data-av_iconfont='entypo-fontello' title='' data-avia-related-tooltip='Compartir en LinkedIn' rel=\"noopener\"><span class='avia_hidden_link_text'>Compartir en LinkedIn<\/span><\/a><\/li><li class='av-share-link av-social-link-mail' ><a  aria-label=\"Compartir por correo\" href='mailto:?subject=Importantes%20obras%20de%20infraestructura%20se%20concretaron%20en%20el%20sector%20Justicia%20a%20nivel%20regional&#038;body=https:\/\/radiorevelacionfm.cl\/?p=14098' aria-hidden='false' data-av_icon='\ue805' data-av_iconfont='entypo-fontello' title='' data-avia-related-tooltip='Compartir por correo'><span class='avia_hidden_link_text'>Compartir por correo<\/span><\/a><\/li><\/ul><\/div><\/div>\n<div  style='height:50px' class='hr hr-invisible   avia-builder-el-8  el_after_av_social_share  el_before_av_comments_list '><span class='hr-inner ' ><span class='hr-inner-style'><\/span><\/span><\/div>\n<div  class='av-buildercomment  av-blog-meta-html-info-disabled av-blog-meta-tag-disabled  '><\/div>\n","protected":false},"excerpt":{"rendered":"","protected":false},"author":1,"featured_media":14099,"comment_status":"open","ping_status":"open","sticky":false,"template":"","format":"standard","meta":{"footnotes":""},"categories":[55],"tags":[],"class_list":["post-14098","post","type-post","status-publish","format-standard","has-post-thumbnail","hentry","category-justicia"],"jetpack_featured_media_url":"https:\/\/radiorevelacionfm.cl\/wp-content\/uploads\/2022\/02\/nota-infraestructura-1-1_optimized.jpeg","_links":{"self":[{"href":"https:\/\/radiorevelacionfm.cl\/index.php?rest_route=\/wp\/v2\/posts\/14098","targetHints":{"allow":["GET"]}}],"collection":[{"href":"https:\/\/radiorevelacionfm.cl\/index.php?rest_route=\/wp\/v2\/posts"}],"about":[{"href":"https:\/\/radiorevelacionfm.cl\/index.php?rest_route=\/wp\/v2\/types\/post"}],"author":[{"embeddable":true,"href":"https:\/\/radiorevelacionfm.cl\/index.php?rest_route=\/wp\/v2\/users\/1"}],"replies":[{"embeddable":true,"href":"https:\/\/radiorevelacionfm.cl\/index.php?rest_route=%2Fwp%2Fv2%2Fcomments&post=14098"}],"version-history":[{"count":2,"href":"https:\/\/radiorevelacionfm.cl\/index.php?rest_route=\/wp\/v2\/posts\/14098\/revisions"}],"predecessor-version":[{"id":14101,"href":"https:\/\/radiorevelacionfm.cl\/index.php?rest_route=\/wp\/v2\/posts\/14098\/revisions\/14101"}],"wp:featuredmedia":[{"embeddable":true,"href":"https:\/\/radiorevelacionfm.cl\/index.php?rest_route=\/wp\/v2\/media\/14099"}],"wp:attachment":[{"href":"https:\/\/radiorevelacionfm.cl\/index.php?rest_route=%2Fwp%2Fv2%2Fmedia&parent=14098"}],"wp:term":[{"taxonomy":"category","embeddable":true,"href":"https:\/\/radiorevelacionfm.cl\/index.php?rest_route=%2Fwp%2Fv2%2Fcategories&post=14098"},{"taxonomy":"post_tag","embeddable":true,"href":"https:\/\/radiorevelacionfm.cl\/index.php?rest_route=%2Fwp%2Fv2%2Ftags&post=14098"}],"curies":[{"name":"wp","href":"https:\/\/api.w.org\/{rel}","templated":true}]}}