{"id":14091,"date":"2022-02-27T19:17:57","date_gmt":"2022-02-27T22:17:57","guid":{"rendered":"https:\/\/radiorevelacionfm.cl\/?p=14091"},"modified":"2022-02-27T19:27:29","modified_gmt":"2022-02-27T22:27:29","slug":"seremi-de-educacion-revisa-preparativos-de-los-colegios-para-la-vuelta-a-clases","status":"publish","type":"post","link":"https:\/\/radiorevelacionfm.cl\/?p=14091","title":{"rendered":"Seremi de Educaci\u00f3n revisa preparativos de los colegios para la vuelta a clases"},"content":{"rendered":"<div class=\"flex_column av_one_full  flex_column_div av-zero-column-padding first  avia-builder-el-0  el_before_av_one_full  avia-builder-el-first  \" style='border-radius:0px; '><div  class='avia-image-container  av-styling-    avia-builder-el-1  avia-builder-el-no-sibling  avia-align-center '  itemprop=\"image\" itemscope=\"itemscope\" itemtype=\"https:\/\/schema.org\/ImageObject\"  ><div class='avia-image-container-inner'><div class='avia-image-overlay-wrap'><img decoding=\"async\" class='wp-image-14096 avia-img-lazy-loading-not-14096 avia_image' src=\"https:\/\/radiorevelacionfm.cl\/wp-content\/uploads\/2022\/02\/image-20-1.jpg\" alt='' title='image (20) (1)' height=\"600\" width=\"1107\"  itemprop=\"thumbnailUrl\" srcset=\"https:\/\/radiorevelacionfm.cl\/wp-content\/uploads\/2022\/02\/image-20-1.jpg 1107w, https:\/\/radiorevelacionfm.cl\/wp-content\/uploads\/2022\/02\/image-20-1-300x163.jpg 300w, https:\/\/radiorevelacionfm.cl\/wp-content\/uploads\/2022\/02\/image-20-1-1030x558.jpg 1030w, https:\/\/radiorevelacionfm.cl\/wp-content\/uploads\/2022\/02\/image-20-1-768x416.jpg 768w, https:\/\/radiorevelacionfm.cl\/wp-content\/uploads\/2022\/02\/image-20-1-705x382.jpg 705w, https:\/\/radiorevelacionfm.cl\/wp-content\/uploads\/2022\/02\/image-20-1-600x325.jpg 600w\" sizes=\"(max-width: 1107px) 100vw, 1107px\" \/><\/div><\/div><\/div><\/div><div class=\"flex_column av_one_full  flex_column_div av-zero-column-padding first  avia-builder-el-2  el_after_av_one_full  el_before_av_one_full  column-top-margin\" style='border-radius:0px; '><section class=\"av_textblock_section \"  itemscope=\"itemscope\" itemtype=\"https:\/\/schema.org\/BlogPosting\" itemprop=\"blogPost\" ><div class='avia_textblock  '   itemprop=\"text\" ><p style=\"text-align: center;\"><strong><span style=\"font-size: 18pt;\">Seremi de Educaci\u00f3n revisa preparativos de los colegios para la vuelta a clases<\/span><\/strong><\/p>\n<div id=\"gtx-trans\" style=\"position: absolute; left: -50px; top: 4.31534px;\">\n<div class=\"gtx-trans-icon\"><\/div>\n<\/div>\n<\/div><\/section><\/div><\/p>\n<div class=\"flex_column av_one_full  flex_column_div av-zero-column-padding first  avia-builder-el-4  el_after_av_one_full  el_before_av_hr  column-top-margin\" style='border-radius:0px; '><section class=\"av_textblock_section \"  itemscope=\"itemscope\" itemtype=\"https:\/\/schema.org\/BlogPosting\" itemprop=\"blogPost\" ><div class='avia_textblock  '   itemprop=\"text\" ><p class=\"v1MsoNormal\" style=\"text-align: justify;\"><span lang=\"ES\">En el marco de la estrategia de coordinaci\u00f3n que ha mantenido el Ministerio de Educaci\u00f3n con las comunidades educativas de todo el pa\u00eds, el Seremi de Educaci\u00f3n de Ays\u00e9n Sergio Becerra Mera visit\u00f3 este viernes el Colegio Francisco Xavier Buti\u00f1a de Coyhaique, que se prepara como todas las \u00a0escuelas y liceos de la regi\u00f3n, para recibir a sus 416 estudiantes \u00a0el pr\u00f3ximo mi\u00e9rcoles 2 de marzo.<\/span><\/p>\n<p class=\"v1MsoNormal\" style=\"text-align: justify;\"><span lang=\"ES\">En la oportunidad, el Seremi \u00a0convers\u00f3 con la directora del plantel Elena Manquemilla Andrade \u00a0quien detall\u00f3 c\u00f3mo se han preparado para esta vuelta a clases que se realizar\u00e1 con nuevos protocolos y con m\u00e1s de un 92% de los estudiantes del pa\u00eds vacunados.\u00a0<\/span><\/p>\n<p class=\"v1MsoNormal\" style=\"text-align: justify;\"><span lang=\"ES\">Tras un recorrido por las instalaciones del colegio ubicado en el sector alto de Coyhaique y un breve di\u00e1logo con profesores y asistentes de la educaci\u00f3n presentes, Sergio Becerra hizo una positiva evaluaci\u00f3n de la preparaci\u00f3n de los colegios de la regi\u00f3n para iniciar este mi\u00e9rcoles el a\u00f1o escolar 2022<\/span><\/p>\n<p class=\"v1MsoNormal\" style=\"text-align: justify;\"><span lang=\"ES\">\u00abEstamos muy contentos de observar c\u00f3mo los equipos del colegio se est\u00e1n preparando para reencontrarse con sus estudiantes de manera segura y con toda la energ\u00eda puesta en recuperar aprendizajes y poner el bienestar de los ni\u00f1os en el centro de este nuevo a\u00f1o escolar. Este colegio \u00a0ya tuvo una exitosa experiencia de retorno el a\u00f1o pasado, la que busca replicar este a\u00f1o con las nuevas medidas sanitarias informadas por el Minsal y el Mineduc. En la regi\u00f3n tenemos m\u00e1s de un 90% de estudiantes de entre 6 y 17 a\u00f1os vacunados con primera dosis y dosis \u00fanica\u00bb.\u00a0<\/span><\/p>\n<p class=\"v1MsoNormal\" style=\"text-align: justify;\"><span lang=\"ES\">Los nuevos protocolos para la educaci\u00f3n escolar, disponibles en\u00a0<\/span><a href=\"https:\/\/nam02.safelinks.protection.outlook.com\/?url=http%3A%2F%2Fwww.sigamosaprendiendo.mineduc.cl-%2F&amp;data=04%7C01%7Ccamilo.gomez%40mineduc.cl%7C6eeb1f1ac96e4b7707d508d9f6e390aa%7C2e4cfe500580414093874ecde39def60%7C0%7C0%7C637812279556909029%7CUnknown%7CTWFpbGZsb3d8eyJWIjoiMC4wLjAwMDAiLCJQIjoiV2luMzIiLCJBTiI6Ik1haWwiLCJXVCI6Mn0%3D%7C3000&amp;sdata=ZF6Iw5RPinpf73cO204hIUWD0gQYIvixls%2BRYRb31v8%3D&amp;reserved=0\" target=\"_blank\" rel=\"noopener noreferrer\"><span lang=\"ES\">www.sigamosaprendiendo.mineduc.cl-<\/span><\/a><span lang=\"ES\">, instruyen el uso de mascarillas permanente tanto para estudiantes como para profesores, la ventilaci\u00f3n constante de los espacios -idealmente ventilaci\u00f3n cruzada en aquellos lugares en que las condiciones clim\u00e1ticas lo permitan-, y mantener el distanciamiento f\u00edsico en la medida de lo posible. De la misma forma, establecen lineamientos claros de c\u00f3mo debe proceder el establecimiento en caso de presentarse uno o m\u00e1s casos positivos para Covid-19.<\/span><\/p>\n<p class=\"v1MsoNormal\" style=\"text-align: justify;\"><span lang=\"ES\">Por su parte, Elena Manquemilla manifest\u00f3 positivas \u00a0expectativas para iniciar el presente a\u00f1o lectivo. \u00abYa tenemos todas nuestras aulas preparadas para atender a nuestra matricula total y nuestros alumnos est\u00e1n convocados a asistir todos en forma presencial el pr\u00f3ximo mi\u00e9rcoles 02 de marzo. Estamos preparados para el retorno desde el mes de diciembre con todo el mobiliario y elementos sanitarios dispuestos para ello. Estamos ya con nuestro personal; profesores y asistentes de la educaci\u00f3n presentes para afinar detalles para un adecuado funcionamiento y aplicaci\u00f3n de protocolos sanitarios y muy motivados todos para recibir a nuestros estudiantes\u00bb.\u00a0<\/span><\/p>\n<\/div><\/section><\/div>\n<div  style='height:50px' class='hr hr-invisible   avia-builder-el-6  el_after_av_one_full  el_before_av_social_share '><span class='hr-inner ' ><span class='hr-inner-style'><\/span><\/span><\/div>\n<div  class='av-social-sharing-box  avia-builder-el-7  el_after_av_hr  el_before_av_hr  '><div class='av-share-box'><h5 class='av-share-link-description av-no-toc '>Compartir esta noticia<\/h5><ul class='av-share-box-list noLightbox'><li class='av-share-link av-social-link-facebook' ><a target=\"_blank\" aria-label=\"Compartir en Facebook\" href='https:\/\/www.facebook.com\/sharer.php?u=https:\/\/radiorevelacionfm.cl\/?p=14091&#038;t=Seremi%20de%20Educaci%C3%B3n%20revisa%20preparativos%20de%20los%20colegios%20para%20la%20vuelta%20a%20clases' aria-hidden='false' data-av_icon='\ue8f3' data-av_iconfont='entypo-fontello' title='' data-avia-related-tooltip='Compartir en Facebook' rel=\"noopener\"><span class='avia_hidden_link_text'>Compartir en Facebook<\/span><\/a><\/li><li class='av-share-link av-social-link-twitter' ><a target=\"_blank\" aria-label=\"Compartir en Twitter\" href='https:\/\/twitter.com\/share?text=Seremi%20de%20Educaci%C3%B3n%20revisa%20preparativos%20de%20los%20colegios%20para%20la%20vuelta%20a%20clases&#038;url=https:\/\/radiorevelacionfm.cl\/?p=14091' aria-hidden='false' data-av_icon='\ue8f1' data-av_iconfont='entypo-fontello' title='' data-avia-related-tooltip='Compartir en Twitter' rel=\"noopener\"><span class='avia_hidden_link_text'>Compartir en Twitter<\/span><\/a><\/li><li class='av-share-link av-social-link-whatsapp' ><a target=\"_blank\" aria-label=\"Compartir en Whatsapp\" href='https:\/\/api.whatsapp.com\/send?text=https:\/\/radiorevelacionfm.cl\/?p=14091' aria-hidden='false' data-av_icon='\uf232' data-av_iconfont='entypo-fontello' title='' data-avia-related-tooltip='Compartir en Whatsapp' rel=\"noopener\"><span class='avia_hidden_link_text'>Compartir en Whatsapp<\/span><\/a><\/li><li class='av-share-link av-social-link-linkedin' ><a target=\"_blank\" aria-label=\"Compartir en LinkedIn\" href='https:\/\/linkedin.com\/shareArticle?mini=true&#038;title=Seremi%20de%20Educaci%C3%B3n%20revisa%20preparativos%20de%20los%20colegios%20para%20la%20vuelta%20a%20clases&#038;url=https:\/\/radiorevelacionfm.cl\/?p=14091' aria-hidden='false' data-av_icon='\ue8fc' data-av_iconfont='entypo-fontello' title='' data-avia-related-tooltip='Compartir en LinkedIn' rel=\"noopener\"><span class='avia_hidden_link_text'>Compartir en LinkedIn<\/span><\/a><\/li><li class='av-share-link av-social-link-mail' ><a  aria-label=\"Compartir por correo\" href='mailto:?subject=Seremi%20de%20Educaci%C3%B3n%20revisa%20preparativos%20de%20los%20colegios%20para%20la%20vuelta%20a%20clases&#038;body=https:\/\/radiorevelacionfm.cl\/?p=14091' aria-hidden='false' data-av_icon='\ue805' data-av_iconfont='entypo-fontello' title='' data-avia-related-tooltip='Compartir por correo'><span class='avia_hidden_link_text'>Compartir por correo<\/span><\/a><\/li><\/ul><\/div><\/div>\n<div  style='height:50px' class='hr hr-invisible   avia-builder-el-8  el_after_av_social_share  el_before_av_comments_list '><span class='hr-inner ' ><span class='hr-inner-style'><\/span><\/span><\/div>\n<div  class='av-buildercomment  av-blog-meta-html-info-disabled av-blog-meta-tag-disabled  '><\/div>\n","protected":false},"excerpt":{"rendered":"","protected":false},"author":1,"featured_media":14096,"comment_status":"open","ping_status":"open","sticky":false,"template":"","format":"standard","meta":{"footnotes":""},"categories":[49],"tags":[],"class_list":["post-14091","post","type-post","status-publish","format-standard","has-post-thumbnail","hentry","category-educacion"],"jetpack_featured_media_url":"https:\/\/radiorevelacionfm.cl\/wp-content\/uploads\/2022\/02\/image-20-1.jpg","_links":{"self":[{"href":"https:\/\/radiorevelacionfm.cl\/index.php?rest_route=\/wp\/v2\/posts\/14091","targetHints":{"allow":["GET"]}}],"collection":[{"href":"https:\/\/radiorevelacionfm.cl\/index.php?rest_route=\/wp\/v2\/posts"}],"about":[{"href":"https:\/\/radiorevelacionfm.cl\/index.php?rest_route=\/wp\/v2\/types\/post"}],"author":[{"embeddable":true,"href":"https:\/\/radiorevelacionfm.cl\/index.php?rest_route=\/wp\/v2\/users\/1"}],"replies":[{"embeddable":true,"href":"https:\/\/radiorevelacionfm.cl\/index.php?rest_route=%2Fwp%2Fv2%2Fcomments&post=14091"}],"version-history":[{"count":3,"href":"https:\/\/radiorevelacionfm.cl\/index.php?rest_route=\/wp\/v2\/posts\/14091\/revisions"}],"predecessor-version":[{"id":14095,"href":"https:\/\/radiorevelacionfm.cl\/index.php?rest_route=\/wp\/v2\/posts\/14091\/revisions\/14095"}],"wp:featuredmedia":[{"embeddable":true,"href":"https:\/\/radiorevelacionfm.cl\/index.php?rest_route=\/wp\/v2\/media\/14096"}],"wp:attachment":[{"href":"https:\/\/radiorevelacionfm.cl\/index.php?rest_route=%2Fwp%2Fv2%2Fmedia&parent=14091"}],"wp:term":[{"taxonomy":"category","embeddable":true,"href":"https:\/\/radiorevelacionfm.cl\/index.php?rest_route=%2Fwp%2Fv2%2Fcategories&post=14091"},{"taxonomy":"post_tag","embeddable":true,"href":"https:\/\/radiorevelacionfm.cl\/index.php?rest_route=%2Fwp%2Fv2%2Ftags&post=14091"}],"curies":[{"name":"wp","href":"https:\/\/api.w.org\/{rel}","templated":true}]}}