{"id":14087,"date":"2022-02-27T17:00:46","date_gmt":"2022-02-27T20:00:46","guid":{"rendered":"https:\/\/radiorevelacionfm.cl\/?p=14087"},"modified":"2022-02-27T17:00:46","modified_gmt":"2022-02-27T20:00:46","slug":"comunidad-de-raul-marin-balmaceda-vuelve-a-manifestarse-por-energia-y-exigen-soluciones-definitivas","status":"publish","type":"post","link":"https:\/\/radiorevelacionfm.cl\/?p=14087","title":{"rendered":"Comunidad de Ra\u00fal Mar\u00edn Balmaceda vuelve a manifestarse por energ\u00eda y exigen soluciones definitivas"},"content":{"rendered":"<div class=\"flex_column av_one_full  flex_column_div av-zero-column-padding first  avia-builder-el-0  el_before_av_one_full  avia-builder-el-first  \" style='border-radius:0px; '><div  class='avia-image-container  av-styling-    avia-builder-el-1  avia-builder-el-no-sibling  avia-align-center '  itemprop=\"image\" itemscope=\"itemscope\" itemtype=\"https:\/\/schema.org\/ImageObject\"  ><div class='avia-image-container-inner'><div class='avia-image-overlay-wrap'><img decoding=\"async\" class='wp-image-14088 avia-img-lazy-loading-not-14088 avia_image' src=\"https:\/\/radiorevelacionfm.cl\/wp-content\/uploads\/2022\/02\/image-18-1.jpg\" alt='' title='image (18) (1)' height=\"600\" width=\"648\"  itemprop=\"thumbnailUrl\" srcset=\"https:\/\/radiorevelacionfm.cl\/wp-content\/uploads\/2022\/02\/image-18-1.jpg 648w, https:\/\/radiorevelacionfm.cl\/wp-content\/uploads\/2022\/02\/image-18-1-300x278.jpg 300w, https:\/\/radiorevelacionfm.cl\/wp-content\/uploads\/2022\/02\/image-18-1-600x556.jpg 600w\" sizes=\"(max-width: 648px) 100vw, 648px\" \/><\/div><\/div><\/div><\/div><div class=\"flex_column av_one_full  flex_column_div av-zero-column-padding first  avia-builder-el-2  el_after_av_one_full  el_before_av_one_full  column-top-margin\" style='border-radius:0px; '><section class=\"av_textblock_section \"  itemscope=\"itemscope\" itemtype=\"https:\/\/schema.org\/BlogPosting\" itemprop=\"blogPost\" ><div class='avia_textblock  '   itemprop=\"text\" ><p style=\"text-align: center;\"><strong><span style=\"font-size: 18pt;\">Comunidad de Ra\u00fal Mar\u00edn Balmaceda vuelve a manifestarse por energ\u00eda y exigen soluciones definitivas <\/span><\/strong><\/p>\n<div id=\"gtx-trans\" style=\"position: absolute; left: -50px; top: 4.31534px;\">\n<div class=\"gtx-trans-icon\"><\/div>\n<\/div>\n<\/div><\/section><\/div><div class=\"flex_column av_one_full  flex_column_div av-zero-column-padding first  avia-builder-el-4  el_after_av_one_full  el_before_av_hr  column-top-margin\" style='border-radius:0px; '><section class=\"av_textblock_section \"  itemscope=\"itemscope\" itemtype=\"https:\/\/schema.org\/BlogPosting\" itemprop=\"blogPost\" ><div class='avia_textblock  '   itemprop=\"text\" ><p style=\"text-align: justify;\">Una nueva jornada de movilizaci\u00f3n tuvo la comunidad de Ra\u00fal Mar\u00edn Balmaceda, en la que manifestaron su descontento por el tiempo que permanecieron sin energ\u00eda, exigiendo que el nuevo motor que recibieron quede funcionando en la localidad hasta que los nuevos generados licitados est\u00e9n operativos.<\/p>\n<p style=\"text-align: justify;\">A trav\u00e9s de un comunicado, expresaron la problem\u00e1tica que est\u00e1n viviendo, se\u00f1alando lo siguiente:<\/p>\n<p style=\"text-align: justify;\">Hoy domingo 27 de febrero se cumplieron 7 d\u00edas en que la comunidad de Puerto Ra\u00fal Mar\u00edn Balmaceda no cont\u00f3 con un servicio de electricidad.<\/p>\n<p style=\"text-align: justify;\">Reci\u00e9n hoy, el s\u00e9ptimo d\u00eda, llega un nuevo motor arrendado que esperemos esta vez s\u00ed est\u00e9 en buenas condiciones y funcione como debe ser. Junto a ello, y si esto ocurre, es que como comunidad marinense exigimos que este motor arrendado se quede funcionando en la localidad hasta que los dos nuevos generadores licitados definitivamente lleguen.<\/p>\n<p style=\"text-align: justify;\">Estamos cansados del abuso, de que jueguen con nosotros, porque a pesar de que seamos pocos habitantes merecemos un trato digno, respetando nuestros derechos como ciudadanos.<\/p>\n<p style=\"text-align: justify;\">Hay situaciones que se pueden prever y\/o subsanar de manera m\u00e1s r\u00e1pida y eficaz a pesar de lo aislado que vivimos, igualmente, as\u00ed agradecemos a nuestro comit\u00e9 de agua y luz y sus operarios que han estado buscando soluci\u00f3n desde el d\u00eda uno e inclusive desde mucho antes.<\/p>\n<p style=\"text-align: justify;\">El que conoce a los marinenses sabe que somos una comunidad pac\u00edfica, pero ante abusos como el que acabamos de vivir no podemos quedarnos callados.<\/p>\n<p style=\"text-align: justify;\">Nuestros alimentos se fueron a la basura, nuestra salud estuvo en riesgo, nuestro trabajo estuvo limitado, y as\u00ed mucho m\u00e1s. \u00bfY qui\u00e9n responde por eso? merecemos habitar en dignidad.<\/p>\n<p style=\"text-align: justify;\">Hoy como comunidad nuevamente nos movilizamos para expresar nuestro descontento.<\/p>\n<p style=\"text-align: justify;\">Hoy la luz lleg\u00f3, pero nuestro malestar sigue presente, dejen de jugar con nosotros\u00a0 y t\u00f3mennos en serio de una vez por todas.<\/p>\n<p style=\"text-align: justify;\">Merecemos un trato digno e igualitario, somos la puerta de entrada de la regi\u00f3n, no el patio trasero.<\/p>\n<p style=\"text-align: justify;\"><strong>\u00a1Porque Ra\u00fal Mar\u00edn tambi\u00e9n es Chile!<\/strong><\/p>\n<\/div><\/section><\/div><div  style='height:50px' class='hr hr-invisible   avia-builder-el-6  el_after_av_one_full  el_before_av_social_share '><span class='hr-inner ' ><span class='hr-inner-style'><\/span><\/span><\/div><\/p>\n<div  class='av-social-sharing-box  avia-builder-el-7  el_after_av_hr  el_before_av_hr  '><div class='av-share-box'><h5 class='av-share-link-description av-no-toc '>Compartir esta noticia<\/h5><ul class='av-share-box-list noLightbox'><li class='av-share-link av-social-link-facebook' ><a target=\"_blank\" aria-label=\"Compartir en Facebook\" href='https:\/\/www.facebook.com\/sharer.php?u=https:\/\/radiorevelacionfm.cl\/?p=14087&#038;t=Comunidad%20de%20Ra%C3%BAl%20Mar%C3%ADn%20Balmaceda%20vuelve%20a%20manifestarse%20por%20energ%C3%ADa%20y%20exigen%20soluciones%20definitivas' aria-hidden='false' data-av_icon='\ue8f3' data-av_iconfont='entypo-fontello' title='' data-avia-related-tooltip='Compartir en Facebook' rel=\"noopener\"><span class='avia_hidden_link_text'>Compartir en Facebook<\/span><\/a><\/li><li class='av-share-link av-social-link-twitter' ><a target=\"_blank\" aria-label=\"Compartir en Twitter\" href='https:\/\/twitter.com\/share?text=Comunidad%20de%20Ra%C3%BAl%20Mar%C3%ADn%20Balmaceda%20vuelve%20a%20manifestarse%20por%20energ%C3%ADa%20y%20exigen%20soluciones%20definitivas&#038;url=https:\/\/radiorevelacionfm.cl\/?p=14087' aria-hidden='false' data-av_icon='\ue8f1' data-av_iconfont='entypo-fontello' title='' data-avia-related-tooltip='Compartir en Twitter' rel=\"noopener\"><span class='avia_hidden_link_text'>Compartir en Twitter<\/span><\/a><\/li><li class='av-share-link av-social-link-whatsapp' ><a target=\"_blank\" aria-label=\"Compartir en Whatsapp\" href='https:\/\/api.whatsapp.com\/send?text=https:\/\/radiorevelacionfm.cl\/?p=14087' aria-hidden='false' data-av_icon='\uf232' data-av_iconfont='entypo-fontello' title='' data-avia-related-tooltip='Compartir en Whatsapp' rel=\"noopener\"><span class='avia_hidden_link_text'>Compartir en Whatsapp<\/span><\/a><\/li><li class='av-share-link av-social-link-linkedin' ><a target=\"_blank\" aria-label=\"Compartir en LinkedIn\" href='https:\/\/linkedin.com\/shareArticle?mini=true&#038;title=Comunidad%20de%20Ra%C3%BAl%20Mar%C3%ADn%20Balmaceda%20vuelve%20a%20manifestarse%20por%20energ%C3%ADa%20y%20exigen%20soluciones%20definitivas&#038;url=https:\/\/radiorevelacionfm.cl\/?p=14087' aria-hidden='false' data-av_icon='\ue8fc' data-av_iconfont='entypo-fontello' title='' data-avia-related-tooltip='Compartir en LinkedIn' rel=\"noopener\"><span class='avia_hidden_link_text'>Compartir en LinkedIn<\/span><\/a><\/li><li class='av-share-link av-social-link-mail' ><a  aria-label=\"Compartir por correo\" href='mailto:?subject=Comunidad%20de%20Ra%C3%BAl%20Mar%C3%ADn%20Balmaceda%20vuelve%20a%20manifestarse%20por%20energ%C3%ADa%20y%20exigen%20soluciones%20definitivas&#038;body=https:\/\/radiorevelacionfm.cl\/?p=14087' aria-hidden='false' data-av_icon='\ue805' data-av_iconfont='entypo-fontello' title='' data-avia-related-tooltip='Compartir por correo'><span class='avia_hidden_link_text'>Compartir por correo<\/span><\/a><\/li><\/ul><\/div><\/div>\n<div  style='height:50px' class='hr hr-invisible   avia-builder-el-8  el_after_av_social_share  el_before_av_comments_list '><span class='hr-inner ' ><span class='hr-inner-style'><\/span><\/span><\/div>\n<div  class='av-buildercomment  av-blog-meta-html-info-disabled av-blog-meta-tag-disabled  '><\/div>\n","protected":false},"excerpt":{"rendered":"","protected":false},"author":1,"featured_media":14088,"comment_status":"open","ping_status":"open","sticky":false,"template":"","format":"standard","meta":{"footnotes":""},"categories":[38],"tags":[],"class_list":["post-14087","post","type-post","status-publish","format-standard","has-post-thumbnail","hentry","category-regional"],"jetpack_featured_media_url":"https:\/\/radiorevelacionfm.cl\/wp-content\/uploads\/2022\/02\/image-18-1.jpg","_links":{"self":[{"href":"https:\/\/radiorevelacionfm.cl\/index.php?rest_route=\/wp\/v2\/posts\/14087","targetHints":{"allow":["GET"]}}],"collection":[{"href":"https:\/\/radiorevelacionfm.cl\/index.php?rest_route=\/wp\/v2\/posts"}],"about":[{"href":"https:\/\/radiorevelacionfm.cl\/index.php?rest_route=\/wp\/v2\/types\/post"}],"author":[{"embeddable":true,"href":"https:\/\/radiorevelacionfm.cl\/index.php?rest_route=\/wp\/v2\/users\/1"}],"replies":[{"embeddable":true,"href":"https:\/\/radiorevelacionfm.cl\/index.php?rest_route=%2Fwp%2Fv2%2Fcomments&post=14087"}],"version-history":[{"count":2,"href":"https:\/\/radiorevelacionfm.cl\/index.php?rest_route=\/wp\/v2\/posts\/14087\/revisions"}],"predecessor-version":[{"id":14090,"href":"https:\/\/radiorevelacionfm.cl\/index.php?rest_route=\/wp\/v2\/posts\/14087\/revisions\/14090"}],"wp:featuredmedia":[{"embeddable":true,"href":"https:\/\/radiorevelacionfm.cl\/index.php?rest_route=\/wp\/v2\/media\/14088"}],"wp:attachment":[{"href":"https:\/\/radiorevelacionfm.cl\/index.php?rest_route=%2Fwp%2Fv2%2Fmedia&parent=14087"}],"wp:term":[{"taxonomy":"category","embeddable":true,"href":"https:\/\/radiorevelacionfm.cl\/index.php?rest_route=%2Fwp%2Fv2%2Fcategories&post=14087"},{"taxonomy":"post_tag","embeddable":true,"href":"https:\/\/radiorevelacionfm.cl\/index.php?rest_route=%2Fwp%2Fv2%2Ftags&post=14087"}],"curies":[{"name":"wp","href":"https:\/\/api.w.org\/{rel}","templated":true}]}}