{"id":14080,"date":"2022-02-26T10:42:07","date_gmt":"2022-02-26T13:42:07","guid":{"rendered":"https:\/\/radiorevelacionfm.cl\/?p=14080"},"modified":"2022-02-26T10:42:07","modified_gmt":"2022-02-26T13:42:07","slug":"en-fase-de-termino-se-encuentra-mejoramiento-del-aerodromo-en-puerto-aysen","status":"publish","type":"post","link":"https:\/\/radiorevelacionfm.cl\/?p=14080","title":{"rendered":"En fase de t\u00e9rmino se encuentra mejoramiento del aer\u00f3dromo en Puerto Ays\u00e9n"},"content":{"rendered":"<div class=\"flex_column av_one_full  flex_column_div av-zero-column-padding first  avia-builder-el-0  el_before_av_one_full  avia-builder-el-first  \" style='border-radius:0px; '><div  class='avia-image-container  av-styling-    avia-builder-el-1  avia-builder-el-no-sibling  avia-align-center '  itemprop=\"image\" itemscope=\"itemscope\" itemtype=\"https:\/\/schema.org\/ImageObject\"  ><div class='avia-image-container-inner'><div class='avia-image-overlay-wrap'><img decoding=\"async\" class='wp-image-14081 avia-img-lazy-loading-not-14081 avia_image' src=\"https:\/\/radiorevelacionfm.cl\/wp-content\/uploads\/2022\/02\/Aerodromo-Aysen1-1.jpg\" alt='' title='Aerodromo Aysen1 (1)' height=\"600\" width=\"800\"  itemprop=\"thumbnailUrl\" srcset=\"https:\/\/radiorevelacionfm.cl\/wp-content\/uploads\/2022\/02\/Aerodromo-Aysen1-1.jpg 800w, https:\/\/radiorevelacionfm.cl\/wp-content\/uploads\/2022\/02\/Aerodromo-Aysen1-1-300x225.jpg 300w, https:\/\/radiorevelacionfm.cl\/wp-content\/uploads\/2022\/02\/Aerodromo-Aysen1-1-768x576.jpg 768w, https:\/\/radiorevelacionfm.cl\/wp-content\/uploads\/2022\/02\/Aerodromo-Aysen1-1-705x529.jpg 705w, https:\/\/radiorevelacionfm.cl\/wp-content\/uploads\/2022\/02\/Aerodromo-Aysen1-1-600x450.jpg 600w\" sizes=\"(max-width: 800px) 100vw, 800px\" \/><\/div><\/div><\/div><\/div>\n<div class=\"flex_column av_one_full  flex_column_div av-zero-column-padding first  avia-builder-el-2  el_after_av_one_full  el_before_av_one_full  column-top-margin\" style='border-radius:0px; '><section class=\"av_textblock_section \"  itemscope=\"itemscope\" itemtype=\"https:\/\/schema.org\/BlogPosting\" itemprop=\"blogPost\" ><div class='avia_textblock  '   itemprop=\"text\" ><p style=\"text-align: center;\"><strong><span style=\"font-size: 18pt;\">En fase de t\u00e9rmino se encuentra mejoramiento del aer\u00f3dromo en Puerto Ays\u00e9n<\/span><\/strong><\/p>\n<div id=\"gtx-trans\" style=\"position: absolute; left: -50px; top: 4.31534px;\">\n<div class=\"gtx-trans-icon\"><\/div>\n<\/div>\n<\/div><\/section><\/div><div class=\"flex_column av_one_full  flex_column_div av-zero-column-padding first  avia-builder-el-4  el_after_av_one_full  el_before_av_hr  column-top-margin\" style='border-radius:0px; '><section class=\"av_textblock_section \"  itemscope=\"itemscope\" itemtype=\"https:\/\/schema.org\/BlogPosting\" itemprop=\"blogPost\" ><div class='avia_textblock  '   itemprop=\"text\" ><p style=\"text-align: justify;\">El a\u00f1o 2021 este Aer\u00f3dromo alcanz\u00f3 las 153 operaciones a\u00e9reas, siendo utilizado mayormente para conectar a los pobladores de diversos sectores de la regi\u00f3n, realizar evacuaciones aerom\u00e9dicas, por el turismo y el sector acu\u00edcola, y como apoyo a la soberan\u00eda mar\u00edtima. Su renovaci\u00f3n, es parte de las iniciativas que integran el plan Paso a Paso Chile Se Recupera, entregando empleo y una mejor calidad de vida a la comunidad.<\/p>\n<p style=\"text-align: justify;\">El Secretario Regional Ministerial de Obras P\u00fablicas (S) Alejandro Cifuentes Celed\u00f3n, inform\u00f3 que se encuentra en fase de t\u00e9rmino el mejoramiento del Aer\u00f3dromo Cabo 1\u00b0 Juan Rom\u00e1n en la ciudad de Puerto Ays\u00e9n, obras incluidas en el plan Paso a Paso Chile se Recupera que el gobierno del presidente Sebasti\u00e1n Pi\u00f1era ha llevado adelante en la regi\u00f3n de Ays\u00e9n para entregar empleos y mejorar la calidad de vida de las personas.<\/p>\n<p style=\"text-align: justify;\">\u201cUna de las prioridades del gobierno de nuestro presidente Sebasti\u00e1n Pi\u00f1era durante estos cuatro a\u00f1os ha sido potenciar la conectividad desde diversas \u00e1reas, con el objetivo de construir obras que entreguen mejores condiciones de vida a las comunidades, confieran empleos y posibiliten optimizar las condiciones de conectividad, de seguridad de las personas y de las aeronaves que utilicen este Aer\u00f3dromo, el que conecta por v\u00eda a\u00e9rea a los vecinos provenientes tanto de sectores urbanos como rurales y del sector litoral. En el Aer\u00f3dromo Cabo 1\u00b0 Juan Rom\u00e1n el a\u00f1o 2021 se realizaron 153 operaciones a\u00e9reas, cifra relevante considerando que nos encontr\u00e1bamos en situaci\u00f3n de pandemia y que es utilizado mayormente para evacuaciones aerom\u00e9dicas, por el sector tur\u00edstico y acu\u00edcola, y como apoyo a la soberan\u00eda mar\u00edtima, as\u00ed que como Ministerio de Obras P\u00fablicas estamos muy contentos de poder aportar a la ciudadan\u00eda con la ejecuci\u00f3n de esta obra, as\u00ed como tambi\u00e9n con la entrega de empleo mensual para 13 personas y una\u00a0 inversi\u00f3n de \u00a0nuestra Direcci\u00f3n Regional de Aeropuertos de $2.053 millones, en el marco de la ejecuci\u00f3n del plan Paso a Paso Chile Se Recupera\u201d, afirm\u00f3 el SEREMI del MOP (S).<\/p>\n<p style=\"text-align: justify;\">Este Aer\u00f3dromo forma parte de la Red de 29 peque\u00f1os Aer\u00f3dromos que mantiene la Direcci\u00f3n Regional de Aeropuertos del MOP en la regi\u00f3n de Ays\u00e9n. En \u00e9l operan aviones tipo Twin Otter y C-130, entre otros; cuenta con una pista de 1300 metros de extensi\u00f3n y sistema de luces, lo que posibilita que se puedan efectuar en \u00e9l operaciones a\u00e9reas nocturnas. Hoy los trabajos que estamos terminando de realizar consideran el cambio del pavimento asf\u00e1ltico existente en la pista, plataforma y rodaje en una extensi\u00f3n de 43.722 m2; el reemplazo de las losas de umbrales y plataforma de hormig\u00f3n en 900 m3, la demarcaci\u00f3n y pintura en 2.500 m2, la conservaci\u00f3n de drenajes en 3.356 m y el recambio de indicadores de direcci\u00f3n de viento con iluminaci\u00f3n para vuelos nocturnos.<\/p>\n<\/div><\/section><\/div><\/p>\n<div  style='height:50px' class='hr hr-invisible   avia-builder-el-6  el_after_av_one_full  el_before_av_social_share '><span class='hr-inner ' ><span class='hr-inner-style'><\/span><\/span><\/div>\n<div  class='av-social-sharing-box  avia-builder-el-7  el_after_av_hr  el_before_av_hr  '><div class='av-share-box'><h5 class='av-share-link-description av-no-toc '>Compartir esta noticia<\/h5><ul class='av-share-box-list noLightbox'><li class='av-share-link av-social-link-facebook' ><a target=\"_blank\" aria-label=\"Compartir en Facebook\" href='https:\/\/www.facebook.com\/sharer.php?u=https:\/\/radiorevelacionfm.cl\/?p=14080&#038;t=En%20fase%20de%20t%C3%A9rmino%20se%20encuentra%20mejoramiento%20del%20aer%C3%B3dromo%20en%20Puerto%20Ays%C3%A9n' aria-hidden='false' data-av_icon='\ue8f3' data-av_iconfont='entypo-fontello' title='' data-avia-related-tooltip='Compartir en Facebook' rel=\"noopener\"><span class='avia_hidden_link_text'>Compartir en Facebook<\/span><\/a><\/li><li class='av-share-link av-social-link-twitter' ><a target=\"_blank\" aria-label=\"Compartir en Twitter\" href='https:\/\/twitter.com\/share?text=En%20fase%20de%20t%C3%A9rmino%20se%20encuentra%20mejoramiento%20del%20aer%C3%B3dromo%20en%20Puerto%20Ays%C3%A9n&#038;url=https:\/\/radiorevelacionfm.cl\/?p=14080' aria-hidden='false' data-av_icon='\ue8f1' data-av_iconfont='entypo-fontello' title='' data-avia-related-tooltip='Compartir en Twitter' rel=\"noopener\"><span class='avia_hidden_link_text'>Compartir en Twitter<\/span><\/a><\/li><li class='av-share-link av-social-link-whatsapp' ><a target=\"_blank\" aria-label=\"Compartir en Whatsapp\" href='https:\/\/api.whatsapp.com\/send?text=https:\/\/radiorevelacionfm.cl\/?p=14080' aria-hidden='false' data-av_icon='\uf232' data-av_iconfont='entypo-fontello' title='' data-avia-related-tooltip='Compartir en Whatsapp' rel=\"noopener\"><span class='avia_hidden_link_text'>Compartir en Whatsapp<\/span><\/a><\/li><li class='av-share-link av-social-link-linkedin' ><a target=\"_blank\" aria-label=\"Compartir en LinkedIn\" href='https:\/\/linkedin.com\/shareArticle?mini=true&#038;title=En%20fase%20de%20t%C3%A9rmino%20se%20encuentra%20mejoramiento%20del%20aer%C3%B3dromo%20en%20Puerto%20Ays%C3%A9n&#038;url=https:\/\/radiorevelacionfm.cl\/?p=14080' aria-hidden='false' data-av_icon='\ue8fc' data-av_iconfont='entypo-fontello' title='' data-avia-related-tooltip='Compartir en LinkedIn' rel=\"noopener\"><span class='avia_hidden_link_text'>Compartir en LinkedIn<\/span><\/a><\/li><li class='av-share-link av-social-link-mail' ><a  aria-label=\"Compartir por correo\" href='mailto:?subject=En%20fase%20de%20t%C3%A9rmino%20se%20encuentra%20mejoramiento%20del%20aer%C3%B3dromo%20en%20Puerto%20Ays%C3%A9n&#038;body=https:\/\/radiorevelacionfm.cl\/?p=14080' aria-hidden='false' data-av_icon='\ue805' data-av_iconfont='entypo-fontello' title='' data-avia-related-tooltip='Compartir por correo'><span class='avia_hidden_link_text'>Compartir por correo<\/span><\/a><\/li><\/ul><\/div><\/div>\n<div  style='height:50px' class='hr hr-invisible   avia-builder-el-8  el_after_av_social_share  el_before_av_comments_list '><span class='hr-inner ' ><span class='hr-inner-style'><\/span><\/span><\/div>\n<div  class='av-buildercomment  av-blog-meta-html-info-disabled av-blog-meta-tag-disabled  '><\/div>\n","protected":false},"excerpt":{"rendered":"","protected":false},"author":1,"featured_media":14081,"comment_status":"open","ping_status":"open","sticky":false,"template":"","format":"standard","meta":{"footnotes":""},"categories":[38],"tags":[],"class_list":["post-14080","post","type-post","status-publish","format-standard","has-post-thumbnail","hentry","category-regional"],"jetpack_featured_media_url":"https:\/\/radiorevelacionfm.cl\/wp-content\/uploads\/2022\/02\/Aerodromo-Aysen1-1.jpg","_links":{"self":[{"href":"https:\/\/radiorevelacionfm.cl\/index.php?rest_route=\/wp\/v2\/posts\/14080","targetHints":{"allow":["GET"]}}],"collection":[{"href":"https:\/\/radiorevelacionfm.cl\/index.php?rest_route=\/wp\/v2\/posts"}],"about":[{"href":"https:\/\/radiorevelacionfm.cl\/index.php?rest_route=\/wp\/v2\/types\/post"}],"author":[{"embeddable":true,"href":"https:\/\/radiorevelacionfm.cl\/index.php?rest_route=\/wp\/v2\/users\/1"}],"replies":[{"embeddable":true,"href":"https:\/\/radiorevelacionfm.cl\/index.php?rest_route=%2Fwp%2Fv2%2Fcomments&post=14080"}],"version-history":[{"count":3,"href":"https:\/\/radiorevelacionfm.cl\/index.php?rest_route=\/wp\/v2\/posts\/14080\/revisions"}],"predecessor-version":[{"id":14086,"href":"https:\/\/radiorevelacionfm.cl\/index.php?rest_route=\/wp\/v2\/posts\/14080\/revisions\/14086"}],"wp:featuredmedia":[{"embeddable":true,"href":"https:\/\/radiorevelacionfm.cl\/index.php?rest_route=\/wp\/v2\/media\/14081"}],"wp:attachment":[{"href":"https:\/\/radiorevelacionfm.cl\/index.php?rest_route=%2Fwp%2Fv2%2Fmedia&parent=14080"}],"wp:term":[{"taxonomy":"category","embeddable":true,"href":"https:\/\/radiorevelacionfm.cl\/index.php?rest_route=%2Fwp%2Fv2%2Fcategories&post=14080"},{"taxonomy":"post_tag","embeddable":true,"href":"https:\/\/radiorevelacionfm.cl\/index.php?rest_route=%2Fwp%2Fv2%2Ftags&post=14080"}],"curies":[{"name":"wp","href":"https:\/\/api.w.org\/{rel}","templated":true}]}}