{"id":14075,"date":"2022-02-25T18:43:09","date_gmt":"2022-02-25T21:43:09","guid":{"rendered":"https:\/\/radiorevelacionfm.cl\/?p=14075"},"modified":"2022-02-25T18:43:09","modified_gmt":"2022-02-25T21:43:09","slug":"en-proceso-de-adjudicacion-se-encuentra-diseno-de-nuevo-cuartel-policial-para-comunidad-de-puerto-aguirre","status":"publish","type":"post","link":"https:\/\/radiorevelacionfm.cl\/?p=14075","title":{"rendered":"En proceso de adjudicaci\u00f3n se encuentra dise\u00f1o de nuevo cuartel policial para comunidad de Puerto Aguirre"},"content":{"rendered":"<div class=\"flex_column av_one_full  flex_column_div av-zero-column-padding first  avia-builder-el-0  el_before_av_one_full  avia-builder-el-first  \" style='border-radius:0px; '><div  class='avia-image-container  av-styling-    avia-builder-el-1  avia-builder-el-no-sibling  avia-align-center '  itemprop=\"image\" itemscope=\"itemscope\" itemtype=\"https:\/\/schema.org\/ImageObject\"  ><div class='avia-image-container-inner'><div class='avia-image-overlay-wrap'><img decoding=\"async\" class='wp-image-14076 avia-img-lazy-loading-not-14076 avia_image' src=\"https:\/\/radiorevelacionfm.cl\/wp-content\/uploads\/2022\/02\/propuesta-4-1_optimized.jpg\" alt='' title='propuesta-4-(1)_optimized' height=\"600\" width=\"1178\"  itemprop=\"thumbnailUrl\" srcset=\"https:\/\/radiorevelacionfm.cl\/wp-content\/uploads\/2022\/02\/propuesta-4-1_optimized.jpg 1178w, https:\/\/radiorevelacionfm.cl\/wp-content\/uploads\/2022\/02\/propuesta-4-1_optimized-300x153.jpg 300w, https:\/\/radiorevelacionfm.cl\/wp-content\/uploads\/2022\/02\/propuesta-4-1_optimized-1030x525.jpg 1030w, https:\/\/radiorevelacionfm.cl\/wp-content\/uploads\/2022\/02\/propuesta-4-1_optimized-768x391.jpg 768w, https:\/\/radiorevelacionfm.cl\/wp-content\/uploads\/2022\/02\/propuesta-4-1_optimized-705x359.jpg 705w, https:\/\/radiorevelacionfm.cl\/wp-content\/uploads\/2022\/02\/propuesta-4-1_optimized-600x306.jpg 600w\" sizes=\"(max-width: 1178px) 100vw, 1178px\" \/><\/div><\/div><\/div><\/div><div class=\"flex_column av_one_full  flex_column_div av-zero-column-padding first  avia-builder-el-2  el_after_av_one_full  el_before_av_one_full  column-top-margin\" style='border-radius:0px; '><section class=\"av_textblock_section \"  itemscope=\"itemscope\" itemtype=\"https:\/\/schema.org\/BlogPosting\" itemprop=\"blogPost\" ><div class='avia_textblock  '   itemprop=\"text\" ><p style=\"text-align: center;\"><strong><span style=\"font-size: 18pt;\">En proceso de adjudicaci\u00f3n se encuentra dise\u00f1o de nuevo cuartel policial para comunidad de Puerto Aguirre <\/span><\/strong><\/p>\n<div id=\"gtx-trans\" style=\"position: absolute; left: -50px; top: 4.31534px;\">\n<div class=\"gtx-trans-icon\"><\/div>\n<\/div>\n<\/div><\/section><\/div><div class=\"flex_column av_one_full  flex_column_div av-zero-column-padding first  avia-builder-el-4  el_after_av_one_full  el_before_av_hr  column-top-margin\" style='border-radius:0px; '><section class=\"av_textblock_section \"  itemscope=\"itemscope\" itemtype=\"https:\/\/schema.org\/BlogPosting\" itemprop=\"blogPost\" ><div class='avia_textblock  '   itemprop=\"text\" ><p style=\"text-align: justify;\">El Secretario Regional Ministerial de Obras P\u00fablicas (S), Alejandro Cifuentes Celed\u00f3n inform\u00f3 que se encuentra en proceso de adjudicaci\u00f3n el Dise\u00f1o para construir un nuevo Cuartel Policial en Puerto Aguirre.<\/p>\n<p style=\"text-align: justify;\">La buena noticia la dio a conocer esta ma\u00f1ana, luego de sostener una reuni\u00f3n con el equipo de Arquitectura del MOP, quienes en este Dise\u00f1o tienen el rol de Unidad T\u00e9cnica a cargo de la licitaci\u00f3n y fiscalizaci\u00f3n de la ejecuci\u00f3n del contrato de consultor\u00eda.<\/p>\n<p style=\"text-align: justify;\">\u201cSe presentaron cuatro ofertas de las empresas consultoras Arqdesing Arquitectos, Bornick Yurisick Arquitectos, Riesco y Rivera Arquitectos y MM Arquitectos as\u00ed que estamos muy contentos, porque hoy ya nos encontramos en el proceso de an\u00e1lisis de las ofertas para adjudicar el Dise\u00f1o de un nuevo Cuartel Policial para Islas Huichas a una de estas Consultoras, lo que permitir\u00e1 que tanto el personal de Carabineros de Chile con residencia en esta austral zona de la regi\u00f3n de Ays\u00e9n, como sus usuarios cuenten con un Dise\u00f1o que responda a est\u00e1ndares actuales de habitabilidad y seguridad, mejorando las condiciones para el desarrollo de la funci\u00f3n policial junto con brindar tambi\u00e9n \u00f3ptimas condiciones para atender y procurar la seguridad de la comunidad, de las v\u00edctimas e imputados y fortalecer la soberan\u00eda. Este Dise\u00f1o es el primer paso que posibilitar\u00e1 que Carabineros de Chile en un futuro cercano concrete la construcci\u00f3n de una infraestructura p\u00fablica adecuada para quienes tienen la responsabilidad y el mandato ciudadano de proteger el orden p\u00fablico y la convivencia pac\u00edfica de las comunidades, lo que es prioritario para nuestro gobierno y se enmarca en el plan de modernizaci\u00f3n de Carabineros de Chile, el que busca fortalecer la gesti\u00f3n de la polic\u00eda en el gobierno del presidente Sebasti\u00e1n Pi\u00f1era\u201d, afirm\u00f3 el SEREMI del MOP (S).<\/p>\n<p style=\"text-align: justify;\">La realizaci\u00f3n de este Dise\u00f1o considera efectuar los proyectos de arquitectura, estructura, el desarrollo de mec\u00e1nica de suelos, topograf\u00eda, instalaciones sanitarias, de electricidad, gas, calefacci\u00f3n, eficiencia energ\u00e9tica, paisajismo, seguridad contra incendios, se\u00f1alizaci\u00f3n e iluminaci\u00f3n; la generaci\u00f3n de \u00e1reas de atenci\u00f3n de p\u00fablico, de servicios higi\u00e9nicos, \u00e1reas de detenidos, \u00e1reas administrativas, zona de habitabilidad de funcionarios, bodegas, entre otros, con un total aproximado de superficie a construir de 511 m2., y un presupuesto FNDR estimado de $107 millones.<\/p>\n<\/div><\/section><\/div><div  style='height:50px' class='hr hr-invisible   avia-builder-el-6  el_after_av_one_full  el_before_av_social_share '><span class='hr-inner ' ><span class='hr-inner-style'><\/span><\/span><\/div><\/p>\n<div  class='av-social-sharing-box  avia-builder-el-7  el_after_av_hr  el_before_av_hr  '><div class='av-share-box'><h5 class='av-share-link-description av-no-toc '>Compartir esta noticia<\/h5><ul class='av-share-box-list noLightbox'><li class='av-share-link av-social-link-facebook' ><a target=\"_blank\" aria-label=\"Compartir en Facebook\" href='https:\/\/www.facebook.com\/sharer.php?u=https:\/\/radiorevelacionfm.cl\/?p=14075&#038;t=En%20proceso%20de%20adjudicaci%C3%B3n%20se%20encuentra%20dise%C3%B1o%20de%20nuevo%20cuartel%20policial%20para%20comunidad%20de%20Puerto%20Aguirre' aria-hidden='false' data-av_icon='\ue8f3' data-av_iconfont='entypo-fontello' title='' data-avia-related-tooltip='Compartir en Facebook' rel=\"noopener\"><span class='avia_hidden_link_text'>Compartir en Facebook<\/span><\/a><\/li><li class='av-share-link av-social-link-twitter' ><a target=\"_blank\" aria-label=\"Compartir en Twitter\" href='https:\/\/twitter.com\/share?text=En%20proceso%20de%20adjudicaci%C3%B3n%20se%20encuentra%20dise%C3%B1o%20de%20nuevo%20cuartel%20policial%20para%20comunidad%20de%20Puerto%20Aguirre&#038;url=https:\/\/radiorevelacionfm.cl\/?p=14075' aria-hidden='false' data-av_icon='\ue8f1' data-av_iconfont='entypo-fontello' title='' data-avia-related-tooltip='Compartir en Twitter' rel=\"noopener\"><span class='avia_hidden_link_text'>Compartir en Twitter<\/span><\/a><\/li><li class='av-share-link av-social-link-whatsapp' ><a target=\"_blank\" aria-label=\"Compartir en Whatsapp\" href='https:\/\/api.whatsapp.com\/send?text=https:\/\/radiorevelacionfm.cl\/?p=14075' aria-hidden='false' data-av_icon='\uf232' data-av_iconfont='entypo-fontello' title='' data-avia-related-tooltip='Compartir en Whatsapp' rel=\"noopener\"><span class='avia_hidden_link_text'>Compartir en Whatsapp<\/span><\/a><\/li><li class='av-share-link av-social-link-linkedin' ><a target=\"_blank\" aria-label=\"Compartir en LinkedIn\" href='https:\/\/linkedin.com\/shareArticle?mini=true&#038;title=En%20proceso%20de%20adjudicaci%C3%B3n%20se%20encuentra%20dise%C3%B1o%20de%20nuevo%20cuartel%20policial%20para%20comunidad%20de%20Puerto%20Aguirre&#038;url=https:\/\/radiorevelacionfm.cl\/?p=14075' aria-hidden='false' data-av_icon='\ue8fc' data-av_iconfont='entypo-fontello' title='' data-avia-related-tooltip='Compartir en LinkedIn' rel=\"noopener\"><span class='avia_hidden_link_text'>Compartir en LinkedIn<\/span><\/a><\/li><li class='av-share-link av-social-link-mail' ><a  aria-label=\"Compartir por correo\" href='mailto:?subject=En%20proceso%20de%20adjudicaci%C3%B3n%20se%20encuentra%20dise%C3%B1o%20de%20nuevo%20cuartel%20policial%20para%20comunidad%20de%20Puerto%20Aguirre&#038;body=https:\/\/radiorevelacionfm.cl\/?p=14075' aria-hidden='false' data-av_icon='\ue805' data-av_iconfont='entypo-fontello' title='' data-avia-related-tooltip='Compartir por correo'><span class='avia_hidden_link_text'>Compartir por correo<\/span><\/a><\/li><\/ul><\/div><\/div>\n<div  style='height:50px' class='hr hr-invisible   avia-builder-el-8  el_after_av_social_share  el_before_av_comments_list '><span class='hr-inner ' ><span class='hr-inner-style'><\/span><\/span><\/div>\n<div  class='av-buildercomment  av-blog-meta-html-info-disabled av-blog-meta-tag-disabled  '><\/div>\n","protected":false},"excerpt":{"rendered":"","protected":false},"author":1,"featured_media":14076,"comment_status":"open","ping_status":"open","sticky":false,"template":"","format":"standard","meta":{"footnotes":""},"categories":[38],"tags":[],"class_list":["post-14075","post","type-post","status-publish","format-standard","has-post-thumbnail","hentry","category-regional"],"jetpack_featured_media_url":"https:\/\/radiorevelacionfm.cl\/wp-content\/uploads\/2022\/02\/propuesta-4-1_optimized.jpg","_links":{"self":[{"href":"https:\/\/radiorevelacionfm.cl\/index.php?rest_route=\/wp\/v2\/posts\/14075","targetHints":{"allow":["GET"]}}],"collection":[{"href":"https:\/\/radiorevelacionfm.cl\/index.php?rest_route=\/wp\/v2\/posts"}],"about":[{"href":"https:\/\/radiorevelacionfm.cl\/index.php?rest_route=\/wp\/v2\/types\/post"}],"author":[{"embeddable":true,"href":"https:\/\/radiorevelacionfm.cl\/index.php?rest_route=\/wp\/v2\/users\/1"}],"replies":[{"embeddable":true,"href":"https:\/\/radiorevelacionfm.cl\/index.php?rest_route=%2Fwp%2Fv2%2Fcomments&post=14075"}],"version-history":[{"count":2,"href":"https:\/\/radiorevelacionfm.cl\/index.php?rest_route=\/wp\/v2\/posts\/14075\/revisions"}],"predecessor-version":[{"id":14078,"href":"https:\/\/radiorevelacionfm.cl\/index.php?rest_route=\/wp\/v2\/posts\/14075\/revisions\/14078"}],"wp:featuredmedia":[{"embeddable":true,"href":"https:\/\/radiorevelacionfm.cl\/index.php?rest_route=\/wp\/v2\/media\/14076"}],"wp:attachment":[{"href":"https:\/\/radiorevelacionfm.cl\/index.php?rest_route=%2Fwp%2Fv2%2Fmedia&parent=14075"}],"wp:term":[{"taxonomy":"category","embeddable":true,"href":"https:\/\/radiorevelacionfm.cl\/index.php?rest_route=%2Fwp%2Fv2%2Fcategories&post=14075"},{"taxonomy":"post_tag","embeddable":true,"href":"https:\/\/radiorevelacionfm.cl\/index.php?rest_route=%2Fwp%2Fv2%2Ftags&post=14075"}],"curies":[{"name":"wp","href":"https:\/\/api.w.org\/{rel}","templated":true}]}}