{"id":14070,"date":"2022-02-25T18:30:18","date_gmt":"2022-02-25T21:30:18","guid":{"rendered":"https:\/\/radiorevelacionfm.cl\/?p=14070"},"modified":"2022-02-25T20:14:55","modified_gmt":"2022-02-25T23:14:55","slug":"en-aysen-refuerzan-protocolos-y-llaman-a-sus-estudiantes-a-asistir-de-forma-segura-a-clases-presenciales","status":"publish","type":"post","link":"https:\/\/radiorevelacionfm.cl\/?p=14070","title":{"rendered":"En Ays\u00e9n refuerzan protocolos y llaman a sus estudiantes a asistir de forma segura a clases presenciales"},"content":{"rendered":"<div class=\"flex_column av_one_full  flex_column_div av-zero-column-padding first  avia-builder-el-0  el_before_av_one_full  avia-builder-el-first  \" style='border-radius:0px; '><div  class='avia-image-container  av-styling-    avia-builder-el-1  avia-builder-el-no-sibling  avia-align-center '  itemprop=\"image\" itemscope=\"itemscope\" itemtype=\"https:\/\/schema.org\/ImageObject\"  ><div class='avia-image-container-inner'><div class='avia-image-overlay-wrap'><img decoding=\"async\" class='wp-image-14071 avia-img-lazy-loading-not-14071 avia_image' src=\"https:\/\/radiorevelacionfm.cl\/wp-content\/uploads\/2022\/02\/retorno-clases1-1_optimized.jpg\" alt='' title='retorno-clases1-(1)_optimized' height=\"600\" width=\"800\"  itemprop=\"thumbnailUrl\" srcset=\"https:\/\/radiorevelacionfm.cl\/wp-content\/uploads\/2022\/02\/retorno-clases1-1_optimized.jpg 800w, https:\/\/radiorevelacionfm.cl\/wp-content\/uploads\/2022\/02\/retorno-clases1-1_optimized-300x225.jpg 300w, https:\/\/radiorevelacionfm.cl\/wp-content\/uploads\/2022\/02\/retorno-clases1-1_optimized-768x576.jpg 768w, https:\/\/radiorevelacionfm.cl\/wp-content\/uploads\/2022\/02\/retorno-clases1-1_optimized-705x529.jpg 705w, https:\/\/radiorevelacionfm.cl\/wp-content\/uploads\/2022\/02\/retorno-clases1-1_optimized-600x450.jpg 600w\" sizes=\"(max-width: 800px) 100vw, 800px\" \/><\/div><\/div><\/div><\/div><div class=\"flex_column av_one_full  flex_column_div av-zero-column-padding first  avia-builder-el-2  el_after_av_one_full  el_before_av_one_full  column-top-margin\" style='border-radius:0px; '><section class=\"av_textblock_section \"  itemscope=\"itemscope\" itemtype=\"https:\/\/schema.org\/BlogPosting\" itemprop=\"blogPost\" ><div class='avia_textblock  '   itemprop=\"text\" ><p style=\"text-align: center;\"><strong><span style=\"font-size: 18pt;\">En Ays\u00e9n refuerzan protocolos y llaman a sus estudiantes a asistir de forma segura a clases presenciales <\/span><\/strong><\/p>\n<div id=\"gtx-trans\" style=\"position: absolute; left: -50px; top: 4.31534px;\">\n<div class=\"gtx-trans-icon\"><\/div>\n<\/div>\n<\/div><\/section><\/div><div class=\"flex_column av_one_full  flex_column_div av-zero-column-padding first  avia-builder-el-4  el_after_av_one_full  el_before_av_hr  column-top-margin\" style='border-radius:0px; '><section class=\"av_textblock_section \"  itemscope=\"itemscope\" itemtype=\"https:\/\/schema.org\/BlogPosting\" itemprop=\"blogPost\" ><div class='avia_textblock  '   itemprop=\"text\" ><p style=\"text-align: justify;\">Listos y dispuestos se encuentran los quince establecimientos educacionales que forman parte de la Direcci\u00f3n de Educaci\u00f3n Municipal de Ays\u00e9n para el retorno presencial a clases 2022, este pr\u00f3ximo mi\u00e9rcoles 2 de marzo.<\/p>\n<p style=\"text-align: justify;\">De esta manera, analizando e implementando cada uno de los puntos dispuestos en el documento denominado Protocolo de medidas sanitarias y vigilancia epidemiol\u00f3gica para establecimientos educacionales, emanado recientemente desde el ministerio de Educaci\u00f3n, se encuentra el equipo del DEM en cada una de sus aristas. Ello, con el fin de asegurar un retorno que permita resguardar el derecho a la educaci\u00f3n de sus estudiantes, permitiendo el cuidado de la salud de todos quienes integran la educaci\u00f3n municipal aysenina.<\/p>\n<p style=\"text-align: justify;\">\u201cEl inicio de clases presenciales para este a\u00f1o, seg\u00fan lo dispuesto por el ministerio de Educaci\u00f3n, est\u00e1 calendarizado para el pr\u00f3ximo d\u00eda 2 de marzo. En cuanto a las condiciones sanitarias y de infraestructura, hemos estado visitando nuestros establecimientos educacionales, para verificar en terreno que se cumpla con todas las condiciones para ponerlas a disposici\u00f3n de nuestros padres, apoderados y, especialmente, de nuestros estudiantes en toda la comuna\u201d, indic\u00f3 la directora del DEM, Tamara Villegas.<\/p>\n<p style=\"text-align: justify;\">Al respecto, este regreso a clases presencial, tras dos a\u00f1os en que la educaci\u00f3n se efectu\u00f3 de manera telem\u00e1tica y\/o de forma h\u00edbrida, contempla diversos aspectos como son retomar la jornada escolar completa, de acuerdo a lo informado por las autoridades ministeriales, para todos los establecimientos que cuenten con el reconocimiento oficial del estado. Asimismo, desde el d\u00eda 1 funcionar\u00e1 el sistema de alimentaci\u00f3n regular de forma presencial del Programa de Alimentaci\u00f3n Escolar de la Junta Nacional de Auxilio Escolar y Becas, JUNAEB.<\/p>\n<p style=\"text-align: justify;\">\u201cPor ello, estamos revisando tambi\u00e9n la recepci\u00f3n de la Alimentaci\u00f3n para que nuestros ni\u00f1os puedan disponer del servicio de alimentaci\u00f3n de acuerdo a los protocolos que ha dispuesto la autoridad sanitaria. Sin duda, esta es una materia que est\u00e1 en constante an\u00e1lisis seg\u00fan su evoluci\u00f3n. Por tanto, como desconocemos c\u00f3mo avanzar\u00e1 esta pandemia, a d\u00eda de hoy lo que tenemos contemplado es el retorno a presencialidad y estamos trabajando intensamente para que resulten de la mejor manera posible, cuid\u00e1ndonos entre todos\u201d, agreg\u00f3 la directiva.<\/p>\n<p style=\"text-align: justify;\"><strong>BUSES DE ACERCAMIENTO Y UNIFORMES<\/strong><\/p>\n<p style=\"text-align: justify;\">Otro punto importante son los buses de acercamiento que anualmente dispone la Direcci\u00f3n de Educaci\u00f3n para todos sus estudiantes a lo largo de la comuna. En este sentido, \u201cnos encontramos preparando nuestros buses, aplicando el protocolo que se establece para este fin, es decir, que est\u00e9n todos los elementos de protecci\u00f3n personal requeridos, as\u00ed como registro de todos los estudiantes que abordar\u00e1n nuestros buses\u201d, manifest\u00f3 la abogada, a\u00f1adiendo que \u201clo que es el sector urbano de Puerto Ays\u00e9n y Villa Ma\u00f1ihuales, as\u00ed como sus alrededores, est\u00e1 listo y dispuesto para comenzar su funcionamiento el mismo d\u00eda mi\u00e9rcoles 2. Respecto a las zonas rurales del traslado de Puerto Chacabuco y El Salto hemos tenido inconvenientes relacionados con las licitaciones. Porque si bien hemos sido nuevamente beneficiados con el subsidio al transporte escolar, esto es de cargo del ministerio de Transportes. Al respecto, se han ca\u00eddo las licitaciones del servicio. As\u00ed que nuevamente estamos subiendo las bases a la plataforma, se est\u00e1 haciendo el llamado a postular a esta licitaci\u00f3n, y si todo contin\u00faa correctamente, esperamos iniciar el servicio la semana del 14 de marzo\u201d.<\/p>\n<p style=\"text-align: justify;\">Respecto al uso del uniforme, y con el objetivo de que los padres y apoderados de la educaci\u00f3n municipal no incurran en gastos, tras conversaciones entre la direcci\u00f3n del DEM y el sostenedor, alcalde Julio Uribe, se determin\u00f3 entregar las facilidades necesarias para quienes no est\u00e9n en condiciones de adquirir esta indumentaria institucional, para que los ni\u00f1os puedan vestir de acuerdo a la vestimenta que tengan. \u201cPor tanto, no ser\u00e1 obligatorio el uniforme. Lo m\u00e1s importante para nosotros en este momento es resguardar la educaci\u00f3n de nuestros estudiantes, m\u00e1s all\u00e1 de la vestimenta con que asistan a clases. As\u00ed que reiteramos el llamado a todos nuestros estudiantes para que asistan a clases presenciales este mi\u00e9rcoles 2 de marzo, en que hemos reforzado nuestros protocolos para que nuestros alumnos y alumnas puedan reencontrarse de la forma m\u00e1s segura\u201d, culmin\u00f3 Villegas Redlich.<\/p>\n<\/div><\/section><\/div><div  style='height:50px' class='hr hr-invisible   avia-builder-el-6  el_after_av_one_full  el_before_av_social_share '><span class='hr-inner ' ><span class='hr-inner-style'><\/span><\/span><\/div><\/p>\n<div  class='av-social-sharing-box  avia-builder-el-7  el_after_av_hr  el_before_av_hr  '><div class='av-share-box'><h5 class='av-share-link-description av-no-toc '>Compartir esta noticia<\/h5><ul class='av-share-box-list noLightbox'><li class='av-share-link av-social-link-facebook' ><a target=\"_blank\" aria-label=\"Compartir en Facebook\" href='https:\/\/www.facebook.com\/sharer.php?u=https:\/\/radiorevelacionfm.cl\/?p=14070&#038;t=En%20Ays%C3%A9n%20refuerzan%20protocolos%20y%20llaman%20a%20sus%20estudiantes%20a%20asistir%20de%20forma%20segura%20a%20clases%20presenciales' aria-hidden='false' data-av_icon='\ue8f3' data-av_iconfont='entypo-fontello' title='' data-avia-related-tooltip='Compartir en Facebook' rel=\"noopener\"><span class='avia_hidden_link_text'>Compartir en Facebook<\/span><\/a><\/li><li class='av-share-link av-social-link-twitter' ><a target=\"_blank\" aria-label=\"Compartir en Twitter\" href='https:\/\/twitter.com\/share?text=En%20Ays%C3%A9n%20refuerzan%20protocolos%20y%20llaman%20a%20sus%20estudiantes%20a%20asistir%20de%20forma%20segura%20a%20clases%20presenciales&#038;url=https:\/\/radiorevelacionfm.cl\/?p=14070' aria-hidden='false' data-av_icon='\ue8f1' data-av_iconfont='entypo-fontello' title='' data-avia-related-tooltip='Compartir en Twitter' rel=\"noopener\"><span class='avia_hidden_link_text'>Compartir en Twitter<\/span><\/a><\/li><li class='av-share-link av-social-link-whatsapp' ><a target=\"_blank\" aria-label=\"Compartir en Whatsapp\" href='https:\/\/api.whatsapp.com\/send?text=https:\/\/radiorevelacionfm.cl\/?p=14070' aria-hidden='false' data-av_icon='\uf232' data-av_iconfont='entypo-fontello' title='' data-avia-related-tooltip='Compartir en Whatsapp' rel=\"noopener\"><span class='avia_hidden_link_text'>Compartir en Whatsapp<\/span><\/a><\/li><li class='av-share-link av-social-link-linkedin' ><a target=\"_blank\" aria-label=\"Compartir en LinkedIn\" href='https:\/\/linkedin.com\/shareArticle?mini=true&#038;title=En%20Ays%C3%A9n%20refuerzan%20protocolos%20y%20llaman%20a%20sus%20estudiantes%20a%20asistir%20de%20forma%20segura%20a%20clases%20presenciales&#038;url=https:\/\/radiorevelacionfm.cl\/?p=14070' aria-hidden='false' data-av_icon='\ue8fc' data-av_iconfont='entypo-fontello' title='' data-avia-related-tooltip='Compartir en LinkedIn' rel=\"noopener\"><span class='avia_hidden_link_text'>Compartir en LinkedIn<\/span><\/a><\/li><li class='av-share-link av-social-link-mail' ><a  aria-label=\"Compartir por correo\" href='mailto:?subject=En%20Ays%C3%A9n%20refuerzan%20protocolos%20y%20llaman%20a%20sus%20estudiantes%20a%20asistir%20de%20forma%20segura%20a%20clases%20presenciales&#038;body=https:\/\/radiorevelacionfm.cl\/?p=14070' aria-hidden='false' data-av_icon='\ue805' data-av_iconfont='entypo-fontello' title='' data-avia-related-tooltip='Compartir por correo'><span class='avia_hidden_link_text'>Compartir por correo<\/span><\/a><\/li><\/ul><\/div><\/div>\n<div  style='height:50px' class='hr hr-invisible   avia-builder-el-8  el_after_av_social_share  el_before_av_comments_list '><span class='hr-inner ' ><span class='hr-inner-style'><\/span><\/span><\/div>\n<div  class='av-buildercomment  av-blog-meta-html-info-disabled av-blog-meta-tag-disabled  '><\/div>\n","protected":false},"excerpt":{"rendered":"","protected":false},"author":1,"featured_media":14071,"comment_status":"open","ping_status":"open","sticky":false,"template":"","format":"standard","meta":{"footnotes":""},"categories":[49],"tags":[],"class_list":["post-14070","post","type-post","status-publish","format-standard","has-post-thumbnail","hentry","category-educacion"],"jetpack_featured_media_url":"https:\/\/radiorevelacionfm.cl\/wp-content\/uploads\/2022\/02\/retorno-clases1-1_optimized.jpg","_links":{"self":[{"href":"https:\/\/radiorevelacionfm.cl\/index.php?rest_route=\/wp\/v2\/posts\/14070","targetHints":{"allow":["GET"]}}],"collection":[{"href":"https:\/\/radiorevelacionfm.cl\/index.php?rest_route=\/wp\/v2\/posts"}],"about":[{"href":"https:\/\/radiorevelacionfm.cl\/index.php?rest_route=\/wp\/v2\/types\/post"}],"author":[{"embeddable":true,"href":"https:\/\/radiorevelacionfm.cl\/index.php?rest_route=\/wp\/v2\/users\/1"}],"replies":[{"embeddable":true,"href":"https:\/\/radiorevelacionfm.cl\/index.php?rest_route=%2Fwp%2Fv2%2Fcomments&post=14070"}],"version-history":[{"count":2,"href":"https:\/\/radiorevelacionfm.cl\/index.php?rest_route=\/wp\/v2\/posts\/14070\/revisions"}],"predecessor-version":[{"id":14083,"href":"https:\/\/radiorevelacionfm.cl\/index.php?rest_route=\/wp\/v2\/posts\/14070\/revisions\/14083"}],"wp:featuredmedia":[{"embeddable":true,"href":"https:\/\/radiorevelacionfm.cl\/index.php?rest_route=\/wp\/v2\/media\/14071"}],"wp:attachment":[{"href":"https:\/\/radiorevelacionfm.cl\/index.php?rest_route=%2Fwp%2Fv2%2Fmedia&parent=14070"}],"wp:term":[{"taxonomy":"category","embeddable":true,"href":"https:\/\/radiorevelacionfm.cl\/index.php?rest_route=%2Fwp%2Fv2%2Fcategories&post=14070"},{"taxonomy":"post_tag","embeddable":true,"href":"https:\/\/radiorevelacionfm.cl\/index.php?rest_route=%2Fwp%2Fv2%2Ftags&post=14070"}],"curies":[{"name":"wp","href":"https:\/\/api.w.org\/{rel}","templated":true}]}}