{"id":14066,"date":"2022-02-25T18:07:09","date_gmt":"2022-02-25T21:07:09","guid":{"rendered":"https:\/\/radiorevelacionfm.cl\/?p=14066"},"modified":"2022-02-25T18:07:09","modified_gmt":"2022-02-25T21:07:09","slug":"autoridades-ayseninas-llaman-a-cuidar-espacios-publicos-tras-vandalizacion-en-cerrito-mirador","status":"publish","type":"post","link":"https:\/\/radiorevelacionfm.cl\/?p=14066","title":{"rendered":"Autoridades ayseninas llaman a cuidar espacios p\u00fablicos tras vandalizaci\u00f3n en Cerrito Mirador"},"content":{"rendered":"<div class=\"flex_column av_one_full  flex_column_div av-zero-column-padding first  avia-builder-el-0  el_before_av_one_full  avia-builder-el-first  \" style='border-radius:0px; '><div  class='avia-image-container  av-styling-    avia-builder-el-1  avia-builder-el-no-sibling  avia-align-center '  itemprop=\"image\" itemscope=\"itemscope\" itemtype=\"https:\/\/schema.org\/ImageObject\"  ><div class='avia-image-container-inner'><div class='avia-image-overlay-wrap'><img decoding=\"async\" class='wp-image-14067 avia-img-lazy-loading-not-14067 avia_image' src=\"https:\/\/radiorevelacionfm.cl\/wp-content\/uploads\/2022\/02\/foto-1-11-2_optimized.jpg\" alt='' title='foto-1-(11)-(2)_optimized' height=\"600\" width=\"900\"  itemprop=\"thumbnailUrl\" srcset=\"https:\/\/radiorevelacionfm.cl\/wp-content\/uploads\/2022\/02\/foto-1-11-2_optimized.jpg 900w, https:\/\/radiorevelacionfm.cl\/wp-content\/uploads\/2022\/02\/foto-1-11-2_optimized-300x200.jpg 300w, https:\/\/radiorevelacionfm.cl\/wp-content\/uploads\/2022\/02\/foto-1-11-2_optimized-768x512.jpg 768w, https:\/\/radiorevelacionfm.cl\/wp-content\/uploads\/2022\/02\/foto-1-11-2_optimized-705x470.jpg 705w, https:\/\/radiorevelacionfm.cl\/wp-content\/uploads\/2022\/02\/foto-1-11-2_optimized-600x400.jpg 600w\" sizes=\"(max-width: 900px) 100vw, 900px\" \/><\/div><\/div><\/div><\/div><div class=\"flex_column av_one_full  flex_column_div av-zero-column-padding first  avia-builder-el-2  el_after_av_one_full  el_before_av_one_full  column-top-margin\" style='border-radius:0px; '><section class=\"av_textblock_section \"  itemscope=\"itemscope\" itemtype=\"https:\/\/schema.org\/BlogPosting\" itemprop=\"blogPost\" ><div class='avia_textblock  '   itemprop=\"text\" ><p style=\"text-align: center;\"><span style=\"font-size: 18pt;\"><strong>Autoridades ayseninas llaman a cuidar espacios p\u00fablicos tras vandalizaci\u00f3n en Cerrito Mirador<\/strong><\/span><\/p>\n<div id=\"gtx-trans\" style=\"position: absolute; left: -50px; top: 4.31534px;\">\n<div class=\"gtx-trans-icon\"><\/div>\n<\/div>\n<\/div><\/section><\/div><div class=\"flex_column av_one_full  flex_column_div av-zero-column-padding first  avia-builder-el-4  el_after_av_one_full  el_before_av_hr  column-top-margin\" style='border-radius:0px; '><section class=\"av_textblock_section \"  itemscope=\"itemscope\" itemtype=\"https:\/\/schema.org\/BlogPosting\" itemprop=\"blogPost\" ><div class='avia_textblock  '   itemprop=\"text\" ><p style=\"text-align: justify;\">Durante la madrugada de esta semana se extrajeron cables de alumbrado p\u00fablico y la caja el\u00e9ctrica del Cerrito Mirador, adem\u00e1s de la vandalizaci\u00f3n de las luminarias y ba\u00f1os. Ante el aviso una comitiva de la Municipalidad de Ays\u00e9n integrada por el director de Seguridad P\u00fablica, Marco Co\u00f1uecar, el concejal Jorge Figueroa y personal de Direcci\u00f3n de Aseo, Ornato y Medio Ambiente (DAOMA), acudieron a terreno para evaluar da\u00f1os y tomar medidas.<\/p>\n<p style=\"text-align: justify;\">El sitio emplazado frente al R\u00edo Ays\u00e9n es un punto estrat\u00e9gico en la comuna e implica un esfuerzo gestionado con recursos p\u00fablicos para el goce e implementaci\u00f3n de zonas de descanso en favor de la calidad de vida, por lo que representantes de las unidades de la casa edilicia pusieron el acento en la preservaci\u00f3n de las obras entregadas.<\/p>\n<p style=\"text-align: justify;\">\u201cNos hemos dado cuenta que ha habido destrozos en nuestros parques, plazas y miradores. El llamado es a cuidar nuestra infraestructura municipal, nuestros espacios que con tanto cari\u00f1o el municipio realiza, con esfuerzo de la gente, as\u00ed que debe reconocerse el trabajo tambi\u00e9n de DAOMA\u201d, manifest\u00f3 Co\u00f1uecar, apelando a la juventud, principales usuarios de los lugares. Asimismo, a\u00f1adi\u00f3 que \u201cnecesitamos que esto siga siendo un trabajo entre todos\u201d.<\/p>\n<p style=\"text-align: justify;\">En la misma l\u00ednea, el concejal Figueroa destac\u00f3 la coordinaci\u00f3n de todos los equipos para la construcci\u00f3n del mirador, especialmente el de Obras. \u201cHa sido un trabajo arduo, met\u00f3dico, en el cual han tenido que reparar dos o tres veces lo que han robado o deteriorado a efectos de terceros\u201d, esgrimi\u00f3 respecto a los escenarios que han debido enfrentar durante este tiempo.<\/p>\n<p style=\"text-align: justify;\">Por su parte, el director subrogante de la Direcci\u00f3n de Aseo, Ornato y Medio Ambiente, Jorge Valencia, junto con reconocer y agradecer a su equipo, se\u00f1al\u00f3 todo el trabajo que hay previo y durante la edificaci\u00f3n de las obras, donde personal de la unidad, incluyendo trabajadores del Programa de Mejoramiento Urbano (PMU), ejercen faenas con un compromiso \u00fanico. \u201cComo equipo siempre hemos tratado de arreglar lo m\u00e1s posible, pero si la comunidad no nos apoya no damos abasto de poderlos terminar y dejarlos acordes\u201d.<\/p>\n<p style=\"text-align: justify;\">Para prevenir y mitigar acciones como las ocurridas, desde la entidad tomaron medidas en colaboraci\u00f3n a Carabineros y PDI. \u201cSe coordin\u00f3 acciones para poder cuidar, hacer rondas peri\u00f3dicas, porque sabemos que tenemos el deber de garantizar, cuidar y custodiar lo nuestro, pero tambi\u00e9n hay algo muy importante, m\u00e1s all\u00e1 de la fiscalizaci\u00f3n, que es el trabajo y la responsabilidad de la gente. As\u00ed que entre todos vamos a sacar adelante estos proyectos, pero tambi\u00e9n los vamos a cuidar\u201d, puntualiz\u00f3 Co\u00f1uecar.<\/p>\n<\/div><\/section><\/div><div  style='height:50px' class='hr hr-invisible   avia-builder-el-6  el_after_av_one_full  el_before_av_social_share '><span class='hr-inner ' ><span class='hr-inner-style'><\/span><\/span><\/div><\/p>\n<div  class='av-social-sharing-box  avia-builder-el-7  el_after_av_hr  el_before_av_hr  '><div class='av-share-box'><h5 class='av-share-link-description av-no-toc '>Compartir esta noticia<\/h5><ul class='av-share-box-list noLightbox'><li class='av-share-link av-social-link-facebook' ><a target=\"_blank\" aria-label=\"Compartir en Facebook\" href='https:\/\/www.facebook.com\/sharer.php?u=https:\/\/radiorevelacionfm.cl\/?p=14066&#038;t=Autoridades%20ayseninas%20llaman%20a%20cuidar%20espacios%20p%C3%BAblicos%20tras%20vandalizaci%C3%B3n%20en%20Cerrito%20Mirador' aria-hidden='false' data-av_icon='\ue8f3' data-av_iconfont='entypo-fontello' title='' data-avia-related-tooltip='Compartir en Facebook' rel=\"noopener\"><span class='avia_hidden_link_text'>Compartir en Facebook<\/span><\/a><\/li><li class='av-share-link av-social-link-twitter' ><a target=\"_blank\" aria-label=\"Compartir en Twitter\" href='https:\/\/twitter.com\/share?text=Autoridades%20ayseninas%20llaman%20a%20cuidar%20espacios%20p%C3%BAblicos%20tras%20vandalizaci%C3%B3n%20en%20Cerrito%20Mirador&#038;url=https:\/\/radiorevelacionfm.cl\/?p=14066' aria-hidden='false' data-av_icon='\ue8f1' data-av_iconfont='entypo-fontello' title='' data-avia-related-tooltip='Compartir en Twitter' rel=\"noopener\"><span class='avia_hidden_link_text'>Compartir en Twitter<\/span><\/a><\/li><li class='av-share-link av-social-link-whatsapp' ><a target=\"_blank\" aria-label=\"Compartir en Whatsapp\" href='https:\/\/api.whatsapp.com\/send?text=https:\/\/radiorevelacionfm.cl\/?p=14066' aria-hidden='false' data-av_icon='\uf232' data-av_iconfont='entypo-fontello' title='' data-avia-related-tooltip='Compartir en Whatsapp' rel=\"noopener\"><span class='avia_hidden_link_text'>Compartir en Whatsapp<\/span><\/a><\/li><li class='av-share-link av-social-link-linkedin' ><a target=\"_blank\" aria-label=\"Compartir en LinkedIn\" href='https:\/\/linkedin.com\/shareArticle?mini=true&#038;title=Autoridades%20ayseninas%20llaman%20a%20cuidar%20espacios%20p%C3%BAblicos%20tras%20vandalizaci%C3%B3n%20en%20Cerrito%20Mirador&#038;url=https:\/\/radiorevelacionfm.cl\/?p=14066' aria-hidden='false' data-av_icon='\ue8fc' data-av_iconfont='entypo-fontello' title='' data-avia-related-tooltip='Compartir en LinkedIn' rel=\"noopener\"><span class='avia_hidden_link_text'>Compartir en LinkedIn<\/span><\/a><\/li><li class='av-share-link av-social-link-mail' ><a  aria-label=\"Compartir por correo\" href='mailto:?subject=Autoridades%20ayseninas%20llaman%20a%20cuidar%20espacios%20p%C3%BAblicos%20tras%20vandalizaci%C3%B3n%20en%20Cerrito%20Mirador&#038;body=https:\/\/radiorevelacionfm.cl\/?p=14066' aria-hidden='false' data-av_icon='\ue805' data-av_iconfont='entypo-fontello' title='' data-avia-related-tooltip='Compartir por correo'><span class='avia_hidden_link_text'>Compartir por correo<\/span><\/a><\/li><\/ul><\/div><\/div>\n<div  style='height:50px' class='hr hr-invisible   avia-builder-el-8  el_after_av_social_share  el_before_av_comments_list '><span class='hr-inner ' ><span class='hr-inner-style'><\/span><\/span><\/div>\n<div  class='av-buildercomment  av-blog-meta-html-info-disabled av-blog-meta-tag-disabled  '><\/div>\n","protected":false},"excerpt":{"rendered":"","protected":false},"author":1,"featured_media":14067,"comment_status":"open","ping_status":"open","sticky":false,"template":"","format":"standard","meta":{"footnotes":""},"categories":[38],"tags":[],"class_list":["post-14066","post","type-post","status-publish","format-standard","has-post-thumbnail","hentry","category-regional"],"jetpack_featured_media_url":"https:\/\/radiorevelacionfm.cl\/wp-content\/uploads\/2022\/02\/foto-1-11-2_optimized.jpg","_links":{"self":[{"href":"https:\/\/radiorevelacionfm.cl\/index.php?rest_route=\/wp\/v2\/posts\/14066","targetHints":{"allow":["GET"]}}],"collection":[{"href":"https:\/\/radiorevelacionfm.cl\/index.php?rest_route=\/wp\/v2\/posts"}],"about":[{"href":"https:\/\/radiorevelacionfm.cl\/index.php?rest_route=\/wp\/v2\/types\/post"}],"author":[{"embeddable":true,"href":"https:\/\/radiorevelacionfm.cl\/index.php?rest_route=\/wp\/v2\/users\/1"}],"replies":[{"embeddable":true,"href":"https:\/\/radiorevelacionfm.cl\/index.php?rest_route=%2Fwp%2Fv2%2Fcomments&post=14066"}],"version-history":[{"count":2,"href":"https:\/\/radiorevelacionfm.cl\/index.php?rest_route=\/wp\/v2\/posts\/14066\/revisions"}],"predecessor-version":[{"id":14069,"href":"https:\/\/radiorevelacionfm.cl\/index.php?rest_route=\/wp\/v2\/posts\/14066\/revisions\/14069"}],"wp:featuredmedia":[{"embeddable":true,"href":"https:\/\/radiorevelacionfm.cl\/index.php?rest_route=\/wp\/v2\/media\/14067"}],"wp:attachment":[{"href":"https:\/\/radiorevelacionfm.cl\/index.php?rest_route=%2Fwp%2Fv2%2Fmedia&parent=14066"}],"wp:term":[{"taxonomy":"category","embeddable":true,"href":"https:\/\/radiorevelacionfm.cl\/index.php?rest_route=%2Fwp%2Fv2%2Fcategories&post=14066"},{"taxonomy":"post_tag","embeddable":true,"href":"https:\/\/radiorevelacionfm.cl\/index.php?rest_route=%2Fwp%2Fv2%2Ftags&post=14066"}],"curies":[{"name":"wp","href":"https:\/\/api.w.org\/{rel}","templated":true}]}}