{"id":14050,"date":"2022-02-25T10:39:29","date_gmt":"2022-02-25T13:39:29","guid":{"rendered":"https:\/\/radiorevelacionfm.cl\/?p=14050"},"modified":"2022-02-25T10:39:29","modified_gmt":"2022-02-25T13:39:29","slug":"reiteran-llamado-a-postular-al-programa-mujer-emprende","status":"publish","type":"post","link":"https:\/\/radiorevelacionfm.cl\/?p=14050","title":{"rendered":"Reiteran llamado a postular al Programa Mujer Emprende"},"content":{"rendered":"<div class=\"flex_column av_one_full  flex_column_div av-zero-column-padding first  avia-builder-el-0  el_before_av_one_full  avia-builder-el-first  \" style='border-radius:0px; '><div  class='avia-image-container  av-styling-    avia-builder-el-1  avia-builder-el-no-sibling  avia-align-center '  itemprop=\"image\" itemscope=\"itemscope\" itemtype=\"https:\/\/schema.org\/ImageObject\"  ><div class='avia-image-container-inner'><div class='avia-image-overlay-wrap'><img decoding=\"async\" class='wp-image-14051 avia-img-lazy-loading-not-14051 avia_image' src=\"https:\/\/radiorevelacionfm.cl\/wp-content\/uploads\/2022\/02\/image-16_optimized.jpg\" alt='' title='image-(16)_optimized' height=\"600\" width=\"934\"  itemprop=\"thumbnailUrl\" srcset=\"https:\/\/radiorevelacionfm.cl\/wp-content\/uploads\/2022\/02\/image-16_optimized.jpg 934w, https:\/\/radiorevelacionfm.cl\/wp-content\/uploads\/2022\/02\/image-16_optimized-300x193.jpg 300w, https:\/\/radiorevelacionfm.cl\/wp-content\/uploads\/2022\/02\/image-16_optimized-768x493.jpg 768w, https:\/\/radiorevelacionfm.cl\/wp-content\/uploads\/2022\/02\/image-16_optimized-705x453.jpg 705w, https:\/\/radiorevelacionfm.cl\/wp-content\/uploads\/2022\/02\/image-16_optimized-600x385.jpg 600w\" sizes=\"(max-width: 934px) 100vw, 934px\" \/><\/div><\/div><\/div><\/div><div class=\"flex_column av_one_full  flex_column_div av-zero-column-padding first  avia-builder-el-2  el_after_av_one_full  el_before_av_one_full  column-top-margin\" style='border-radius:0px; '><section class=\"av_textblock_section \"  itemscope=\"itemscope\" itemtype=\"https:\/\/schema.org\/BlogPosting\" itemprop=\"blogPost\" ><div class='avia_textblock  '   itemprop=\"text\" ><p style=\"text-align: center;\"><strong><span style=\"font-size: 18pt;\">Reiteran llamado a postular al Programa Mujer Emprende<\/span><\/strong><\/p>\n<div id=\"gtx-trans\" style=\"position: absolute; left: -50px; top: 4.31534px;\">\n<div class=\"gtx-trans-icon\"><\/div>\n<\/div>\n<\/div><\/section><\/div><div class=\"flex_column av_one_full  flex_column_div av-zero-column-padding first  avia-builder-el-4  el_after_av_one_full  el_before_av_hr  column-top-margin\" style='border-radius:0px; '><section class=\"av_textblock_section \"  itemscope=\"itemscope\" itemtype=\"https:\/\/schema.org\/BlogPosting\" itemprop=\"blogPost\" ><div class='avia_textblock  '   itemprop=\"text\" ><p style=\"font-weight: 400; text-align: justify;\">Hasta el 30 de marzo pr\u00f3ximo se encuentra abierto el per\u00edodo de postulaci\u00f3n al Programa Mujer Emprende del Servicio Nacional de la Mujer y la Equidad de G\u00e9nero, SernamEG, el que otorga herramientas t\u00e9cnicas y de gesti\u00f3n a mujeres, a fin de fortalecer sus competencias y habilidades, potenciando el crecimiento, viabilidad y sostenibilidad de sus negocios; y favoreciendo adem\u00e1s su acceso a espacios de formaci\u00f3n para generar nuevos canales de comercializaci\u00f3n para el desarrollo de sus emprendimientos.<\/p>\n<p style=\"font-weight: 400; text-align: justify;\">La Directora Regional Subrogante de SernamEG, Carla Arriagada Malague\u00f1o, destac\u00f3 que \u201ceste modelo program\u00e1tico ya lleva dos a\u00f1os en un proceso constante de adaptaci\u00f3n debido al manejo sanitario de la pandemia, por lo que hemos realizado los esfuerzos para dar respuesta a la demanda de las participantes; ya que existe claridad de acuerdo a algunos estudios que se han realizado que las inequidades entre mujeres y hombres se han agudizado\u201d.\u00a0 La autoridad regional se refiri\u00f3 en espec\u00edfico a las estad\u00edsticas sobre mercado laboral y trabajo no remunerado elaboradas en conjunto entre la CEPAL y ONU Mujeres el a\u00f1o 2020. \u201cEn \u00e9l, se refleja la persistencia de la divisi\u00f3n sexual del trabajo, pero tambi\u00e9n aborda el desaf\u00edo de terminar con el mandato de la masculinidad hegem\u00f3nica ya que a\u00fan falta por avanzar en la corresponsabilidad tanto en las actividades de cuidado como en las tareas del hogar\u201d, acot\u00f3.<\/p>\n<p style=\"font-weight: 400; text-align: justify;\">La ex participante del Programa Mujer Emprende, Nancy Sep\u00falveda, sostuvo que \u201cel a\u00f1o 2021 tuve la grata experiencia de poder participar en el Programa Mujer Emprende donde adquir\u00ed muchos conocimientos y reforc\u00e9 otros como g\u00e9nero, gesti\u00f3n y t\u00e9cnicas de emprendimiento, marketing digital y c\u00f3mo emprender en tiempo de crisis, innovaci\u00f3n, planes de negocios y gesti\u00f3n financiera, entre otros. Las tutoras que est\u00e1n a cargo de cada participante est\u00e1n muy comprometidas en guiarte y resolver cualquier duda que tengas en el desarrollo de tus ejercicios pr\u00e1cticos y los seminarios virtuales, etc. Es por ello que lo recomiendo en un 100%, mujeres emprendedoras participen en este Programa porque es maravilloso\u201d.<\/p>\n<p style=\"font-weight: 400; text-align: justify;\">Profesionalizar el emprendimiento, consolidar y profundizar conocimientos previos es parte del trabajo que realiza la Escuela Mujer Emprende, a trav\u00e9s del empoderamiento personal y relacional; lo que conduce al fortalecimiento de sus capacidades como emprendedoras.\u00a0 Para ello el proceso de formaci\u00f3n incorpora un plan com\u00fan y uno diferenciado que permite dar respuesta a las necesidades de los diversos perfiles de las emprendedoras. Las otras l\u00edneas de trabajo son el fomento de redes y asociatividad y acciones de gesti\u00f3n para el desarrollo de los emprendimientos.<\/p>\n<p style=\"font-weight: 400; text-align: justify;\">Pueden postular al Programa Mujer Emprende mujeres de 18 a\u00f1os en adelante que cuenten con emprendimientos y\/o actividades productivas de al menos un a\u00f1o de antig\u00fcedad.\u00a0Las interesadas en postular pueden acceder a trav\u00e9s del\u00a0banner dispuesto en la p\u00e1gina de SernamEG\u00a0<a href=\"http:\/\/www.sernameg.gob.cl\/\" data-saferedirecturl=\"https:\/\/www.google.com\/url?q=http:\/\/www.sernameg.gob.cl&amp;source=gmail&amp;ust=1645882329658000&amp;usg=AOvVaw0aT61KlALFN7iBLk0uHaZ1\">www.sernameg.gob.cl<\/a>\u00a0en el link\u00a0<a href=\"https:\/\/app.sernam.cl\/form\/2022\/myt\/me\/\" data-saferedirecturl=\"https:\/\/www.google.com\/url?q=https:\/\/app.sernam.cl\/form\/2022\/myt\/me\/&amp;source=gmail&amp;ust=1645882329658000&amp;usg=AOvVaw0XYC-NXCDjMsACXpHTWJQg\">https:\/\/app.sernam.cl\/form\/2022\/myt\/me\/<\/a><\/p>\n<\/div><\/section><\/div><div  style='height:50px' class='hr hr-invisible   avia-builder-el-6  el_after_av_one_full  el_before_av_social_share '><span class='hr-inner ' ><span class='hr-inner-style'><\/span><\/span><\/div><\/p>\n<div  class='av-social-sharing-box  avia-builder-el-7  el_after_av_hr  el_before_av_hr  '><div class='av-share-box'><h5 class='av-share-link-description av-no-toc '>Compartir esta noticia<\/h5><ul class='av-share-box-list noLightbox'><li class='av-share-link av-social-link-facebook' ><a target=\"_blank\" aria-label=\"Compartir en Facebook\" href='https:\/\/www.facebook.com\/sharer.php?u=https:\/\/radiorevelacionfm.cl\/?p=14050&#038;t=Reiteran%20llamado%20a%20postular%20al%20Programa%20Mujer%20Emprende' aria-hidden='false' data-av_icon='\ue8f3' data-av_iconfont='entypo-fontello' title='' data-avia-related-tooltip='Compartir en Facebook' rel=\"noopener\"><span class='avia_hidden_link_text'>Compartir en Facebook<\/span><\/a><\/li><li class='av-share-link av-social-link-twitter' ><a target=\"_blank\" aria-label=\"Compartir en Twitter\" href='https:\/\/twitter.com\/share?text=Reiteran%20llamado%20a%20postular%20al%20Programa%20Mujer%20Emprende&#038;url=https:\/\/radiorevelacionfm.cl\/?p=14050' aria-hidden='false' data-av_icon='\ue8f1' data-av_iconfont='entypo-fontello' title='' data-avia-related-tooltip='Compartir en Twitter' rel=\"noopener\"><span class='avia_hidden_link_text'>Compartir en Twitter<\/span><\/a><\/li><li class='av-share-link av-social-link-whatsapp' ><a target=\"_blank\" aria-label=\"Compartir en Whatsapp\" href='https:\/\/api.whatsapp.com\/send?text=https:\/\/radiorevelacionfm.cl\/?p=14050' aria-hidden='false' data-av_icon='\uf232' data-av_iconfont='entypo-fontello' title='' data-avia-related-tooltip='Compartir en Whatsapp' rel=\"noopener\"><span class='avia_hidden_link_text'>Compartir en Whatsapp<\/span><\/a><\/li><li class='av-share-link av-social-link-linkedin' ><a target=\"_blank\" aria-label=\"Compartir en LinkedIn\" href='https:\/\/linkedin.com\/shareArticle?mini=true&#038;title=Reiteran%20llamado%20a%20postular%20al%20Programa%20Mujer%20Emprende&#038;url=https:\/\/radiorevelacionfm.cl\/?p=14050' aria-hidden='false' data-av_icon='\ue8fc' data-av_iconfont='entypo-fontello' title='' data-avia-related-tooltip='Compartir en LinkedIn' rel=\"noopener\"><span class='avia_hidden_link_text'>Compartir en LinkedIn<\/span><\/a><\/li><li class='av-share-link av-social-link-mail' ><a  aria-label=\"Compartir por correo\" href='mailto:?subject=Reiteran%20llamado%20a%20postular%20al%20Programa%20Mujer%20Emprende&#038;body=https:\/\/radiorevelacionfm.cl\/?p=14050' aria-hidden='false' data-av_icon='\ue805' data-av_iconfont='entypo-fontello' title='' data-avia-related-tooltip='Compartir por correo'><span class='avia_hidden_link_text'>Compartir por correo<\/span><\/a><\/li><\/ul><\/div><\/div>\n<div  style='height:50px' class='hr hr-invisible   avia-builder-el-8  el_after_av_social_share  el_before_av_comments_list '><span class='hr-inner ' ><span class='hr-inner-style'><\/span><\/span><\/div>\n<div  class='av-buildercomment  av-blog-meta-html-info-disabled av-blog-meta-tag-disabled  '><\/div>\n","protected":false},"excerpt":{"rendered":"","protected":false},"author":1,"featured_media":14051,"comment_status":"open","ping_status":"open","sticky":false,"template":"","format":"standard","meta":{"footnotes":""},"categories":[38],"tags":[],"class_list":["post-14050","post","type-post","status-publish","format-standard","has-post-thumbnail","hentry","category-regional"],"jetpack_featured_media_url":"https:\/\/radiorevelacionfm.cl\/wp-content\/uploads\/2022\/02\/image-16_optimized.jpg","_links":{"self":[{"href":"https:\/\/radiorevelacionfm.cl\/index.php?rest_route=\/wp\/v2\/posts\/14050","targetHints":{"allow":["GET"]}}],"collection":[{"href":"https:\/\/radiorevelacionfm.cl\/index.php?rest_route=\/wp\/v2\/posts"}],"about":[{"href":"https:\/\/radiorevelacionfm.cl\/index.php?rest_route=\/wp\/v2\/types\/post"}],"author":[{"embeddable":true,"href":"https:\/\/radiorevelacionfm.cl\/index.php?rest_route=\/wp\/v2\/users\/1"}],"replies":[{"embeddable":true,"href":"https:\/\/radiorevelacionfm.cl\/index.php?rest_route=%2Fwp%2Fv2%2Fcomments&post=14050"}],"version-history":[{"count":2,"href":"https:\/\/radiorevelacionfm.cl\/index.php?rest_route=\/wp\/v2\/posts\/14050\/revisions"}],"predecessor-version":[{"id":14053,"href":"https:\/\/radiorevelacionfm.cl\/index.php?rest_route=\/wp\/v2\/posts\/14050\/revisions\/14053"}],"wp:featuredmedia":[{"embeddable":true,"href":"https:\/\/radiorevelacionfm.cl\/index.php?rest_route=\/wp\/v2\/media\/14051"}],"wp:attachment":[{"href":"https:\/\/radiorevelacionfm.cl\/index.php?rest_route=%2Fwp%2Fv2%2Fmedia&parent=14050"}],"wp:term":[{"taxonomy":"category","embeddable":true,"href":"https:\/\/radiorevelacionfm.cl\/index.php?rest_route=%2Fwp%2Fv2%2Fcategories&post=14050"},{"taxonomy":"post_tag","embeddable":true,"href":"https:\/\/radiorevelacionfm.cl\/index.php?rest_route=%2Fwp%2Fv2%2Ftags&post=14050"}],"curies":[{"name":"wp","href":"https:\/\/api.w.org\/{rel}","templated":true}]}}