{"id":14044,"date":"2022-02-25T09:42:26","date_gmt":"2022-02-25T12:42:26","guid":{"rendered":"https:\/\/radiorevelacionfm.cl\/?p=14044"},"modified":"2022-02-25T09:42:26","modified_gmt":"2022-02-25T12:42:26","slug":"proyecto-musica-patagonia-lanzara-compilado-con-artistas-de-la-region-de-aysen","status":"publish","type":"post","link":"https:\/\/radiorevelacionfm.cl\/?p=14044","title":{"rendered":"Proyecto M\u00fasica Patagonia lanzar\u00e1 compilado con artistas de la Regi\u00f3n de Ays\u00e9n"},"content":{"rendered":"<div class=\"flex_column av_one_full  flex_column_div av-zero-column-padding first  avia-builder-el-0  el_before_av_one_full  avia-builder-el-first  \" style='border-radius:0px; '><div  class='avia-image-container  av-styling-    avia-builder-el-1  avia-builder-el-no-sibling  avia-align-center '  itemprop=\"image\" itemscope=\"itemscope\" itemtype=\"https:\/\/schema.org\/ImageObject\"  ><div class='avia-image-container-inner'><div class='avia-image-overlay-wrap'><img decoding=\"async\" class='wp-image-14046 avia-img-lazy-loading-not-14046 avia_image' src=\"https:\/\/radiorevelacionfm.cl\/wp-content\/uploads\/2022\/02\/unnamed-7-1_optimized.jpg\" alt='' title='unnamed-(7)-(1)_optimized' height=\"600\" width=\"898\"  itemprop=\"thumbnailUrl\" srcset=\"https:\/\/radiorevelacionfm.cl\/wp-content\/uploads\/2022\/02\/unnamed-7-1_optimized.jpg 898w, https:\/\/radiorevelacionfm.cl\/wp-content\/uploads\/2022\/02\/unnamed-7-1_optimized-300x200.jpg 300w, https:\/\/radiorevelacionfm.cl\/wp-content\/uploads\/2022\/02\/unnamed-7-1_optimized-768x513.jpg 768w, https:\/\/radiorevelacionfm.cl\/wp-content\/uploads\/2022\/02\/unnamed-7-1_optimized-705x471.jpg 705w, https:\/\/radiorevelacionfm.cl\/wp-content\/uploads\/2022\/02\/unnamed-7-1_optimized-600x401.jpg 600w\" sizes=\"(max-width: 898px) 100vw, 898px\" \/><\/div><\/div><\/div><\/div><div class=\"flex_column av_one_full  flex_column_div av-zero-column-padding first  avia-builder-el-2  el_after_av_one_full  el_before_av_one_full  column-top-margin\" style='border-radius:0px; '><section class=\"av_textblock_section \"  itemscope=\"itemscope\" itemtype=\"https:\/\/schema.org\/BlogPosting\" itemprop=\"blogPost\" ><div class='avia_textblock  '   itemprop=\"text\" ><p style=\"text-align: center;\"><span style=\"font-size: 18pt;\"><strong>Proyecto M\u00fasica Patagonia lanzar\u00e1 compilado con artistas de la Regi\u00f3n de Ays\u00e9n<\/strong><\/span><\/p>\n<div id=\"gtx-trans\" style=\"position: absolute; left: -50px; top: 4.31534px;\">\n<div class=\"gtx-trans-icon\"><\/div>\n<\/div>\n<\/div><\/section><\/div><div class=\"flex_column av_one_full  flex_column_div av-zero-column-padding first  avia-builder-el-4  el_after_av_one_full  el_before_av_hr  column-top-margin\" style='border-radius:0px; '><section class=\"av_textblock_section \"  itemscope=\"itemscope\" itemtype=\"https:\/\/schema.org\/BlogPosting\" itemprop=\"blogPost\" ><div class='avia_textblock  '   itemprop=\"text\" ><p style=\"text-align: justify;\">El pr\u00f3ximo 25 de febrero se estrenar\u00e1 el\u00a0<strong>\u00abCompilado Novedades 2022 &#8211; M\u00fasica Patagonia\u00bb<\/strong>, \u00e1lbum digital que incluye 10 temas de artistas de la regi\u00f3n de Ays\u00e9n. Esta iniciativa, creada por la organizaci\u00f3n M\u00fasica Patagonia, tiene como objetivo fomentar y expandir las creaciones musicales de esta zona del sur de Chile, de manera de que los artistas proyecten su trabajo fuera de sus fronteras y puedan acceder a redes, programas de profesionalizaci\u00f3n y de colaboraci\u00f3n, entre otras.<\/p>\n<p style=\"text-align: justify;\">La Regi\u00f3n de Ays\u00e9n es conocida mundialmente por sus atractivos tur\u00edsticos, por lo que M\u00fasica Patagonia quiere aprovechar esta connotaci\u00f3n para dar a conocer las diferentes corrientes art\u00edsticas que all\u00ed se producen, teniendo como foco el desarrollo sostenible e inclusivo y valorando su propia identidad cultural.<\/p>\n<p style=\"text-align: justify;\">Luego de meses de trabajo, la organizaci\u00f3n ya cuenta con el primer compilado musical, en donde est\u00e1n presentes las canciones:\u00a0<strong>\u201cTrabajo sucio\u201d de Avizmo, \u201cIntuici\u00f3n\u201d de Bongazo, \u201cPatagonia\u201d de Boris Verdugo, \u201cInternautas\u201d de Bronto, \u201cVen ac\u00e9rcate\u201d de Camilo Ainol, \u201cCementerio de Pinos\u201d de Cony Santana, \u201cRanchera en el lago\u201d de C\u00f3digo de Barra, \u201cUn poco m\u00e1s de ti\u201d de Efecto Arrebol, \u201cHoy me canto\u201d de Kennya y \u201cNueva vuelta\u201d de Tommy Fern\u00e1ndez.<\/strong><\/p>\n<p style=\"text-align: justify;\">A trav\u00e9s de los m\u00e1s diversos estilos musicales, este disco da cuenta de la extensa labor que est\u00e1n realizando los artistas de la\u00a0<strong>Regi\u00f3n de Ays\u00e9n.<\/strong>\u00a0Especial vitrina que podr\u00e1 difundir estas creaciones en las dem\u00e1s zonas del pa\u00eds, acerc\u00e1ndolos a diferentes audiencias y permiti\u00e9ndoles participar de iniciativas relacionadas con el fomento de sus proyectos.<\/p>\n<p style=\"text-align: justify;\"><strong>El \u00abCompilado Novedades 2022 &#8211; M\u00fasica Patagonia\u00bb<\/strong>\u00a0estar\u00e1 disponible, desde el viernes 25 de febrero, en\u00a0<a href=\"https:\/\/trackercl1.fidelizador.com\/L107FAB3EGA9DA54CFH10B44FJD7B3DB0C0AK107FAB3E944A519B35F885ED7F&amp;t=3886\" target=\"_blank\" rel=\"noopener\" data-saferedirecturl=\"https:\/\/www.google.com\/url?q=https:\/\/trackercl1.fidelizador.com\/L107FAB3EGA9DA54CFH10B44FJD7B3DB0C0AK107FAB3E944A519B35F885ED7F%26t%3D3886&amp;source=gmail&amp;ust=1645878008501000&amp;usg=AOvVaw36d15UMbEovgRm_UE5G1k5\">www.musicapatagonia.com<\/a>\u00a0y en las plataformas de la organizaci\u00f3n.<\/p>\n<\/div><\/section><\/div><div  style='height:50px' class='hr hr-invisible   avia-builder-el-6  el_after_av_one_full  el_before_av_social_share '><span class='hr-inner ' ><span class='hr-inner-style'><\/span><\/span><\/div><\/p>\n<div  class='av-social-sharing-box  avia-builder-el-7  el_after_av_hr  el_before_av_hr  '><div class='av-share-box'><h5 class='av-share-link-description av-no-toc '>Compartir esta noticia<\/h5><ul class='av-share-box-list noLightbox'><li class='av-share-link av-social-link-facebook' ><a target=\"_blank\" aria-label=\"Compartir en Facebook\" href='https:\/\/www.facebook.com\/sharer.php?u=https:\/\/radiorevelacionfm.cl\/?p=14044&#038;t=Proyecto%20M%C3%BAsica%20Patagonia%20lanzar%C3%A1%20compilado%20con%20artistas%20de%20la%20Regi%C3%B3n%20de%20Ays%C3%A9n' aria-hidden='false' data-av_icon='\ue8f3' data-av_iconfont='entypo-fontello' title='' data-avia-related-tooltip='Compartir en Facebook' rel=\"noopener\"><span class='avia_hidden_link_text'>Compartir en Facebook<\/span><\/a><\/li><li class='av-share-link av-social-link-twitter' ><a target=\"_blank\" aria-label=\"Compartir en Twitter\" href='https:\/\/twitter.com\/share?text=Proyecto%20M%C3%BAsica%20Patagonia%20lanzar%C3%A1%20compilado%20con%20artistas%20de%20la%20Regi%C3%B3n%20de%20Ays%C3%A9n&#038;url=https:\/\/radiorevelacionfm.cl\/?p=14044' aria-hidden='false' data-av_icon='\ue8f1' data-av_iconfont='entypo-fontello' title='' data-avia-related-tooltip='Compartir en Twitter' rel=\"noopener\"><span class='avia_hidden_link_text'>Compartir en Twitter<\/span><\/a><\/li><li class='av-share-link av-social-link-whatsapp' ><a target=\"_blank\" aria-label=\"Compartir en Whatsapp\" href='https:\/\/api.whatsapp.com\/send?text=https:\/\/radiorevelacionfm.cl\/?p=14044' aria-hidden='false' data-av_icon='\uf232' data-av_iconfont='entypo-fontello' title='' data-avia-related-tooltip='Compartir en Whatsapp' rel=\"noopener\"><span class='avia_hidden_link_text'>Compartir en Whatsapp<\/span><\/a><\/li><li class='av-share-link av-social-link-linkedin' ><a target=\"_blank\" aria-label=\"Compartir en LinkedIn\" href='https:\/\/linkedin.com\/shareArticle?mini=true&#038;title=Proyecto%20M%C3%BAsica%20Patagonia%20lanzar%C3%A1%20compilado%20con%20artistas%20de%20la%20Regi%C3%B3n%20de%20Ays%C3%A9n&#038;url=https:\/\/radiorevelacionfm.cl\/?p=14044' aria-hidden='false' data-av_icon='\ue8fc' data-av_iconfont='entypo-fontello' title='' data-avia-related-tooltip='Compartir en LinkedIn' rel=\"noopener\"><span class='avia_hidden_link_text'>Compartir en LinkedIn<\/span><\/a><\/li><li class='av-share-link av-social-link-mail' ><a  aria-label=\"Compartir por correo\" href='mailto:?subject=Proyecto%20M%C3%BAsica%20Patagonia%20lanzar%C3%A1%20compilado%20con%20artistas%20de%20la%20Regi%C3%B3n%20de%20Ays%C3%A9n&#038;body=https:\/\/radiorevelacionfm.cl\/?p=14044' aria-hidden='false' data-av_icon='\ue805' data-av_iconfont='entypo-fontello' title='' data-avia-related-tooltip='Compartir por correo'><span class='avia_hidden_link_text'>Compartir por correo<\/span><\/a><\/li><\/ul><\/div><\/div>\n<div  style='height:50px' class='hr hr-invisible   avia-builder-el-8  el_after_av_social_share  el_before_av_comments_list '><span class='hr-inner ' ><span class='hr-inner-style'><\/span><\/span><\/div>\n<div  class='av-buildercomment  av-blog-meta-html-info-disabled av-blog-meta-tag-disabled  '><\/div>\n","protected":false},"excerpt":{"rendered":"","protected":false},"author":1,"featured_media":14046,"comment_status":"open","ping_status":"open","sticky":false,"template":"","format":"standard","meta":{"footnotes":""},"categories":[43],"tags":[],"class_list":["post-14044","post","type-post","status-publish","format-standard","has-post-thumbnail","hentry","category-musica"],"jetpack_featured_media_url":"https:\/\/radiorevelacionfm.cl\/wp-content\/uploads\/2022\/02\/unnamed-7-1_optimized.jpg","_links":{"self":[{"href":"https:\/\/radiorevelacionfm.cl\/index.php?rest_route=\/wp\/v2\/posts\/14044","targetHints":{"allow":["GET"]}}],"collection":[{"href":"https:\/\/radiorevelacionfm.cl\/index.php?rest_route=\/wp\/v2\/posts"}],"about":[{"href":"https:\/\/radiorevelacionfm.cl\/index.php?rest_route=\/wp\/v2\/types\/post"}],"author":[{"embeddable":true,"href":"https:\/\/radiorevelacionfm.cl\/index.php?rest_route=\/wp\/v2\/users\/1"}],"replies":[{"embeddable":true,"href":"https:\/\/radiorevelacionfm.cl\/index.php?rest_route=%2Fwp%2Fv2%2Fcomments&post=14044"}],"version-history":[{"count":2,"href":"https:\/\/radiorevelacionfm.cl\/index.php?rest_route=\/wp\/v2\/posts\/14044\/revisions"}],"predecessor-version":[{"id":14048,"href":"https:\/\/radiorevelacionfm.cl\/index.php?rest_route=\/wp\/v2\/posts\/14044\/revisions\/14048"}],"wp:featuredmedia":[{"embeddable":true,"href":"https:\/\/radiorevelacionfm.cl\/index.php?rest_route=\/wp\/v2\/media\/14046"}],"wp:attachment":[{"href":"https:\/\/radiorevelacionfm.cl\/index.php?rest_route=%2Fwp%2Fv2%2Fmedia&parent=14044"}],"wp:term":[{"taxonomy":"category","embeddable":true,"href":"https:\/\/radiorevelacionfm.cl\/index.php?rest_route=%2Fwp%2Fv2%2Fcategories&post=14044"},{"taxonomy":"post_tag","embeddable":true,"href":"https:\/\/radiorevelacionfm.cl\/index.php?rest_route=%2Fwp%2Fv2%2Ftags&post=14044"}],"curies":[{"name":"wp","href":"https:\/\/api.w.org\/{rel}","templated":true}]}}