{"id":14038,"date":"2022-02-25T09:47:58","date_gmt":"2022-02-25T12:47:58","guid":{"rendered":"https:\/\/radiorevelacionfm.cl\/?p=14038"},"modified":"2022-02-25T09:47:58","modified_gmt":"2022-02-25T12:47:58","slug":"intensifican-operativos-de-seguridad-vial-tras-solicitud-de-los-vecinos-en-puerto-aysen","status":"publish","type":"post","link":"https:\/\/radiorevelacionfm.cl\/?p=14038","title":{"rendered":"Intensifican operativos de Seguridad vial tras solicitud de los vecinos en Puerto Ays\u00e9n"},"content":{"rendered":"<div class=\"flex_column av_one_full  flex_column_div av-zero-column-padding first  avia-builder-el-0  el_before_av_one_full  avia-builder-el-first  \" style='border-radius:0px; '><div  class='avia-image-container  av-styling-    avia-builder-el-1  avia-builder-el-no-sibling  avia-align-center '  itemprop=\"image\" itemscope=\"itemscope\" itemtype=\"https:\/\/schema.org\/ImageObject\"  ><div class='avia-image-container-inner'><div class='avia-image-overlay-wrap'><img decoding=\"async\" class='wp-image-14039 avia-img-lazy-loading-not-14039 avia_image' src=\"https:\/\/radiorevelacionfm.cl\/wp-content\/uploads\/2022\/02\/fiscalizacion-muni1-1-1.jpeg\" alt='' title='fiscalizacion-muni1 (1) (1)' height=\"600\" width=\"1299\"  itemprop=\"thumbnailUrl\" srcset=\"https:\/\/radiorevelacionfm.cl\/wp-content\/uploads\/2022\/02\/fiscalizacion-muni1-1-1.jpeg 1299w, https:\/\/radiorevelacionfm.cl\/wp-content\/uploads\/2022\/02\/fiscalizacion-muni1-1-1-300x139.jpeg 300w, https:\/\/radiorevelacionfm.cl\/wp-content\/uploads\/2022\/02\/fiscalizacion-muni1-1-1-1030x476.jpeg 1030w, https:\/\/radiorevelacionfm.cl\/wp-content\/uploads\/2022\/02\/fiscalizacion-muni1-1-1-768x355.jpeg 768w, https:\/\/radiorevelacionfm.cl\/wp-content\/uploads\/2022\/02\/fiscalizacion-muni1-1-1-705x326.jpeg 705w, https:\/\/radiorevelacionfm.cl\/wp-content\/uploads\/2022\/02\/fiscalizacion-muni1-1-1-600x277.jpeg 600w\" sizes=\"(max-width: 1299px) 100vw, 1299px\" \/><\/div><\/div><\/div><\/div><div class=\"flex_column av_one_full  flex_column_div av-zero-column-padding first  avia-builder-el-2  el_after_av_one_full  el_before_av_one_full  column-top-margin\" style='border-radius:0px; '><section class=\"av_textblock_section \"  itemscope=\"itemscope\" itemtype=\"https:\/\/schema.org\/BlogPosting\" itemprop=\"blogPost\" ><div class='avia_textblock  '   itemprop=\"text\" ><p style=\"text-align: center;\"><strong><span style=\"font-size: 18pt;\">Intensifican operativos de Seguridad vial tras solicitud de los vecinos en Puerto Ays\u00e9n<\/span><\/strong><\/p>\n<div id=\"gtx-trans\" style=\"position: absolute; left: -50px; top: 4.31534px;\">\n<div class=\"gtx-trans-icon\"><\/div>\n<\/div>\n<\/div><\/section><\/div><div class=\"flex_column av_one_full  flex_column_div av-zero-column-padding first  avia-builder-el-4  el_after_av_one_full  el_before_av_hr  column-top-margin\" style='border-radius:0px; '><section class=\"av_textblock_section \"  itemscope=\"itemscope\" itemtype=\"https:\/\/schema.org\/BlogPosting\" itemprop=\"blogPost\" ><div class='avia_textblock  '   itemprop=\"text\" ><p style=\"text-align: justify;\">Con un amplio respaldo comunitario el director de Seguridad P\u00fablica y Convivencia de la Ilustre Municipalidad de Ays\u00e9n, Marco Co\u00f1uecar Villegas, desarroll\u00f3 en colaboraci\u00f3n con Carabineros de Chile en Puerto Ays\u00e9n distintas acciones preventivas en materia de delitos y faltas viales. En este sentido, tras la demanda expresa de vecinos se procedi\u00f3 a efectuar dos operativos en la capital de la comuna porte\u00f1a. El primero, en el \u00fanico balneario autorizado en la regi\u00f3n de Ays\u00e9n, Bah\u00eda Acantilada y el segundo, en el Parque Municipal ubicado en la ex Isla D\u00edaz. La instancia dej\u00f3 al descubierto una cantidad no menor de personas manejando sin la documentaci\u00f3n exigida por Ley, situaci\u00f3n que conllev\u00f3 la aplicaci\u00f3n de las respectivas multas.<\/p>\n<p style=\"text-align: justify;\">Frente a este hecho, el directivo responsable de la Seguridad comunal, Marco Co\u00f1uecar Villegas, detall\u00f3 que este era el \u201ccumplimiento de un compromiso\u201d adoptado con los vecinos de Puerto Ays\u00e9n en algunas zonas especificas y estrat\u00e9gicas, \u201cse efectu\u00f3 un control preventivo solicitando documentos de conducci\u00f3n, licencias, revisi\u00f3n del consumo de alcohol, entonces fue bastante positivo. La gente lo valor\u00f3 enormemente, los residentes lo agradec\u00edan y nosotros logramos sacar de circulaci\u00f3n tres veh\u00edculos en este punto donde los conductores no portaban licencia y eso nos indica que debemos continuar en esta senda y lo mismo realizamos en el balneario\u201d.<\/p>\n<p style=\"text-align: justify;\">Adem\u00e1s, Co\u00f1uecar Villegas, se refiri\u00f3 al accionar ejecutado en el Parque Municipal, debido al fuerte hincapi\u00e9 realizado por los vecinos de resguardar este tipo de recintos. Lugar en el que principalmente se detect\u00f3 a j\u00f3venes bebiendo alcohol en la v\u00eda p\u00fablica \u201cse les hizo el llamado a que en una segunda oportunidad cursar\u00edamos las infracciones respectivas con multas, de igual manera se encontr\u00f3 a automovilistas sin licencias. Por lo que, el llamado es a cuidarnos, cumplir con la normativa, la Ley de Tr\u00e1nsito es para j\u00f3venes, adultos y toda la comunidad y tenemos que cumplirla y en eso est\u00e1 nuestra Direcci\u00f3n de Seguridad P\u00fablica. Agradecer a Carabineros el esfuerzo realizado porque estuvimos hasta altas horas de la noche trabajando mancomunadamente por la comunidad y lo seguiremos haciendo\u201d, puntualiz\u00f3 el directivo del municipio aysenino.<\/p>\n<p style=\"text-align: justify;\">Desde la Casa Edilicia de Ays\u00e9n indicaron de igual manera, que se encuentran trabajando en distintas materias por fortalecer los canales de comunicaci\u00f3n con los vecinos y vecinas y as\u00ed avanzar en soluciones que permitan una mayor protecci\u00f3n comunitaria. As\u00ed como tambi\u00e9n, hacen un llamado a los dirigentes sociales para participar en el Sistema de Audiencias P\u00fablicas instaurado por la administraci\u00f3n del alcalde Julio Uribe en el Consejo Comunal de Seguridad P\u00fablica.<\/p>\n<\/div><\/section><\/div><div  style='height:50px' class='hr hr-invisible   avia-builder-el-6  el_after_av_one_full  el_before_av_social_share '><span class='hr-inner ' ><span class='hr-inner-style'><\/span><\/span><\/div><\/p>\n<div  class='av-social-sharing-box  avia-builder-el-7  el_after_av_hr  el_before_av_hr  '><div class='av-share-box'><h5 class='av-share-link-description av-no-toc '>Compartir esta noticia<\/h5><ul class='av-share-box-list noLightbox'><li class='av-share-link av-social-link-facebook' ><a target=\"_blank\" aria-label=\"Compartir en Facebook\" href='https:\/\/www.facebook.com\/sharer.php?u=https:\/\/radiorevelacionfm.cl\/?p=14038&#038;t=Intensifican%20operativos%20de%20Seguridad%20vial%20tras%20solicitud%20de%20los%20vecinos%20en%20Puerto%20Ays%C3%A9n' aria-hidden='false' data-av_icon='\ue8f3' data-av_iconfont='entypo-fontello' title='' data-avia-related-tooltip='Compartir en Facebook' rel=\"noopener\"><span class='avia_hidden_link_text'>Compartir en Facebook<\/span><\/a><\/li><li class='av-share-link av-social-link-twitter' ><a target=\"_blank\" aria-label=\"Compartir en Twitter\" href='https:\/\/twitter.com\/share?text=Intensifican%20operativos%20de%20Seguridad%20vial%20tras%20solicitud%20de%20los%20vecinos%20en%20Puerto%20Ays%C3%A9n&#038;url=https:\/\/radiorevelacionfm.cl\/?p=14038' aria-hidden='false' data-av_icon='\ue8f1' data-av_iconfont='entypo-fontello' title='' data-avia-related-tooltip='Compartir en Twitter' rel=\"noopener\"><span class='avia_hidden_link_text'>Compartir en Twitter<\/span><\/a><\/li><li class='av-share-link av-social-link-whatsapp' ><a target=\"_blank\" aria-label=\"Compartir en Whatsapp\" href='https:\/\/api.whatsapp.com\/send?text=https:\/\/radiorevelacionfm.cl\/?p=14038' aria-hidden='false' data-av_icon='\uf232' data-av_iconfont='entypo-fontello' title='' data-avia-related-tooltip='Compartir en Whatsapp' rel=\"noopener\"><span class='avia_hidden_link_text'>Compartir en Whatsapp<\/span><\/a><\/li><li class='av-share-link av-social-link-linkedin' ><a target=\"_blank\" aria-label=\"Compartir en LinkedIn\" href='https:\/\/linkedin.com\/shareArticle?mini=true&#038;title=Intensifican%20operativos%20de%20Seguridad%20vial%20tras%20solicitud%20de%20los%20vecinos%20en%20Puerto%20Ays%C3%A9n&#038;url=https:\/\/radiorevelacionfm.cl\/?p=14038' aria-hidden='false' data-av_icon='\ue8fc' data-av_iconfont='entypo-fontello' title='' data-avia-related-tooltip='Compartir en LinkedIn' rel=\"noopener\"><span class='avia_hidden_link_text'>Compartir en LinkedIn<\/span><\/a><\/li><li class='av-share-link av-social-link-mail' ><a  aria-label=\"Compartir por correo\" href='mailto:?subject=Intensifican%20operativos%20de%20Seguridad%20vial%20tras%20solicitud%20de%20los%20vecinos%20en%20Puerto%20Ays%C3%A9n&#038;body=https:\/\/radiorevelacionfm.cl\/?p=14038' aria-hidden='false' data-av_icon='\ue805' data-av_iconfont='entypo-fontello' title='' data-avia-related-tooltip='Compartir por correo'><span class='avia_hidden_link_text'>Compartir por correo<\/span><\/a><\/li><\/ul><\/div><\/div>\n<div  style='height:50px' class='hr hr-invisible   avia-builder-el-8  el_after_av_social_share  el_before_av_comments_list '><span class='hr-inner ' ><span class='hr-inner-style'><\/span><\/span><\/div>\n<div  class='av-buildercomment  av-blog-meta-html-info-disabled av-blog-meta-tag-disabled  '><\/div>\n","protected":false},"excerpt":{"rendered":"","protected":false},"author":1,"featured_media":14039,"comment_status":"open","ping_status":"open","sticky":false,"template":"","format":"standard","meta":{"footnotes":""},"categories":[38],"tags":[],"class_list":["post-14038","post","type-post","status-publish","format-standard","has-post-thumbnail","hentry","category-regional"],"jetpack_featured_media_url":"https:\/\/radiorevelacionfm.cl\/wp-content\/uploads\/2022\/02\/fiscalizacion-muni1-1-1.jpeg","_links":{"self":[{"href":"https:\/\/radiorevelacionfm.cl\/index.php?rest_route=\/wp\/v2\/posts\/14038","targetHints":{"allow":["GET"]}}],"collection":[{"href":"https:\/\/radiorevelacionfm.cl\/index.php?rest_route=\/wp\/v2\/posts"}],"about":[{"href":"https:\/\/radiorevelacionfm.cl\/index.php?rest_route=\/wp\/v2\/types\/post"}],"author":[{"embeddable":true,"href":"https:\/\/radiorevelacionfm.cl\/index.php?rest_route=\/wp\/v2\/users\/1"}],"replies":[{"embeddable":true,"href":"https:\/\/radiorevelacionfm.cl\/index.php?rest_route=%2Fwp%2Fv2%2Fcomments&post=14038"}],"version-history":[{"count":2,"href":"https:\/\/radiorevelacionfm.cl\/index.php?rest_route=\/wp\/v2\/posts\/14038\/revisions"}],"predecessor-version":[{"id":14049,"href":"https:\/\/radiorevelacionfm.cl\/index.php?rest_route=\/wp\/v2\/posts\/14038\/revisions\/14049"}],"wp:featuredmedia":[{"embeddable":true,"href":"https:\/\/radiorevelacionfm.cl\/index.php?rest_route=\/wp\/v2\/media\/14039"}],"wp:attachment":[{"href":"https:\/\/radiorevelacionfm.cl\/index.php?rest_route=%2Fwp%2Fv2%2Fmedia&parent=14038"}],"wp:term":[{"taxonomy":"category","embeddable":true,"href":"https:\/\/radiorevelacionfm.cl\/index.php?rest_route=%2Fwp%2Fv2%2Fcategories&post=14038"},{"taxonomy":"post_tag","embeddable":true,"href":"https:\/\/radiorevelacionfm.cl\/index.php?rest_route=%2Fwp%2Fv2%2Ftags&post=14038"}],"curies":[{"name":"wp","href":"https:\/\/api.w.org\/{rel}","templated":true}]}}