{"id":14034,"date":"2022-02-25T09:10:36","date_gmt":"2022-02-25T12:10:36","guid":{"rendered":"https:\/\/radiorevelacionfm.cl\/?p=14034"},"modified":"2022-02-25T09:10:36","modified_gmt":"2022-02-25T12:10:36","slug":"director-de-seguridad-valoro-que-pruebas-aportadas-por-camaras-permitan-aclarar-delitos-en-aysen","status":"publish","type":"post","link":"https:\/\/radiorevelacionfm.cl\/?p=14034","title":{"rendered":"Director de Seguridad valor\u00f3 que pruebas aportadas por c\u00e1maras permitan aclarar delitos en Ays\u00e9n"},"content":{"rendered":"<p><span data-mce-type=\"bookmark\" style=\"display: inline-block; width: 0px; overflow: hidden; line-height: 0;\" class=\"mce_SELRES_start\">\ufeff<\/span><div class=\"flex_column av_one_full  flex_column_div av-zero-column-padding first  avia-builder-el-0  el_before_av_one_full  avia-builder-el-first  \" style='border-radius:0px; '><div  class='avia-image-container  av-styling-    avia-builder-el-1  avia-builder-el-no-sibling  avia-align-center '  itemprop=\"image\" itemscope=\"itemscope\" itemtype=\"https:\/\/schema.org\/ImageObject\"  ><div class='avia-image-container-inner'><div class='avia-image-overlay-wrap'><img decoding=\"async\" class='wp-image-14035 avia-img-lazy-loading-not-14035 avia_image' src=\"https:\/\/radiorevelacionfm.cl\/wp-content\/uploads\/2022\/02\/MARCOS-CONUECAR-1-1.jpeg\" alt='' title='MARCOS CO\u00d1UECAR (1) (1)' height=\"600\" width=\"1106\"  itemprop=\"thumbnailUrl\" srcset=\"https:\/\/radiorevelacionfm.cl\/wp-content\/uploads\/2022\/02\/MARCOS-CONUECAR-1-1.jpeg 1106w, https:\/\/radiorevelacionfm.cl\/wp-content\/uploads\/2022\/02\/MARCOS-CONUECAR-1-1-300x163.jpeg 300w, https:\/\/radiorevelacionfm.cl\/wp-content\/uploads\/2022\/02\/MARCOS-CONUECAR-1-1-1030x559.jpeg 1030w, https:\/\/radiorevelacionfm.cl\/wp-content\/uploads\/2022\/02\/MARCOS-CONUECAR-1-1-768x417.jpeg 768w, https:\/\/radiorevelacionfm.cl\/wp-content\/uploads\/2022\/02\/MARCOS-CONUECAR-1-1-705x382.jpeg 705w, https:\/\/radiorevelacionfm.cl\/wp-content\/uploads\/2022\/02\/MARCOS-CONUECAR-1-1-600x325.jpeg 600w\" sizes=\"(max-width: 1106px) 100vw, 1106px\" \/><\/div><\/div><\/div><\/div><span data-mce-type=\"bookmark\" style=\"display: inline-block; width: 0px; overflow: hidden; line-height: 0;\" class=\"mce_SELRES_end\">\ufeff<\/span><div class=\"flex_column av_one_full  flex_column_div av-zero-column-padding first  avia-builder-el-2  el_after_av_one_full  el_before_av_one_full  column-top-margin\" style='border-radius:0px; '><section class=\"av_textblock_section \"  itemscope=\"itemscope\" itemtype=\"https:\/\/schema.org\/BlogPosting\" itemprop=\"blogPost\" ><div class='avia_textblock  '   itemprop=\"text\" ><p style=\"text-align: center;\"><strong><span style=\"font-size: 18pt;\">Director de Seguridad valor\u00f3 que pruebas aportadas por c\u00e1maras permitan aclarar delitos en Ays\u00e9n<\/span><\/strong><\/p>\n<div id=\"gtx-trans\" style=\"position: absolute; left: -50px; top: 4.31534px;\">\n<div class=\"gtx-trans-icon\"><\/div>\n<\/div>\n<\/div><\/section><\/div><div class=\"flex_column av_one_full  flex_column_div av-zero-column-padding first  avia-builder-el-4  el_after_av_one_full  el_before_av_hr  column-top-margin\" style='border-radius:0px; '><section class=\"av_textblock_section \"  itemscope=\"itemscope\" itemtype=\"https:\/\/schema.org\/BlogPosting\" itemprop=\"blogPost\" ><div class='avia_textblock  '   itemprop=\"text\" ><p style=\"text-align: justify;\">El director de seguridad p\u00fablica de la Municipalidad de Ays\u00e9n, Marcos Co\u00f1uecar, inform\u00f3 que las c\u00e1maras de seguridad instaladas en distintos puntos de Puerto Ays\u00e9n, han funcionado correctamente, lo que est\u00e1 siendo monitoreado a diario.<\/p>\n<p style=\"text-align: justify;\">\u201cEstamos muy contentos, porque hemos podido apoyar a un gran n\u00famero de vecinos, mediante la entrega de im\u00e1genes de las c\u00e1maras de vigilancia, hemos podido tambi\u00e9n aportar a Carabineros, a la PDI. As\u00ed es que, creo que esta herramienta que viene a sumarse al trabajo que estamos haciendo como Municipio, ha sido muy positiva\u201d.<\/p>\n<p style=\"text-align: justify;\">Hoy son 7 las c\u00e1maras operativas en distintos puntos de Puerto Ays\u00e9n, existen otras que est\u00e1n en reparaci\u00f3n y que vendr\u00edan a sumarse a las acciones preventivas que desde la Municipalidad se est\u00e1n llevando adelante en materia de seguridad, a\u00f1adi\u00f3 Marcos Co\u00f1uecar.<\/p>\n<p style=\"text-align: justify;\">\u201cHoy tenemos 7 c\u00e1maras que est\u00e1n funcionando, esperamos que de aqu\u00ed a dos semanas m\u00e1s, poder aumentar a 17 c\u00e1maras, con otras 10 que est\u00e1n en reparaci\u00f3n. As\u00ed es que, de verdad como Municipio estamos muy preocupados tambi\u00e9n, porque sabemos que tenemos un deber con la comunidad respecto a la seguridad. Tambi\u00e9n apoyar a las polic\u00edas, un trabajo que estamos haciendo de manera mancomunada y nuestro Alcalde ha sido muy claro en se\u00f1alar que, el Municipio tiene el deber de trabajar por la comunidad en el tema de seguridad\u201d.<\/p>\n<p style=\"text-align: justify;\">Adem\u00e1s, Marcos Co\u00f1uecar, se\u00f1al\u00f3 que los delitos en la zona urbana estar\u00edan disminuyendo, pero que lamentablemente en el \u00e1rea rural estar\u00edan aumentando, por ello, est\u00e1n enfocando su labor tambi\u00e9n en otros sectores m\u00e1s apartados de la ciudad, mediante patrullajes preventivos.<\/p>\n<p style=\"text-align: justify;\">\u201cA trav\u00e9s de los \u00faltimos an\u00e1lisis que se han realizado, hemos llegado a la conclusi\u00f3n de que, ha existido una baja del delito en la zona urbana y eso tambi\u00e9n se debe al trabajo que est\u00e1n realizando las polic\u00edas, al trabajo que estamos haciendo como Municipio, tambi\u00e9n la instalaci\u00f3n de c\u00e1maras. Sin embargo, hemos visto que ha existido un aumento leve en la zona rural, es por eso que, la estrategia se ha cambiado y estamos haciendo patrullajes preventivos en los Torreones, Valle Verde y estamos recorriendo diferentes sectores como el Salto, Pangal, entre otros\u201d.<\/p>\n<p style=\"text-align: justify;\">El director de seguridad p\u00fablica municipal, Marcos Co\u00f1uecar, enfatiz\u00f3 que continuar\u00e1n trabajando en la prevenci\u00f3n de delitos, trabajando con las polic\u00edas, dirigentes y la comunidad, con el objetivo de ver en la seguridad \u201cun elemento vital para el desarrollo de las comunidades\u201d, puntualiz\u00f3.<\/p>\n<\/div><\/section><\/div><div  style='height:50px' class='hr hr-invisible   avia-builder-el-6  el_after_av_one_full  el_before_av_social_share '><span class='hr-inner ' ><span class='hr-inner-style'><\/span><\/span><\/div><\/p>\n<div  class='av-social-sharing-box  avia-builder-el-7  el_after_av_hr  el_before_av_hr  '><div class='av-share-box'><h5 class='av-share-link-description av-no-toc '>Compartir esta noticia<\/h5><ul class='av-share-box-list noLightbox'><li class='av-share-link av-social-link-facebook' ><a target=\"_blank\" aria-label=\"Compartir en Facebook\" href='https:\/\/www.facebook.com\/sharer.php?u=https:\/\/radiorevelacionfm.cl\/?p=14034&#038;t=Director%20de%20Seguridad%20valor%C3%B3%20que%20pruebas%20aportadas%20por%20c%C3%A1maras%20permitan%20aclarar%20delitos%20en%20Ays%C3%A9n' aria-hidden='false' data-av_icon='\ue8f3' data-av_iconfont='entypo-fontello' title='' data-avia-related-tooltip='Compartir en Facebook' rel=\"noopener\"><span class='avia_hidden_link_text'>Compartir en Facebook<\/span><\/a><\/li><li class='av-share-link av-social-link-twitter' ><a target=\"_blank\" aria-label=\"Compartir en Twitter\" href='https:\/\/twitter.com\/share?text=Director%20de%20Seguridad%20valor%C3%B3%20que%20pruebas%20aportadas%20por%20c%C3%A1maras%20permitan%20aclarar%20delitos%20en%20Ays%C3%A9n&#038;url=https:\/\/radiorevelacionfm.cl\/?p=14034' aria-hidden='false' data-av_icon='\ue8f1' data-av_iconfont='entypo-fontello' title='' data-avia-related-tooltip='Compartir en Twitter' rel=\"noopener\"><span class='avia_hidden_link_text'>Compartir en Twitter<\/span><\/a><\/li><li class='av-share-link av-social-link-whatsapp' ><a target=\"_blank\" aria-label=\"Compartir en Whatsapp\" href='https:\/\/api.whatsapp.com\/send?text=https:\/\/radiorevelacionfm.cl\/?p=14034' aria-hidden='false' data-av_icon='\uf232' data-av_iconfont='entypo-fontello' title='' data-avia-related-tooltip='Compartir en Whatsapp' rel=\"noopener\"><span class='avia_hidden_link_text'>Compartir en Whatsapp<\/span><\/a><\/li><li class='av-share-link av-social-link-linkedin' ><a target=\"_blank\" aria-label=\"Compartir en LinkedIn\" href='https:\/\/linkedin.com\/shareArticle?mini=true&#038;title=Director%20de%20Seguridad%20valor%C3%B3%20que%20pruebas%20aportadas%20por%20c%C3%A1maras%20permitan%20aclarar%20delitos%20en%20Ays%C3%A9n&#038;url=https:\/\/radiorevelacionfm.cl\/?p=14034' aria-hidden='false' data-av_icon='\ue8fc' data-av_iconfont='entypo-fontello' title='' data-avia-related-tooltip='Compartir en LinkedIn' rel=\"noopener\"><span class='avia_hidden_link_text'>Compartir en LinkedIn<\/span><\/a><\/li><li class='av-share-link av-social-link-mail' ><a  aria-label=\"Compartir por correo\" href='mailto:?subject=Director%20de%20Seguridad%20valor%C3%B3%20que%20pruebas%20aportadas%20por%20c%C3%A1maras%20permitan%20aclarar%20delitos%20en%20Ays%C3%A9n&#038;body=https:\/\/radiorevelacionfm.cl\/?p=14034' aria-hidden='false' data-av_icon='\ue805' data-av_iconfont='entypo-fontello' title='' data-avia-related-tooltip='Compartir por correo'><span class='avia_hidden_link_text'>Compartir por correo<\/span><\/a><\/li><\/ul><\/div><\/div>\n<div  style='height:50px' class='hr hr-invisible   avia-builder-el-8  el_after_av_social_share  el_before_av_comments_list '><span class='hr-inner ' ><span class='hr-inner-style'><\/span><\/span><\/div>\n<div  class='av-buildercomment  av-blog-meta-html-info-disabled av-blog-meta-tag-disabled  '><\/div>\n","protected":false},"excerpt":{"rendered":"<p>\ufeff\ufeff<\/p>\n","protected":false},"author":1,"featured_media":14035,"comment_status":"open","ping_status":"open","sticky":false,"template":"","format":"standard","meta":{"footnotes":""},"categories":[38],"tags":[],"class_list":["post-14034","post","type-post","status-publish","format-standard","has-post-thumbnail","hentry","category-regional"],"jetpack_featured_media_url":"https:\/\/radiorevelacionfm.cl\/wp-content\/uploads\/2022\/02\/MARCOS-CONUECAR-1-1.jpeg","_links":{"self":[{"href":"https:\/\/radiorevelacionfm.cl\/index.php?rest_route=\/wp\/v2\/posts\/14034","targetHints":{"allow":["GET"]}}],"collection":[{"href":"https:\/\/radiorevelacionfm.cl\/index.php?rest_route=\/wp\/v2\/posts"}],"about":[{"href":"https:\/\/radiorevelacionfm.cl\/index.php?rest_route=\/wp\/v2\/types\/post"}],"author":[{"embeddable":true,"href":"https:\/\/radiorevelacionfm.cl\/index.php?rest_route=\/wp\/v2\/users\/1"}],"replies":[{"embeddable":true,"href":"https:\/\/radiorevelacionfm.cl\/index.php?rest_route=%2Fwp%2Fv2%2Fcomments&post=14034"}],"version-history":[{"count":3,"href":"https:\/\/radiorevelacionfm.cl\/index.php?rest_route=\/wp\/v2\/posts\/14034\/revisions"}],"predecessor-version":[{"id":14043,"href":"https:\/\/radiorevelacionfm.cl\/index.php?rest_route=\/wp\/v2\/posts\/14034\/revisions\/14043"}],"wp:featuredmedia":[{"embeddable":true,"href":"https:\/\/radiorevelacionfm.cl\/index.php?rest_route=\/wp\/v2\/media\/14035"}],"wp:attachment":[{"href":"https:\/\/radiorevelacionfm.cl\/index.php?rest_route=%2Fwp%2Fv2%2Fmedia&parent=14034"}],"wp:term":[{"taxonomy":"category","embeddable":true,"href":"https:\/\/radiorevelacionfm.cl\/index.php?rest_route=%2Fwp%2Fv2%2Fcategories&post=14034"},{"taxonomy":"post_tag","embeddable":true,"href":"https:\/\/radiorevelacionfm.cl\/index.php?rest_route=%2Fwp%2Fv2%2Ftags&post=14034"}],"curies":[{"name":"wp","href":"https:\/\/api.w.org\/{rel}","templated":true}]}}