{"id":14030,"date":"2022-02-24T20:44:10","date_gmt":"2022-02-24T23:44:10","guid":{"rendered":"https:\/\/radiorevelacionfm.cl\/?p=14030"},"modified":"2022-02-24T20:44:10","modified_gmt":"2022-02-24T23:44:10","slug":"bajo-porcentaje-de-vacunacion-contra-covid-19-en-ninos-de-3-a-5-anos-preocupa-a-la-red-asistencial","status":"publish","type":"post","link":"https:\/\/radiorevelacionfm.cl\/?p=14030","title":{"rendered":"Bajo porcentaje de vacunaci\u00f3n contra Covid-19 en ni\u00f1os de 3 a 5 a\u00f1os preocupa a la Red Asistencial"},"content":{"rendered":"<div class=\"flex_column av_one_full  flex_column_div av-zero-column-padding first  avia-builder-el-0  el_before_av_one_full  avia-builder-el-first  \" style='border-radius:0px; '><div  class='avia-image-container  av-styling-    avia-builder-el-1  avia-builder-el-no-sibling  avia-align-center '  itemprop=\"image\" itemscope=\"itemscope\" itemtype=\"https:\/\/schema.org\/ImageObject\"  ><div class='avia-image-container-inner'><div class='avia-image-overlay-wrap'><img decoding=\"async\" class='wp-image-14031 avia-img-lazy-loading-not-14031 avia_image' src=\"https:\/\/radiorevelacionfm.cl\/wp-content\/uploads\/2022\/02\/IMG_4819-1-1.jpg\" alt='' title='IMG_4819 (1) (1)' height=\"600\" width=\"1069\"  itemprop=\"thumbnailUrl\" srcset=\"https:\/\/radiorevelacionfm.cl\/wp-content\/uploads\/2022\/02\/IMG_4819-1-1.jpg 1069w, https:\/\/radiorevelacionfm.cl\/wp-content\/uploads\/2022\/02\/IMG_4819-1-1-300x168.jpg 300w, https:\/\/radiorevelacionfm.cl\/wp-content\/uploads\/2022\/02\/IMG_4819-1-1-1030x578.jpg 1030w, https:\/\/radiorevelacionfm.cl\/wp-content\/uploads\/2022\/02\/IMG_4819-1-1-768x431.jpg 768w, https:\/\/radiorevelacionfm.cl\/wp-content\/uploads\/2022\/02\/IMG_4819-1-1-705x396.jpg 705w, https:\/\/radiorevelacionfm.cl\/wp-content\/uploads\/2022\/02\/IMG_4819-1-1-600x337.jpg 600w\" sizes=\"(max-width: 1069px) 100vw, 1069px\" \/><\/div><\/div><\/div><\/div><div class=\"flex_column av_one_full  flex_column_div av-zero-column-padding first  avia-builder-el-2  el_after_av_one_full  el_before_av_one_full  column-top-margin\" style='border-radius:0px; '><section class=\"av_textblock_section \"  itemscope=\"itemscope\" itemtype=\"https:\/\/schema.org\/BlogPosting\" itemprop=\"blogPost\" ><div class='avia_textblock  '   itemprop=\"text\" ><p style=\"text-align: center;\"><strong><span style=\"font-size: 18pt;\">Bajo porcentaje de vacunaci\u00f3n contra Covid-19 en ni\u00f1os de 3 a 5 a\u00f1os preocupa a la Red Asistencial<\/span><\/strong><\/p>\n<div id=\"gtx-trans\" style=\"position: absolute; left: -50px; top: 4.31534px;\">\n<div class=\"gtx-trans-icon\"><\/div>\n<\/div>\n<\/div><\/section><\/div><div class=\"flex_column av_one_full  flex_column_div av-zero-column-padding first  avia-builder-el-4  el_after_av_one_full  el_before_av_hr  column-top-margin\" style='border-radius:0px; '><section class=\"av_textblock_section \"  itemscope=\"itemscope\" itemtype=\"https:\/\/schema.org\/BlogPosting\" itemprop=\"blogPost\" ><div class='avia_textblock  '   itemprop=\"text\" ><p style=\"text-align: justify;\">Enf\u00e1tico por el escaso avance en el porcentaje de vacunaci\u00f3n en algunos grupos etarios, Gabriel Burgos Salas, Director del Servicio de Salud Ays\u00e9n, indic\u00f3 \u201cestamos preocupados y en alerta por los bajos niveles de inoculaci\u00f3n en ni\u00f1as y ni\u00f1os de 3 a 5 a\u00f1os. Tenemos que enfrentar la situaci\u00f3n actual, en el que tenemos un alto n\u00famero de casos positivos, con una variante altamente contagiosa circulando, y una de las mejores medidas para no enfermar gravemente es la vacuna.\u201d<\/p>\n<p style=\"text-align: justify;\">Mas all\u00e1, el directivo realiz\u00f3 un llamado a los padres a que consideren y tengan claro \u201clos numerosos beneficios que tiene la vacuna en sus hijos, para proteger a la familia y a la comunidad. Para ello, a lo largo de toda nuestra Red Asistencial hemos desplegado, durante toda la pandemia, todos nuestros esfuerzos en activar dispositivos de vacunaci\u00f3n en toda la regi\u00f3n, y que han sido debidamente socializados a trav\u00e9s de nuestras plataformas, y tambi\u00e9n por los medios de comunicaci\u00f3n\u201d.<\/p>\n<p style=\"text-align: justify;\">Si bien el Director de Servicio destac\u00f3 el buen porcentaje de vacunaci\u00f3n alcanzado en algunos grupos etarios, llam\u00f3 a la poblaci\u00f3n en confiar en el proceso \u201cinvito a la comunidad a seguir vacun\u00e1ndose. Debemos seguir avanzando con esta estrategia para as\u00ed tener mejores herramientas para combatir la pandemia y la aparici\u00f3n de nuevas variantes\u201d.<\/p>\n<p style=\"text-align: justify;\">Por su parte, Leandra Aguilar, encargada (S) del Programa Nacional de Inmunizaciones (PNI) del Servicio de Salud Ays\u00e9n \u201cestamos muy preocupados por la baja cobertura existentes en nuestros pres escolares de 3 a 5 a\u00f1os, que es un grupo importante que ingresa a sus actividades en el mes de marzo. Nos hemos visto con alta exposici\u00f3n al Covid y alto riesgo de contraer esta enfermedad, y si no tenemos la inmunidad adecuada, el exponernos a una enfermedad grave por Covid\u201d.<\/p>\n<p style=\"text-align: justify;\">Sobre el porcentaje de cobertura alcanzado en la regi\u00f3n en este grupo etario, indic\u00f3 que \u201creci\u00e9n alcanzamos el 53,4% en primeras dosis en esta edad, y en esquemas completos primarios reci\u00e9n estamos en un 30,1%. El llamado es a vacunarse en los puntos dispuestos en toda nuestra regi\u00f3n\u201d.<\/p>\n<p style=\"text-align: justify;\">La referente del SSA empatiza con aquellos padres por los temores que hay en torno a la vacuna \u201ctodo lo nuevo causa aprehensiones. Sin embargo, quiero asegurar y entregarles la confianza. No hemos tenido notificaci\u00f3n alguna de reacciones adversas y m\u00e1s a\u00fan de reacciones adversas graves. Podemos entregarles la confianza a que acudan a vacunar a sus ni\u00f1os y ni\u00f1as, que es importante para protegernos y combatir esta pandemia por la inmunidad de reba\u00f1o en la comunidad. Cuando nos vacunamos, nos protegemos a nosotros y a los dem\u00e1s, a los m\u00e1s vulnerables, personas con patolog\u00edas importantes, adultos mayores y nuestros ni\u00f1os menores de 3 a\u00f1os a quienes no se les ha indicado\u201d.<\/p>\n<p style=\"text-align: justify;\">Finalmente, Leandra Aguilar, invit\u00f3 \u201ca que todos los mayores de 3 a\u00f1os que por calendario tengan indicado vacunarse sean llevados para que la reciban y acudan a nuestros puntos. Conf\u00edo que a trav\u00e9s de este mensaje que damos como t\u00e9cnicos puedan llegar m\u00e1s personas y sensibilizarse m\u00e1s a este llamado\u201d.<\/p>\n<p style=\"text-align: justify;\">Desde la Red Asistencial invitan a informarse a trav\u00e9s de la p\u00e1gina web y redes sociales del Servicio de Salud Ays\u00e9n, en la que diariamente se publican los calendarios de vacunaci\u00f3n, puntos habilitados, horarios de atenci\u00f3n y sus grupos objetivos.<\/p>\n<\/div><\/section><\/div><div  style='height:50px' class='hr hr-invisible   avia-builder-el-6  el_after_av_one_full  el_before_av_social_share '><span class='hr-inner ' ><span class='hr-inner-style'><\/span><\/span><\/div><\/p>\n<div  class='av-social-sharing-box  avia-builder-el-7  el_after_av_hr  el_before_av_hr  '><div class='av-share-box'><h5 class='av-share-link-description av-no-toc '>Compartir esta noticia<\/h5><ul class='av-share-box-list noLightbox'><li class='av-share-link av-social-link-facebook' ><a target=\"_blank\" aria-label=\"Compartir en Facebook\" href='https:\/\/www.facebook.com\/sharer.php?u=https:\/\/radiorevelacionfm.cl\/?p=14030&#038;t=Bajo%20porcentaje%20de%20vacunaci%C3%B3n%20contra%20Covid-19%20en%20ni%C3%B1os%20de%203%20a%205%20a%C3%B1os%20preocupa%20a%20la%20Red%20Asistencial' aria-hidden='false' data-av_icon='\ue8f3' data-av_iconfont='entypo-fontello' title='' data-avia-related-tooltip='Compartir en Facebook' rel=\"noopener\"><span class='avia_hidden_link_text'>Compartir en Facebook<\/span><\/a><\/li><li class='av-share-link av-social-link-twitter' ><a target=\"_blank\" aria-label=\"Compartir en Twitter\" href='https:\/\/twitter.com\/share?text=Bajo%20porcentaje%20de%20vacunaci%C3%B3n%20contra%20Covid-19%20en%20ni%C3%B1os%20de%203%20a%205%20a%C3%B1os%20preocupa%20a%20la%20Red%20Asistencial&#038;url=https:\/\/radiorevelacionfm.cl\/?p=14030' aria-hidden='false' data-av_icon='\ue8f1' data-av_iconfont='entypo-fontello' title='' data-avia-related-tooltip='Compartir en Twitter' rel=\"noopener\"><span class='avia_hidden_link_text'>Compartir en Twitter<\/span><\/a><\/li><li class='av-share-link av-social-link-whatsapp' ><a target=\"_blank\" aria-label=\"Compartir en Whatsapp\" href='https:\/\/api.whatsapp.com\/send?text=https:\/\/radiorevelacionfm.cl\/?p=14030' aria-hidden='false' data-av_icon='\uf232' data-av_iconfont='entypo-fontello' title='' data-avia-related-tooltip='Compartir en Whatsapp' rel=\"noopener\"><span class='avia_hidden_link_text'>Compartir en Whatsapp<\/span><\/a><\/li><li class='av-share-link av-social-link-linkedin' ><a target=\"_blank\" aria-label=\"Compartir en LinkedIn\" href='https:\/\/linkedin.com\/shareArticle?mini=true&#038;title=Bajo%20porcentaje%20de%20vacunaci%C3%B3n%20contra%20Covid-19%20en%20ni%C3%B1os%20de%203%20a%205%20a%C3%B1os%20preocupa%20a%20la%20Red%20Asistencial&#038;url=https:\/\/radiorevelacionfm.cl\/?p=14030' aria-hidden='false' data-av_icon='\ue8fc' data-av_iconfont='entypo-fontello' title='' data-avia-related-tooltip='Compartir en LinkedIn' rel=\"noopener\"><span class='avia_hidden_link_text'>Compartir en LinkedIn<\/span><\/a><\/li><li class='av-share-link av-social-link-mail' ><a  aria-label=\"Compartir por correo\" href='mailto:?subject=Bajo%20porcentaje%20de%20vacunaci%C3%B3n%20contra%20Covid-19%20en%20ni%C3%B1os%20de%203%20a%205%20a%C3%B1os%20preocupa%20a%20la%20Red%20Asistencial&#038;body=https:\/\/radiorevelacionfm.cl\/?p=14030' aria-hidden='false' data-av_icon='\ue805' data-av_iconfont='entypo-fontello' title='' data-avia-related-tooltip='Compartir por correo'><span class='avia_hidden_link_text'>Compartir por correo<\/span><\/a><\/li><\/ul><\/div><\/div>\n<div  style='height:50px' class='hr hr-invisible   avia-builder-el-8  el_after_av_social_share  el_before_av_comments_list '><span class='hr-inner ' ><span class='hr-inner-style'><\/span><\/span><\/div>\n<div  class='av-buildercomment  av-blog-meta-html-info-disabled av-blog-meta-tag-disabled  '><\/div>\n","protected":false},"excerpt":{"rendered":"","protected":false},"author":1,"featured_media":14031,"comment_status":"open","ping_status":"open","sticky":false,"template":"","format":"standard","meta":{"footnotes":""},"categories":[46],"tags":[],"class_list":["post-14030","post","type-post","status-publish","format-standard","has-post-thumbnail","hentry","category-salud"],"jetpack_featured_media_url":"https:\/\/radiorevelacionfm.cl\/wp-content\/uploads\/2022\/02\/IMG_4819-1-1.jpg","_links":{"self":[{"href":"https:\/\/radiorevelacionfm.cl\/index.php?rest_route=\/wp\/v2\/posts\/14030","targetHints":{"allow":["GET"]}}],"collection":[{"href":"https:\/\/radiorevelacionfm.cl\/index.php?rest_route=\/wp\/v2\/posts"}],"about":[{"href":"https:\/\/radiorevelacionfm.cl\/index.php?rest_route=\/wp\/v2\/types\/post"}],"author":[{"embeddable":true,"href":"https:\/\/radiorevelacionfm.cl\/index.php?rest_route=\/wp\/v2\/users\/1"}],"replies":[{"embeddable":true,"href":"https:\/\/radiorevelacionfm.cl\/index.php?rest_route=%2Fwp%2Fv2%2Fcomments&post=14030"}],"version-history":[{"count":2,"href":"https:\/\/radiorevelacionfm.cl\/index.php?rest_route=\/wp\/v2\/posts\/14030\/revisions"}],"predecessor-version":[{"id":14037,"href":"https:\/\/radiorevelacionfm.cl\/index.php?rest_route=\/wp\/v2\/posts\/14030\/revisions\/14037"}],"wp:featuredmedia":[{"embeddable":true,"href":"https:\/\/radiorevelacionfm.cl\/index.php?rest_route=\/wp\/v2\/media\/14031"}],"wp:attachment":[{"href":"https:\/\/radiorevelacionfm.cl\/index.php?rest_route=%2Fwp%2Fv2%2Fmedia&parent=14030"}],"wp:term":[{"taxonomy":"category","embeddable":true,"href":"https:\/\/radiorevelacionfm.cl\/index.php?rest_route=%2Fwp%2Fv2%2Fcategories&post=14030"},{"taxonomy":"post_tag","embeddable":true,"href":"https:\/\/radiorevelacionfm.cl\/index.php?rest_route=%2Fwp%2Fv2%2Ftags&post=14030"}],"curies":[{"name":"wp","href":"https:\/\/api.w.org\/{rel}","templated":true}]}}