{"id":14026,"date":"2022-02-24T18:10:57","date_gmt":"2022-02-24T21:10:57","guid":{"rendered":"https:\/\/radiorevelacionfm.cl\/?p=14026"},"modified":"2022-02-24T18:24:16","modified_gmt":"2022-02-24T21:24:16","slug":"raul-marin-balmaceda-sin-luz-falla-en-generador-mantiene-a-la-localidad-a-oscuras-por-varios-dias","status":"publish","type":"post","link":"https:\/\/radiorevelacionfm.cl\/?p=14026","title":{"rendered":"Ra\u00fal Mar\u00edn Balmaceda sin luz: falla en generador mantiene a la localidad a oscuras por varios d\u00edas"},"content":{"rendered":"<div class=\"flex_column av_one_full  flex_column_div av-zero-column-padding first  avia-builder-el-0  el_before_av_one_full  avia-builder-el-first  \" style='border-radius:0px; '><div  class='avia-image-container  av-styling-    avia-builder-el-1  avia-builder-el-no-sibling  avia-align-center '  itemprop=\"image\" itemscope=\"itemscope\" itemtype=\"https:\/\/schema.org\/ImageObject\"  ><div class='avia-image-container-inner'><div class='avia-image-overlay-wrap'><img decoding=\"async\" class='wp-image-14027 avia-img-lazy-loading-not-14027 avia_image' src=\"https:\/\/radiorevelacionfm.cl\/wp-content\/uploads\/2022\/02\/sin-energia-1-1.jpg\" alt='' title='sin energia (1) (1)' height=\"600\" width=\"1109\"  itemprop=\"thumbnailUrl\" srcset=\"https:\/\/radiorevelacionfm.cl\/wp-content\/uploads\/2022\/02\/sin-energia-1-1.jpg 1109w, https:\/\/radiorevelacionfm.cl\/wp-content\/uploads\/2022\/02\/sin-energia-1-1-300x162.jpg 300w, https:\/\/radiorevelacionfm.cl\/wp-content\/uploads\/2022\/02\/sin-energia-1-1-1030x557.jpg 1030w, https:\/\/radiorevelacionfm.cl\/wp-content\/uploads\/2022\/02\/sin-energia-1-1-768x416.jpg 768w, https:\/\/radiorevelacionfm.cl\/wp-content\/uploads\/2022\/02\/sin-energia-1-1-705x381.jpg 705w, https:\/\/radiorevelacionfm.cl\/wp-content\/uploads\/2022\/02\/sin-energia-1-1-600x325.jpg 600w\" sizes=\"(max-width: 1109px) 100vw, 1109px\" \/><\/div><\/div><\/div><\/div><div class=\"flex_column av_one_full  flex_column_div av-zero-column-padding first  avia-builder-el-2  el_after_av_one_full  el_before_av_one_full  column-top-margin\" style='border-radius:0px; '><section class=\"av_textblock_section \"  itemscope=\"itemscope\" itemtype=\"https:\/\/schema.org\/BlogPosting\" itemprop=\"blogPost\" ><div class='avia_textblock  '   itemprop=\"text\" ><p style=\"text-align: center;\"><strong><span style=\"font-size: 18pt;\">Ra\u00fal Mar\u00edn Balmaceda sin luz: falla en generador mantiene a la localidad a oscuras por varios d\u00edas<\/span><\/strong><\/p>\n<div id=\"gtx-trans\" style=\"position: absolute; left: -50px; top: 4.31534px;\">\n<div class=\"gtx-trans-icon\"><\/div>\n<\/div>\n<\/div><\/section><\/div><div class=\"flex_column av_one_full  flex_column_div av-zero-column-padding first  avia-builder-el-4  el_after_av_one_full  el_before_av_hr  column-top-margin\" style='border-radius:0px; '><section class=\"av_textblock_section \"  itemscope=\"itemscope\" itemtype=\"https:\/\/schema.org\/BlogPosting\" itemprop=\"blogPost\" ><div class='avia_textblock  '   itemprop=\"text\" ><p style=\"text-align: justify;\">Los habitantes de la localidad de Ra\u00fal Mar\u00edn Balmaceda, llevan varios d\u00edas sin energ\u00eda el\u00e9ctrica tras falla de generador.<\/p>\n<p style=\"text-align: justify;\">El motor que prove\u00eda de suministro el\u00e9ctrico a Ra\u00fal Mar\u00edn present\u00f3 fallas, quedando fuera de servicio.<\/p>\n<p style=\"text-align: justify;\">En la \u00faltimas horas el Comit\u00e9 de Agua y Luz de la localidad gestion\u00f3 con la Municipalidad de Cisnes el arriendo de un motor el que lleg\u00f3 a la zona, pero solo funcion\u00f3 7 horas, para posteriormente presentar fallas, quedando sin funcionamiento.<\/p>\n<p style=\"text-align: justify;\">Juan Ar\u00e9valo, Presidente del Comit\u00e9 de Agua y Luz, se\u00f1ala que desde la empresa a cargo del motor, les informaron que en las pr\u00f3ximas horas debiese llegar un t\u00e9cnico desde Ays\u00e9n, para ver si se puede solucionar la problem\u00e1tica en terreno, de lo contrario los vecinos y vecinas deber\u00e1n seguir esperando sin luz.<\/p>\n<\/div><\/section><\/div><div  style='height:50px' class='hr hr-invisible   avia-builder-el-6  el_after_av_one_full  el_before_av_social_share '><span class='hr-inner ' ><span class='hr-inner-style'><\/span><\/span><\/div><\/p>\n<div  class='av-social-sharing-box  avia-builder-el-7  el_after_av_hr  el_before_av_hr  '><div class='av-share-box'><h5 class='av-share-link-description av-no-toc '>Compartir esta noticia<\/h5><ul class='av-share-box-list noLightbox'><li class='av-share-link av-social-link-facebook' ><a target=\"_blank\" aria-label=\"Compartir en Facebook\" href='https:\/\/www.facebook.com\/sharer.php?u=https:\/\/radiorevelacionfm.cl\/?p=14026&#038;t=Ra%C3%BAl%20Mar%C3%ADn%20Balmaceda%20sin%20luz%3A%20falla%20en%20generador%20mantiene%20a%20la%20localidad%20a%20oscuras%20por%20varios%20d%C3%ADas' aria-hidden='false' data-av_icon='\ue8f3' data-av_iconfont='entypo-fontello' title='' data-avia-related-tooltip='Compartir en Facebook' rel=\"noopener\"><span class='avia_hidden_link_text'>Compartir en Facebook<\/span><\/a><\/li><li class='av-share-link av-social-link-twitter' ><a target=\"_blank\" aria-label=\"Compartir en Twitter\" href='https:\/\/twitter.com\/share?text=Ra%C3%BAl%20Mar%C3%ADn%20Balmaceda%20sin%20luz%3A%20falla%20en%20generador%20mantiene%20a%20la%20localidad%20a%20oscuras%20por%20varios%20d%C3%ADas&#038;url=https:\/\/radiorevelacionfm.cl\/?p=14026' aria-hidden='false' data-av_icon='\ue8f1' data-av_iconfont='entypo-fontello' title='' data-avia-related-tooltip='Compartir en Twitter' rel=\"noopener\"><span class='avia_hidden_link_text'>Compartir en Twitter<\/span><\/a><\/li><li class='av-share-link av-social-link-whatsapp' ><a target=\"_blank\" aria-label=\"Compartir en Whatsapp\" href='https:\/\/api.whatsapp.com\/send?text=https:\/\/radiorevelacionfm.cl\/?p=14026' aria-hidden='false' data-av_icon='\uf232' data-av_iconfont='entypo-fontello' title='' data-avia-related-tooltip='Compartir en Whatsapp' rel=\"noopener\"><span class='avia_hidden_link_text'>Compartir en Whatsapp<\/span><\/a><\/li><li class='av-share-link av-social-link-linkedin' ><a target=\"_blank\" aria-label=\"Compartir en LinkedIn\" href='https:\/\/linkedin.com\/shareArticle?mini=true&#038;title=Ra%C3%BAl%20Mar%C3%ADn%20Balmaceda%20sin%20luz%3A%20falla%20en%20generador%20mantiene%20a%20la%20localidad%20a%20oscuras%20por%20varios%20d%C3%ADas&#038;url=https:\/\/radiorevelacionfm.cl\/?p=14026' aria-hidden='false' data-av_icon='\ue8fc' data-av_iconfont='entypo-fontello' title='' data-avia-related-tooltip='Compartir en LinkedIn' rel=\"noopener\"><span class='avia_hidden_link_text'>Compartir en LinkedIn<\/span><\/a><\/li><li class='av-share-link av-social-link-mail' ><a  aria-label=\"Compartir por correo\" href='mailto:?subject=Ra%C3%BAl%20Mar%C3%ADn%20Balmaceda%20sin%20luz%3A%20falla%20en%20generador%20mantiene%20a%20la%20localidad%20a%20oscuras%20por%20varios%20d%C3%ADas&#038;body=https:\/\/radiorevelacionfm.cl\/?p=14026' aria-hidden='false' data-av_icon='\ue805' data-av_iconfont='entypo-fontello' title='' data-avia-related-tooltip='Compartir por correo'><span class='avia_hidden_link_text'>Compartir por correo<\/span><\/a><\/li><\/ul><\/div><\/div>\n<div  style='height:50px' class='hr hr-invisible   avia-builder-el-8  el_after_av_social_share  el_before_av_comments_list '><span class='hr-inner ' ><span class='hr-inner-style'><\/span><\/span><\/div>\n<div  class='av-buildercomment  av-blog-meta-html-info-disabled av-blog-meta-tag-disabled  '><\/div>\n","protected":false},"excerpt":{"rendered":"","protected":false},"author":1,"featured_media":14027,"comment_status":"open","ping_status":"open","sticky":false,"template":"","format":"standard","meta":{"footnotes":""},"categories":[38],"tags":[],"class_list":["post-14026","post","type-post","status-publish","format-standard","has-post-thumbnail","hentry","category-regional"],"jetpack_featured_media_url":"https:\/\/radiorevelacionfm.cl\/wp-content\/uploads\/2022\/02\/sin-energia-1-1.jpg","_links":{"self":[{"href":"https:\/\/radiorevelacionfm.cl\/index.php?rest_route=\/wp\/v2\/posts\/14026","targetHints":{"allow":["GET"]}}],"collection":[{"href":"https:\/\/radiorevelacionfm.cl\/index.php?rest_route=\/wp\/v2\/posts"}],"about":[{"href":"https:\/\/radiorevelacionfm.cl\/index.php?rest_route=\/wp\/v2\/types\/post"}],"author":[{"embeddable":true,"href":"https:\/\/radiorevelacionfm.cl\/index.php?rest_route=\/wp\/v2\/users\/1"}],"replies":[{"embeddable":true,"href":"https:\/\/radiorevelacionfm.cl\/index.php?rest_route=%2Fwp%2Fv2%2Fcomments&post=14026"}],"version-history":[{"count":2,"href":"https:\/\/radiorevelacionfm.cl\/index.php?rest_route=\/wp\/v2\/posts\/14026\/revisions"}],"predecessor-version":[{"id":14029,"href":"https:\/\/radiorevelacionfm.cl\/index.php?rest_route=\/wp\/v2\/posts\/14026\/revisions\/14029"}],"wp:featuredmedia":[{"embeddable":true,"href":"https:\/\/radiorevelacionfm.cl\/index.php?rest_route=\/wp\/v2\/media\/14027"}],"wp:attachment":[{"href":"https:\/\/radiorevelacionfm.cl\/index.php?rest_route=%2Fwp%2Fv2%2Fmedia&parent=14026"}],"wp:term":[{"taxonomy":"category","embeddable":true,"href":"https:\/\/radiorevelacionfm.cl\/index.php?rest_route=%2Fwp%2Fv2%2Fcategories&post=14026"},{"taxonomy":"post_tag","embeddable":true,"href":"https:\/\/radiorevelacionfm.cl\/index.php?rest_route=%2Fwp%2Fv2%2Ftags&post=14026"}],"curies":[{"name":"wp","href":"https:\/\/api.w.org\/{rel}","templated":true}]}}