{"id":14022,"date":"2022-02-24T18:13:19","date_gmt":"2022-02-24T21:13:19","guid":{"rendered":"https:\/\/radiorevelacionfm.cl\/?p=14022"},"modified":"2022-02-24T18:13:19","modified_gmt":"2022-02-24T21:13:19","slug":"mineduc-entrega-tablets-para-apoyar-aprendizajes-de-estudiantes-en-el-regreso-a-clases-presenciales-en-la-region","status":"publish","type":"post","link":"https:\/\/radiorevelacionfm.cl\/?p=14022","title":{"rendered":"Mineduc entrega tablets para apoyar aprendizajes de estudiantes en el regreso a clases presenciales en la regi\u00f3n"},"content":{"rendered":"<div class=\"flex_column av_one_full  flex_column_div av-zero-column-padding first  avia-builder-el-0  el_before_av_one_full  avia-builder-el-first  \" style='border-radius:0px; '><div  class='avia-image-container  av-styling-    avia-builder-el-1  avia-builder-el-no-sibling  avia-align-center '  itemprop=\"image\" itemscope=\"itemscope\" itemtype=\"https:\/\/schema.org\/ImageObject\"  ><div class='avia-image-container-inner'><div class='avia-image-overlay-wrap'><img decoding=\"async\" class='wp-image-14023 avia-img-lazy-loading-not-14023 avia_image' src=\"https:\/\/radiorevelacionfm.cl\/wp-content\/uploads\/2022\/02\/tablets2-1-1.jpeg\" alt='' title='tablets2 (1) (1)' height=\"600\" width=\"900\"  itemprop=\"thumbnailUrl\" srcset=\"https:\/\/radiorevelacionfm.cl\/wp-content\/uploads\/2022\/02\/tablets2-1-1.jpeg 900w, https:\/\/radiorevelacionfm.cl\/wp-content\/uploads\/2022\/02\/tablets2-1-1-300x200.jpeg 300w, https:\/\/radiorevelacionfm.cl\/wp-content\/uploads\/2022\/02\/tablets2-1-1-768x512.jpeg 768w, https:\/\/radiorevelacionfm.cl\/wp-content\/uploads\/2022\/02\/tablets2-1-1-705x470.jpeg 705w, https:\/\/radiorevelacionfm.cl\/wp-content\/uploads\/2022\/02\/tablets2-1-1-600x400.jpeg 600w\" sizes=\"(max-width: 900px) 100vw, 900px\" \/><\/div><\/div><\/div><\/div><div class=\"flex_column av_one_full  flex_column_div av-zero-column-padding first  avia-builder-el-2  el_after_av_one_full  el_before_av_one_full  column-top-margin\" style='border-radius:0px; '><section class=\"av_textblock_section \"  itemscope=\"itemscope\" itemtype=\"https:\/\/schema.org\/BlogPosting\" itemprop=\"blogPost\" ><div class='avia_textblock  '   itemprop=\"text\" ><p style=\"text-align: center;\"><strong><span style=\"font-size: 18pt;\">Mineduc entrega tablets para apoyar aprendizajes de estudiantes en el regreso a clases presenciales en la regi\u00f3n<\/span><\/strong><\/p>\n<div id=\"gtx-trans\" style=\"position: absolute; left: -50px; top: 4.31534px;\">\n<div class=\"gtx-trans-icon\"><\/div>\n<\/div>\n<\/div><\/section><\/div><div class=\"flex_column av_one_full  flex_column_div av-zero-column-padding first  avia-builder-el-4  el_after_av_one_full  el_before_av_hr  column-top-margin\" style='border-radius:0px; '><section class=\"av_textblock_section \"  itemscope=\"itemscope\" itemtype=\"https:\/\/schema.org\/BlogPosting\" itemprop=\"blogPost\" ><div class='avia_textblock  '   itemprop=\"text\" ><p class=\"v1MsoNormal\" style=\"text-align: justify;\"><span lang=\"ES\">El Seremi de Educaci\u00f3n de Ays\u00e9n Sergio Becerra Mera concurri\u00f3 hasta la Escuela Especial Despertar de Puerto Ays\u00e9n para hacer la entrega\u00a0de 16 dispositivos\u00a0y destac\u00f3 que en la regi\u00f3n son cinco los establecimientos beneficiados en los que se entregar\u00e1n un total de 109 tablets, las que apoyar\u00e1n el aprendizaje de cerca de 300 alumnos.<\/span><\/p>\n<p class=\"v1MsoNormal\" style=\"text-align: justify;\"><span lang=\"ES\">Con la iniciativa Kits tecnol\u00f3gicos para la educaci\u00f3n digital el Ministerio de Educaci\u00f3n busca apoyar a comunidades escolares, a trav\u00e9s del uso<b>\u00a0<\/b>de dispositivos tablets, con funda y un plan de Internet disponibilizado a trav\u00e9s de una Simcard con un plan de 6GB mensuales, por un periodo de 12 meses desde la fecha de recepci\u00f3n de los productos en cada establecimiento educacional, considerando tres posibles usos:<\/span><\/p>\n<p class=\"v1MsoNormal\" style=\"text-align: justify;\"><span lang=\"ES\">Clases a distancia sin internet, con la opci\u00f3n de cargar previamente contenidos en la escuela. Clases a distancia con internet celular para descargar recursos desde el sitio web \u201cAprendo en L\u00ednea\u201d y otros sitios web educativos. Como complemento a clases presenciales o alternando presencialidad y estudio remoto.<\/span><\/p>\n<p class=\"v1MsoNormal\" style=\"text-align: justify;\">Los establecimientos que reciben esta implementaci\u00f3n en la Regi\u00f3n son: Escuela Especial Espa\u00f1a de Coyhaique con 38 kits; Escuela Jos\u00e9 Miguel Carrera de Lago Verde con 13 kits; Escuela Especial\u00a0 Despertar de Puerto Ays\u00e9n con 16 kits; Escuela Pedro Aguirre Cerda de Puerto Aguirre con 20 kits; Escuela Especial Preb\u00e1sica Club Los Leones de Coyhaique con 22 kits.<\/p>\n<p class=\"v1MsoNormal\" style=\"text-align: justify;\"><span lang=\"ES\">En la oportunidad, el Seremi Sergio Becerra destac\u00f3 que \u201cEs muy importante incorporar tecnolog\u00eda en los procesos educativos de los estudiantes, ya que eso estimula sus aprendizajes y los acerca al mundo digital. Para el Ministerio de Educaci\u00f3n es primordial entregar nuevas herramientas y acercarlas a los establecimientos educacionales. La tecnolog\u00eda es un apoyo para las actividades educacionales, por ello, el Ministerio de Educaci\u00f3n, dentro de sus pol\u00edticas de implementaci\u00f3n de las tecnolog\u00edas de la informaci\u00f3n, est\u00e1 impulsando esta iniciativa para entregar kits tecnol\u00f3gicos en establecimientos que presentan necesidades particulares, como las escuelas especiales, rurales y las escuelas hospitalarias\u201d.<\/span><\/p>\n<p class=\"v1MsoNormal\" style=\"text-align: justify;\"><span lang=\"ES\">A d\u00edas de iniciarse el a\u00f1o escolar 2022, el seremi de Educaci\u00f3n motiv\u00f3 a los estudiantes, docentes y asistentes de la educaci\u00f3n y tambi\u00e9n a las familias a enfrentarlo con optimismo y continuar en la senda de la recuperaci\u00f3n de los aprendizajes y el desarrollo socioemocional a trav\u00e9s de las clases presenciales, las cuales se realizar\u00e1n con todas las medidas y resguardos sanitarios, y recogiendo el aprendizaje logrado durante los a\u00f1os previos en pandemia.<\/span><\/p>\n<p class=\"v1MsoNormal\" style=\"text-align: justify;\"><span lang=\"ES\">\u201cUna de las principales razones para que los ni\u00f1os retornen a las clases presenciales, es la importancia que recuperen los aprendizajes, y la mejor manera para hacerlo es a trav\u00e9s del contacto directo con sus profesores y compa\u00f1eros\u201d, afirm\u00f3 Sergio Becerra.<\/span><\/p>\n<p class=\"v1MsoNormal\" style=\"text-align: justify;\"><span lang=\"ES\">Durante la actividad de entrega, la jefa del Departamento de Educaci\u00f3n Municipal de Ays\u00e9n Tamara Villegas\u00a0 expres\u00f3 que \u201cEstamos muy contentos de recibir estos kits tecnol\u00f3gicos digital que fueron aportados por el Mineduc a trav\u00e9s del Centro de Innovaci\u00f3n particularmente a tres establecimientos de nuestra comuna. Lo m\u00e1s importante es que esta herramienta complementa las acciones pedag\u00f3gicas en\u00a0 nuestras aulas, sobre todo en tiempos de pandemia que vivimos en los que se hace tan necesario el uso de los elementos tecnol\u00f3gicos\u00a0 en el proceso de aprendizaje por parte de nuestros alumnos y la comunidad escolar\u201d.<\/span><\/p>\n<p class=\"v1MsoNormal\" style=\"text-align: justify;\"><span lang=\"ES\">En tanto, la Jefa la Unidad T\u00e9cnico Pedag\u00f3gica (UTP) del establecimiento. Miriam M\u00e1rquez se\u00f1al\u00f3 que \u201cEs un recurso bastante anhelado por nuestra comunidad ya que nos ayuda reforzar todas las estrategias\u00a0 que los docentes est\u00e1n aplicando en este minuto en el aula, y que tienen que ver con lo audiovisual y tecnol\u00f3gico y esto tiene un efecto muy potenciador del aprendizaje, ya que las tablets son implementos que captan la atenci\u00f3n de nuestros estudiantes y con ello mejora la aplicaci\u00f3n de las estrategias educativas en aula\u201d.<\/span><\/p>\n<\/div><\/section><\/div><div  style='height:50px' class='hr hr-invisible   avia-builder-el-6  el_after_av_one_full  el_before_av_social_share '><span class='hr-inner ' ><span class='hr-inner-style'><\/span><\/span><\/div><\/p>\n<div  class='av-social-sharing-box  avia-builder-el-7  el_after_av_hr  el_before_av_hr  '><div class='av-share-box'><h5 class='av-share-link-description av-no-toc '>Compartir esta noticia<\/h5><ul class='av-share-box-list noLightbox'><li class='av-share-link av-social-link-facebook' ><a target=\"_blank\" aria-label=\"Compartir en Facebook\" href='https:\/\/www.facebook.com\/sharer.php?u=https:\/\/radiorevelacionfm.cl\/?p=14022&#038;t=Mineduc%20entrega%20tablets%20para%20apoyar%20aprendizajes%20de%20estudiantes%20en%20el%20regreso%20a%20clases%20presenciales%20en%20la%20regi%C3%B3n' aria-hidden='false' data-av_icon='\ue8f3' data-av_iconfont='entypo-fontello' title='' data-avia-related-tooltip='Compartir en Facebook' rel=\"noopener\"><span class='avia_hidden_link_text'>Compartir en Facebook<\/span><\/a><\/li><li class='av-share-link av-social-link-twitter' ><a target=\"_blank\" aria-label=\"Compartir en Twitter\" href='https:\/\/twitter.com\/share?text=Mineduc%20entrega%20tablets%20para%20apoyar%20aprendizajes%20de%20estudiantes%20en%20el%20regreso%20a%20clases%20presenciales%20en%20la%20regi%C3%B3n&#038;url=https:\/\/radiorevelacionfm.cl\/?p=14022' aria-hidden='false' data-av_icon='\ue8f1' data-av_iconfont='entypo-fontello' title='' data-avia-related-tooltip='Compartir en Twitter' rel=\"noopener\"><span class='avia_hidden_link_text'>Compartir en Twitter<\/span><\/a><\/li><li class='av-share-link av-social-link-whatsapp' ><a target=\"_blank\" aria-label=\"Compartir en Whatsapp\" href='https:\/\/api.whatsapp.com\/send?text=https:\/\/radiorevelacionfm.cl\/?p=14022' aria-hidden='false' data-av_icon='\uf232' data-av_iconfont='entypo-fontello' title='' data-avia-related-tooltip='Compartir en Whatsapp' rel=\"noopener\"><span class='avia_hidden_link_text'>Compartir en Whatsapp<\/span><\/a><\/li><li class='av-share-link av-social-link-linkedin' ><a target=\"_blank\" aria-label=\"Compartir en LinkedIn\" href='https:\/\/linkedin.com\/shareArticle?mini=true&#038;title=Mineduc%20entrega%20tablets%20para%20apoyar%20aprendizajes%20de%20estudiantes%20en%20el%20regreso%20a%20clases%20presenciales%20en%20la%20regi%C3%B3n&#038;url=https:\/\/radiorevelacionfm.cl\/?p=14022' aria-hidden='false' data-av_icon='\ue8fc' data-av_iconfont='entypo-fontello' title='' data-avia-related-tooltip='Compartir en LinkedIn' rel=\"noopener\"><span class='avia_hidden_link_text'>Compartir en LinkedIn<\/span><\/a><\/li><li class='av-share-link av-social-link-mail' ><a  aria-label=\"Compartir por correo\" href='mailto:?subject=Mineduc%20entrega%20tablets%20para%20apoyar%20aprendizajes%20de%20estudiantes%20en%20el%20regreso%20a%20clases%20presenciales%20en%20la%20regi%C3%B3n&#038;body=https:\/\/radiorevelacionfm.cl\/?p=14022' aria-hidden='false' data-av_icon='\ue805' data-av_iconfont='entypo-fontello' title='' data-avia-related-tooltip='Compartir por correo'><span class='avia_hidden_link_text'>Compartir por correo<\/span><\/a><\/li><\/ul><\/div><\/div>\n<div  style='height:50px' class='hr hr-invisible   avia-builder-el-8  el_after_av_social_share  el_before_av_comments_list '><span class='hr-inner ' ><span class='hr-inner-style'><\/span><\/span><\/div>\n<div  class='av-buildercomment  av-blog-meta-html-info-disabled av-blog-meta-tag-disabled  '><\/div>\n","protected":false},"excerpt":{"rendered":"","protected":false},"author":1,"featured_media":14023,"comment_status":"open","ping_status":"open","sticky":false,"template":"","format":"standard","meta":{"footnotes":""},"categories":[49],"tags":[],"class_list":["post-14022","post","type-post","status-publish","format-standard","has-post-thumbnail","hentry","category-educacion"],"jetpack_featured_media_url":"https:\/\/radiorevelacionfm.cl\/wp-content\/uploads\/2022\/02\/tablets2-1-1.jpeg","_links":{"self":[{"href":"https:\/\/radiorevelacionfm.cl\/index.php?rest_route=\/wp\/v2\/posts\/14022","targetHints":{"allow":["GET"]}}],"collection":[{"href":"https:\/\/radiorevelacionfm.cl\/index.php?rest_route=\/wp\/v2\/posts"}],"about":[{"href":"https:\/\/radiorevelacionfm.cl\/index.php?rest_route=\/wp\/v2\/types\/post"}],"author":[{"embeddable":true,"href":"https:\/\/radiorevelacionfm.cl\/index.php?rest_route=\/wp\/v2\/users\/1"}],"replies":[{"embeddable":true,"href":"https:\/\/radiorevelacionfm.cl\/index.php?rest_route=%2Fwp%2Fv2%2Fcomments&post=14022"}],"version-history":[{"count":2,"href":"https:\/\/radiorevelacionfm.cl\/index.php?rest_route=\/wp\/v2\/posts\/14022\/revisions"}],"predecessor-version":[{"id":14033,"href":"https:\/\/radiorevelacionfm.cl\/index.php?rest_route=\/wp\/v2\/posts\/14022\/revisions\/14033"}],"wp:featuredmedia":[{"embeddable":true,"href":"https:\/\/radiorevelacionfm.cl\/index.php?rest_route=\/wp\/v2\/media\/14023"}],"wp:attachment":[{"href":"https:\/\/radiorevelacionfm.cl\/index.php?rest_route=%2Fwp%2Fv2%2Fmedia&parent=14022"}],"wp:term":[{"taxonomy":"category","embeddable":true,"href":"https:\/\/radiorevelacionfm.cl\/index.php?rest_route=%2Fwp%2Fv2%2Fcategories&post=14022"},{"taxonomy":"post_tag","embeddable":true,"href":"https:\/\/radiorevelacionfm.cl\/index.php?rest_route=%2Fwp%2Fv2%2Ftags&post=14022"}],"curies":[{"name":"wp","href":"https:\/\/api.w.org\/{rel}","templated":true}]}}