{"id":14018,"date":"2022-02-24T16:51:18","date_gmt":"2022-02-24T19:51:18","guid":{"rendered":"https:\/\/radiorevelacionfm.cl\/?p=14018"},"modified":"2022-02-24T16:51:18","modified_gmt":"2022-02-24T19:51:18","slug":"alcalde-uribe-dialogo-con-habitantes-del-sector-el-turbio-para-abordar-mejoras-urbanas","status":"publish","type":"post","link":"https:\/\/radiorevelacionfm.cl\/?p=14018","title":{"rendered":"Alcalde Uribe dialog\u00f3 con habitantes del sector El Turbio para abordar mejoras urbanas"},"content":{"rendered":"<div class=\"flex_column av_one_full  flex_column_div av-zero-column-padding first  avia-builder-el-0  el_before_av_one_full  avia-builder-el-first  \" style='border-radius:0px; '><div  class='avia-image-container  av-styling-    avia-builder-el-1  avia-builder-el-no-sibling  avia-align-center '  itemprop=\"image\" itemscope=\"itemscope\" itemtype=\"https:\/\/schema.org\/ImageObject\"  ><div class='avia-image-container-inner'><div class='avia-image-overlay-wrap'><img decoding=\"async\" class='wp-image-14019 avia-img-lazy-loading-not-14019 avia_image' src=\"https:\/\/radiorevelacionfm.cl\/wp-content\/uploads\/2022\/02\/proadelanto-turbio2-1_optimized.jpeg\" alt='' title='proadelanto-turbio2-(1)_optimized' height=\"600\" width=\"800\"  itemprop=\"thumbnailUrl\" srcset=\"https:\/\/radiorevelacionfm.cl\/wp-content\/uploads\/2022\/02\/proadelanto-turbio2-1_optimized.jpeg 800w, https:\/\/radiorevelacionfm.cl\/wp-content\/uploads\/2022\/02\/proadelanto-turbio2-1_optimized-300x225.jpeg 300w, https:\/\/radiorevelacionfm.cl\/wp-content\/uploads\/2022\/02\/proadelanto-turbio2-1_optimized-768x576.jpeg 768w, https:\/\/radiorevelacionfm.cl\/wp-content\/uploads\/2022\/02\/proadelanto-turbio2-1_optimized-705x529.jpeg 705w, https:\/\/radiorevelacionfm.cl\/wp-content\/uploads\/2022\/02\/proadelanto-turbio2-1_optimized-600x450.jpeg 600w\" sizes=\"(max-width: 800px) 100vw, 800px\" \/><\/div><\/div><\/div><\/div><div class=\"flex_column av_one_full  flex_column_div av-zero-column-padding first  avia-builder-el-2  el_after_av_one_full  el_before_av_one_full  column-top-margin\" style='border-radius:0px; '><section class=\"av_textblock_section \"  itemscope=\"itemscope\" itemtype=\"https:\/\/schema.org\/BlogPosting\" itemprop=\"blogPost\" ><div class='avia_textblock  '   itemprop=\"text\" ><p style=\"text-align: center;\"><strong><span style=\"font-size: 18pt;\">Alcalde Uribe dialog\u00f3 con habitantes del sector El Turbio para abordar mejoras urbanas<\/span><\/strong><\/p>\n<div id=\"gtx-trans\" style=\"position: absolute; left: -50px; top: 4.31534px;\">\n<div class=\"gtx-trans-icon\"><\/div>\n<\/div>\n<\/div><\/section><\/div><div class=\"flex_column av_one_full  flex_column_div av-zero-column-padding first  avia-builder-el-4  el_after_av_one_full  el_before_av_hr  column-top-margin\" style='border-radius:0px; '><section class=\"av_textblock_section \"  itemscope=\"itemscope\" itemtype=\"https:\/\/schema.org\/BlogPosting\" itemprop=\"blogPost\" ><div class='avia_textblock  '   itemprop=\"text\" ><p style=\"text-align: justify;\">Hasta la intersecci\u00f3n de los pasajes Mar\u00eda de Jes\u00fas e In\u00e9s Magdalena en el sector El Turbio lleg\u00f3 la primera autoridad de la comuna de Ays\u00e9n, Julio Uribe Alvarado en compa\u00f1\u00eda de distintos profesionales de la Secretar\u00eda Comunal de Planificaci\u00f3n y Obras Municipales para abordar en el lugar diversas tem\u00e1ticas comunitarias que fueron expuestas por los vecinos agrupados en el Comit\u00e9 Pro-Adelanto \u201cRinc\u00f3n de la Esperanza\u201d. Cabe se\u00f1alar que estos habitantes poseen en la actualidad cesiones de derechos sobre las tierras que utilizan por lo que el marco jur\u00eddico vigente, no permite utilizar recursos p\u00fablicos en estas zonas y recae ah\u00ed el largo trabajo que se comienza a gestar por concretar un adecuado saneamiento territorial.<\/p>\n<p style=\"text-align: justify;\">En este sentido, el alcalde Julio Uribe Alvarado, destac\u00f3 que se vivieron momentos complejos entorno a las necesidades que expresan los vecinos de este punto de Puerto Ays\u00e9n, quienes requieren de alumbrado p\u00fablico, electricidad domiciliaria, alcantarillado, agua potable, entre otras materias. Sin embargo, al no poseer los t\u00edtulos de propiedad no se ha podido llevar adelante esta acci\u00f3n en el pasado y esto tiene relaci\u00f3n con la \u201cexplosiva expansi\u00f3n que han tenido esto lugares por los precios que poseen y por la necesidad que presentan los vecinos de contar con su vivienda, en este caso, a trav\u00e9s de la autoconstrucci\u00f3n no regulada\u201d.<\/p>\n<p style=\"text-align: justify;\">A rengl\u00f3n seguido, la autoridad realiz\u00f3 un llamado a la comunidad para averiguar \u201cd\u00f3nde est\u00e1n comprando y ver la regularizaci\u00f3n\u201d debido a los tiempos que esto implica en el Ministerio de Bienes Nacionales. Mientras no est\u00e9n regularizados los terrenos no se puede invertir como franja de Bien de Uso P\u00fablico, por lo tanto, todas las necesidades b\u00e1sicas no se pueden cubrir y es algo muy complejo para el municipio porque no tiene las herramientas para ir en ayuda de los vecinos. Pero estas reuniones son importantes para dejar en claro qu\u00e9 es lo que tienen que hacer, c\u00f3mo avanzar y c\u00f3mo llegar a un buen puerto con sus diferentes necesidades\u201d explic\u00f3.<\/p>\n<p style=\"text-align: justify;\">Por su parte, Roberto Bilbao, Ingeniero Civil de la Secretar\u00eda Comunal de Planificaci\u00f3n detall\u00f3 parte de los problemas expuestos por los vecinos en loteos que no se encuentran debidamente saneados algo que indic\u00f3 \u201cno tan s\u00f3lo ocurre en este lugar, sino que en varios sectores de la comuna en general\u201d, complementando que \u201choy en d\u00eda pasa aqu\u00ed es que es un solo lote, una compra por cesi\u00f3n de derechos, es entendible que la gente adquiera sitios como puede hacerlo y que quieran solucionar ciertas cosas como los servicios b\u00e1sicos, inclusive los pavimentos, les tratamos de explicar cuales son los procesos que tienen que ocurrir para que ellos puedan postular al financiamiento de estos proyectos y esperamos que lo hayan tomado de la mejor manera posible\u201d.<\/p>\n<p style=\"text-align: justify;\">Con ello, el profesional del municipio tambi\u00e9n complement\u00f3 que \u201cSiempre y el ideal es que los proyectos de urbanizaci\u00f3n se hagan antes, entendemos que no es lo que muchas veces ocurre, pero estamos aqu\u00ed como municipio y servidores p\u00fablicos para dar soluciones y es lo que vamos a tratar de hacer desde aqu\u00ed en adelante para los vecinos del sector. Queremos que sepan que cualquier consulta pueden formularla en Secplan, nosotros estamos para resolver sus dudas y apoyarlos en el proceso administrativo, que como le indicamos es bastante largo y dependemos de cosas que est\u00e1n fuera de nuestro alcance como los Planos Reguladores, en este caso del Intercomunal, para avanzar y darles la soluci\u00f3n que requieren y merecen\u201d precis\u00f3 Bilbao.<\/p>\n<p style=\"text-align: justify;\">Mientras que, Ximena Maldonado, secretaria del Comit\u00e9 Pro-Adelanto \u201cRinc\u00f3n de la Esperanza\u201d relat\u00f3 parte del proceso que han vivido y que agrup\u00f3 a 50 familias debido a la lejan\u00eda que exist\u00eda con la Junta de Vecinos. \u201cAqu\u00ed tenemos un gran porcentaje de adultos mayores, de ni\u00f1os, gente con movilidad reducida y principalmente el objetivo es buscar la urbanizaci\u00f3n de esta zona. Tener alcantarillado, luminaria p\u00fablica y todo lo que sea beneficioso para la comunidad principalmente\u201d.<\/p>\n<p style=\"text-align: justify;\">Finalmente, Maldonado agradeci\u00f3 el apoyo brindado por el municipio \u201cdesde el d\u00eda uno, hace ya unos meses atr\u00e1s conversamos con don Julio Uribe, \u00e9l sin ning\u00fan tipo de problema nos sugiri\u00f3 crear este Comit\u00e9 y a primera instancia vino a ver lo que necesit\u00e1bamos con el personal municipal y en este caso tambi\u00e9n con Edelaysen. Estamos contentos, los vecinos se fueron harta esperanza y esperamos que las cosas y sugerencias que entregamos a los encargados salgan de manera r\u00e1pida y qu\u00e9 mejor respaldo que el de la municipalidad\u201d, puntualiz\u00f3 la dirigente vecinal.<\/p>\n<\/div><\/section><\/div><div  style='height:50px' class='hr hr-invisible   avia-builder-el-6  el_after_av_one_full  el_before_av_social_share '><span class='hr-inner ' ><span class='hr-inner-style'><\/span><\/span><\/div><\/p>\n<div  class='av-social-sharing-box  avia-builder-el-7  el_after_av_hr  el_before_av_hr  '><div class='av-share-box'><h5 class='av-share-link-description av-no-toc '>Compartir esta noticia<\/h5><ul class='av-share-box-list noLightbox'><li class='av-share-link av-social-link-facebook' ><a target=\"_blank\" aria-label=\"Compartir en Facebook\" href='https:\/\/www.facebook.com\/sharer.php?u=https:\/\/radiorevelacionfm.cl\/?p=14018&#038;t=Alcalde%20Uribe%20dialog%C3%B3%20con%20habitantes%20del%20sector%20El%20Turbio%20para%20abordar%20mejoras%20urbanas' aria-hidden='false' data-av_icon='\ue8f3' data-av_iconfont='entypo-fontello' title='' data-avia-related-tooltip='Compartir en Facebook' rel=\"noopener\"><span class='avia_hidden_link_text'>Compartir en Facebook<\/span><\/a><\/li><li class='av-share-link av-social-link-twitter' ><a target=\"_blank\" aria-label=\"Compartir en Twitter\" href='https:\/\/twitter.com\/share?text=Alcalde%20Uribe%20dialog%C3%B3%20con%20habitantes%20del%20sector%20El%20Turbio%20para%20abordar%20mejoras%20urbanas&#038;url=https:\/\/radiorevelacionfm.cl\/?p=14018' aria-hidden='false' data-av_icon='\ue8f1' data-av_iconfont='entypo-fontello' title='' data-avia-related-tooltip='Compartir en Twitter' rel=\"noopener\"><span class='avia_hidden_link_text'>Compartir en Twitter<\/span><\/a><\/li><li class='av-share-link av-social-link-whatsapp' ><a target=\"_blank\" aria-label=\"Compartir en Whatsapp\" href='https:\/\/api.whatsapp.com\/send?text=https:\/\/radiorevelacionfm.cl\/?p=14018' aria-hidden='false' data-av_icon='\uf232' data-av_iconfont='entypo-fontello' title='' data-avia-related-tooltip='Compartir en Whatsapp' rel=\"noopener\"><span class='avia_hidden_link_text'>Compartir en Whatsapp<\/span><\/a><\/li><li class='av-share-link av-social-link-linkedin' ><a target=\"_blank\" aria-label=\"Compartir en LinkedIn\" href='https:\/\/linkedin.com\/shareArticle?mini=true&#038;title=Alcalde%20Uribe%20dialog%C3%B3%20con%20habitantes%20del%20sector%20El%20Turbio%20para%20abordar%20mejoras%20urbanas&#038;url=https:\/\/radiorevelacionfm.cl\/?p=14018' aria-hidden='false' data-av_icon='\ue8fc' data-av_iconfont='entypo-fontello' title='' data-avia-related-tooltip='Compartir en LinkedIn' rel=\"noopener\"><span class='avia_hidden_link_text'>Compartir en LinkedIn<\/span><\/a><\/li><li class='av-share-link av-social-link-mail' ><a  aria-label=\"Compartir por correo\" href='mailto:?subject=Alcalde%20Uribe%20dialog%C3%B3%20con%20habitantes%20del%20sector%20El%20Turbio%20para%20abordar%20mejoras%20urbanas&#038;body=https:\/\/radiorevelacionfm.cl\/?p=14018' aria-hidden='false' data-av_icon='\ue805' data-av_iconfont='entypo-fontello' title='' data-avia-related-tooltip='Compartir por correo'><span class='avia_hidden_link_text'>Compartir por correo<\/span><\/a><\/li><\/ul><\/div><\/div>\n<div  style='height:50px' class='hr hr-invisible   avia-builder-el-8  el_after_av_social_share  el_before_av_comments_list '><span class='hr-inner ' ><span class='hr-inner-style'><\/span><\/span><\/div>\n<div  class='av-buildercomment  av-blog-meta-html-info-disabled av-blog-meta-tag-disabled  '><\/div>\n","protected":false},"excerpt":{"rendered":"","protected":false},"author":1,"featured_media":14019,"comment_status":"open","ping_status":"open","sticky":false,"template":"","format":"standard","meta":{"footnotes":""},"categories":[38],"tags":[],"class_list":["post-14018","post","type-post","status-publish","format-standard","has-post-thumbnail","hentry","category-regional"],"jetpack_featured_media_url":"https:\/\/radiorevelacionfm.cl\/wp-content\/uploads\/2022\/02\/proadelanto-turbio2-1_optimized.jpeg","_links":{"self":[{"href":"https:\/\/radiorevelacionfm.cl\/index.php?rest_route=\/wp\/v2\/posts\/14018","targetHints":{"allow":["GET"]}}],"collection":[{"href":"https:\/\/radiorevelacionfm.cl\/index.php?rest_route=\/wp\/v2\/posts"}],"about":[{"href":"https:\/\/radiorevelacionfm.cl\/index.php?rest_route=\/wp\/v2\/types\/post"}],"author":[{"embeddable":true,"href":"https:\/\/radiorevelacionfm.cl\/index.php?rest_route=\/wp\/v2\/users\/1"}],"replies":[{"embeddable":true,"href":"https:\/\/radiorevelacionfm.cl\/index.php?rest_route=%2Fwp%2Fv2%2Fcomments&post=14018"}],"version-history":[{"count":2,"href":"https:\/\/radiorevelacionfm.cl\/index.php?rest_route=\/wp\/v2\/posts\/14018\/revisions"}],"predecessor-version":[{"id":14021,"href":"https:\/\/radiorevelacionfm.cl\/index.php?rest_route=\/wp\/v2\/posts\/14018\/revisions\/14021"}],"wp:featuredmedia":[{"embeddable":true,"href":"https:\/\/radiorevelacionfm.cl\/index.php?rest_route=\/wp\/v2\/media\/14019"}],"wp:attachment":[{"href":"https:\/\/radiorevelacionfm.cl\/index.php?rest_route=%2Fwp%2Fv2%2Fmedia&parent=14018"}],"wp:term":[{"taxonomy":"category","embeddable":true,"href":"https:\/\/radiorevelacionfm.cl\/index.php?rest_route=%2Fwp%2Fv2%2Fcategories&post=14018"},{"taxonomy":"post_tag","embeddable":true,"href":"https:\/\/radiorevelacionfm.cl\/index.php?rest_route=%2Fwp%2Fv2%2Ftags&post=14018"}],"curies":[{"name":"wp","href":"https:\/\/api.w.org\/{rel}","templated":true}]}}