{"id":14011,"date":"2022-02-24T14:06:23","date_gmt":"2022-02-24T17:06:23","guid":{"rendered":"https:\/\/radiorevelacionfm.cl\/?p=14011"},"modified":"2022-02-24T14:06:23","modified_gmt":"2022-02-24T17:06:23","slug":"promueven-programa-de-fortalecimiento-a-la-inversion-para-el-rubro-hortofruticola","status":"publish","type":"post","link":"https:\/\/radiorevelacionfm.cl\/?p=14011","title":{"rendered":"Promueven programa de fortalecimiento a la inversi\u00f3n para el rubro hortofrut\u00edcola"},"content":{"rendered":"<div class=\"flex_column av_one_full  flex_column_div av-zero-column-padding first  avia-builder-el-0  el_before_av_one_full  avia-builder-el-first  \" style='border-radius:0px; '><div  class='avia-image-container  av-styling-    avia-builder-el-1  avia-builder-el-no-sibling  avia-align-center '  itemprop=\"image\" itemscope=\"itemscope\" itemtype=\"https:\/\/schema.org\/ImageObject\"  ><div class='avia-image-container-inner'><div class='avia-image-overlay-wrap'><img decoding=\"async\" class='wp-image-14012 avia-img-lazy-loading-not-14012 avia_image' src=\"https:\/\/radiorevelacionfm.cl\/wp-content\/uploads\/2022\/02\/Minagri-Frutas-y-Hortalizas-1-1.jpeg\" alt='' title='Minagri Frutas y Hortalizas (1) (1)' height=\"600\" width=\"1333\"  itemprop=\"thumbnailUrl\" srcset=\"https:\/\/radiorevelacionfm.cl\/wp-content\/uploads\/2022\/02\/Minagri-Frutas-y-Hortalizas-1-1.jpeg 1333w, https:\/\/radiorevelacionfm.cl\/wp-content\/uploads\/2022\/02\/Minagri-Frutas-y-Hortalizas-1-1-300x135.jpeg 300w, https:\/\/radiorevelacionfm.cl\/wp-content\/uploads\/2022\/02\/Minagri-Frutas-y-Hortalizas-1-1-1030x464.jpeg 1030w, https:\/\/radiorevelacionfm.cl\/wp-content\/uploads\/2022\/02\/Minagri-Frutas-y-Hortalizas-1-1-768x346.jpeg 768w, https:\/\/radiorevelacionfm.cl\/wp-content\/uploads\/2022\/02\/Minagri-Frutas-y-Hortalizas-1-1-705x317.jpeg 705w, https:\/\/radiorevelacionfm.cl\/wp-content\/uploads\/2022\/02\/Minagri-Frutas-y-Hortalizas-1-1-600x270.jpeg 600w\" sizes=\"(max-width: 1333px) 100vw, 1333px\" \/><\/div><\/div><\/div><\/div><div class=\"flex_column av_one_full  flex_column_div av-zero-column-padding first  avia-builder-el-2  el_after_av_one_full  el_before_av_one_full  column-top-margin\" style='border-radius:0px; '><section class=\"av_textblock_section \"  itemscope=\"itemscope\" itemtype=\"https:\/\/schema.org\/BlogPosting\" itemprop=\"blogPost\" ><div class='avia_textblock  '   itemprop=\"text\" ><p style=\"text-align: center;\"><strong><span style=\"font-size: 18pt;\">Promueven programa de fortalecimiento a la inversi\u00f3n para el rubro hortofrut\u00edcola <\/span><\/strong><\/p>\n<div id=\"gtx-trans\" style=\"position: absolute; left: -50px; top: 4.31534px;\">\n<div class=\"gtx-trans-icon\"><\/div>\n<\/div>\n<\/div><\/section><\/div><div class=\"flex_column av_one_full  flex_column_div av-zero-column-padding first  avia-builder-el-4  el_after_av_one_full  el_before_av_hr  column-top-margin\" style='border-radius:0px; '><section class=\"av_textblock_section \"  itemscope=\"itemscope\" itemtype=\"https:\/\/schema.org\/BlogPosting\" itemprop=\"blogPost\" ><div class='avia_textblock  '   itemprop=\"text\" ><p style=\"text-align: justify;\">En la feria de la Agrupaci\u00f3n de Mujeres de Bah\u00eda Jara, en la comuna de Chile Chico, el seremi de Agricultura, Felipe Henr\u00edquez Raglianti, dio a conocer el Programa de fortalecimiento a la inversi\u00f3n para el rubro hortofrut\u00edcola, en una actividad que cont\u00f3 con la presencia del alcalde Luperciano Mu\u00f1oz.<\/p>\n<p style=\"text-align: justify;\">La iniciativa es financiada por el Gobierno Regional, con una inversi\u00f3n que supera los 500 millones de pesos del Fondo Nacional de Desarrollo Regional, con el objetivo de contribuir a mejorar y aumentar el volumen de producci\u00f3n de frutas y hortalizas de la regi\u00f3n, ante la creciente demanda de productos frescos, sanos y regionales.<\/p>\n<p style=\"text-align: justify;\">El programa apoyar\u00e1 a m\u00e1s de 60 productoras y productores hortofrut\u00edcolas de diferentes comunas de la regi\u00f3n, durante 36 meses, mediante una inversi\u00f3n que supera los 500 millones de pesos del Fondo Nacional de Desarrollo Regional.<\/p>\n<p style=\"text-align: justify;\">\u201cEstamos haciendo difusi\u00f3n de este Programa de fomento a la inversi\u00f3n hortofrut\u00edcola en esta feria, para acercar a los productores y los clientes, promover los circuitos cortos de comercializaci\u00f3n, incentivar la reactivaci\u00f3n de la econom\u00eda local en el plano de la agricultura y promover la alimentaci\u00f3n saludable\u201d, indic\u00f3 Felipe Henr\u00edquez.<\/p>\n<p style=\"text-align: justify;\">A\u00f1adi\u00f3 que la seguridad alimentaria \u201ces un concepto que se instala con fuerza en el mundo, por lo cual, nuestro sector agropecuario tendr\u00e1 la misi\u00f3n de encauzar estrategias para satisfacer la demanda de alimentos de nuestra poblaci\u00f3n\u201d.<\/p>\n<p style=\"text-align: justify;\">Miriam Zapata, de la agrupaci\u00f3n de mujeres de Bah\u00eda Jara, valor\u00f3 esta iniciativa y destac\u00f3 los atributos de los productos locales. \u201cSon productos org\u00e1nicos, con agua natural y todos los prefieren porque son ricos, no son contaminados con nada y por eso los prefieren las personas y nosotros igual, porque son sanos\u201d, indic\u00f3.<\/p>\n<p style=\"text-align: justify;\">Entre los clientes de la Feria, Ada D\u00edaz, resalt\u00f3 la calidad de las frutas y hortalizas locales. \u201cVengo a comprar cosas frescas, porque los productos de ac\u00e1 de la regi\u00f3n son muy buenos. Uno viene a comprar ac\u00e1 el tomate, el pepino, la lechuga y son cosas frescas que trae la gente. La gente de Bah\u00eda Jara siempre se ha destacado por traer buenas frutas y buenas verduras, entonces por eso yo siempre vengo a comprar ac\u00e1\u201d, destac\u00f3.<\/p>\n<p style=\"text-align: justify;\"><strong>Mayor producci\u00f3n y consumo de frutas y hortalizas regionales<\/strong><\/p>\n<p style=\"text-align: justify;\">El contexto de emergencia sanitaria producto del virus COVID-19, relev\u00f3 la necesidad de autoabastecimiento de alimentos, en especial, en la regi\u00f3n, donde las estad\u00edsticas del Ministerio de Agricultura indican que se produce solo un 20% respecto del total de las hortalizas consumidas en Ays\u00e9n.<\/p>\n<p style=\"text-align: justify;\">Por ello, este Programa busca contribuir a mejorar y aumentar el volumen de producci\u00f3n, para lo cual se considera aumentar la inversi\u00f3n y adopci\u00f3n de nuevas tecnolog\u00edas, fortalecer los sistemas productivos y posicionar los productos regionales, a trav\u00e9s de la campa\u00f1a de consumo \u201cYo quiero Frutas y Hortalizas de Ays\u00e9n\u201d.<\/p>\n<p style=\"text-align: justify;\">De all\u00ed que en las actividades cuenten con apoyo del Sistema Elige Vivir Sano, a trav\u00e9s de la participaci\u00f3n del corp\u00f3reo Vitalio, de la seremi de Desarrollo Social y se conecte con la cultura local, en este caso, con la presentaci\u00f3n que realiz\u00f3 el cantante de hip hop y letrista de Chile Chico Rolando Form\u00f3n.<\/p>\n<\/div><\/section><\/div><div  style='height:50px' class='hr hr-invisible   avia-builder-el-6  el_after_av_one_full  el_before_av_social_share '><span class='hr-inner ' ><span class='hr-inner-style'><\/span><\/span><\/div><\/p>\n<div  class='av-social-sharing-box  avia-builder-el-7  el_after_av_hr  el_before_av_hr  '><div class='av-share-box'><h5 class='av-share-link-description av-no-toc '>Compartir esta noticia<\/h5><ul class='av-share-box-list noLightbox'><li class='av-share-link av-social-link-facebook' ><a target=\"_blank\" aria-label=\"Compartir en Facebook\" href='https:\/\/www.facebook.com\/sharer.php?u=https:\/\/radiorevelacionfm.cl\/?p=14011&#038;t=Promueven%20programa%20de%20fortalecimiento%20a%20la%20inversi%C3%B3n%20para%20el%20rubro%20hortofrut%C3%ADcola' aria-hidden='false' data-av_icon='\ue8f3' data-av_iconfont='entypo-fontello' title='' data-avia-related-tooltip='Compartir en Facebook' rel=\"noopener\"><span class='avia_hidden_link_text'>Compartir en Facebook<\/span><\/a><\/li><li class='av-share-link av-social-link-twitter' ><a target=\"_blank\" aria-label=\"Compartir en Twitter\" href='https:\/\/twitter.com\/share?text=Promueven%20programa%20de%20fortalecimiento%20a%20la%20inversi%C3%B3n%20para%20el%20rubro%20hortofrut%C3%ADcola&#038;url=https:\/\/radiorevelacionfm.cl\/?p=14011' aria-hidden='false' data-av_icon='\ue8f1' data-av_iconfont='entypo-fontello' title='' data-avia-related-tooltip='Compartir en Twitter' rel=\"noopener\"><span class='avia_hidden_link_text'>Compartir en Twitter<\/span><\/a><\/li><li class='av-share-link av-social-link-whatsapp' ><a target=\"_blank\" aria-label=\"Compartir en Whatsapp\" href='https:\/\/api.whatsapp.com\/send?text=https:\/\/radiorevelacionfm.cl\/?p=14011' aria-hidden='false' data-av_icon='\uf232' data-av_iconfont='entypo-fontello' title='' data-avia-related-tooltip='Compartir en Whatsapp' rel=\"noopener\"><span class='avia_hidden_link_text'>Compartir en Whatsapp<\/span><\/a><\/li><li class='av-share-link av-social-link-linkedin' ><a target=\"_blank\" aria-label=\"Compartir en LinkedIn\" href='https:\/\/linkedin.com\/shareArticle?mini=true&#038;title=Promueven%20programa%20de%20fortalecimiento%20a%20la%20inversi%C3%B3n%20para%20el%20rubro%20hortofrut%C3%ADcola&#038;url=https:\/\/radiorevelacionfm.cl\/?p=14011' aria-hidden='false' data-av_icon='\ue8fc' data-av_iconfont='entypo-fontello' title='' data-avia-related-tooltip='Compartir en LinkedIn' rel=\"noopener\"><span class='avia_hidden_link_text'>Compartir en LinkedIn<\/span><\/a><\/li><li class='av-share-link av-social-link-mail' ><a  aria-label=\"Compartir por correo\" href='mailto:?subject=Promueven%20programa%20de%20fortalecimiento%20a%20la%20inversi%C3%B3n%20para%20el%20rubro%20hortofrut%C3%ADcola&#038;body=https:\/\/radiorevelacionfm.cl\/?p=14011' aria-hidden='false' data-av_icon='\ue805' data-av_iconfont='entypo-fontello' title='' data-avia-related-tooltip='Compartir por correo'><span class='avia_hidden_link_text'>Compartir por correo<\/span><\/a><\/li><\/ul><\/div><\/div>\n<div  style='height:50px' class='hr hr-invisible   avia-builder-el-8  el_after_av_social_share  el_before_av_comments_list '><span class='hr-inner ' ><span class='hr-inner-style'><\/span><\/span><\/div>\n<div  class='av-buildercomment  av-blog-meta-html-info-disabled av-blog-meta-tag-disabled  '><\/div>\n","protected":false},"excerpt":{"rendered":"","protected":false},"author":1,"featured_media":14012,"comment_status":"open","ping_status":"open","sticky":false,"template":"","format":"standard","meta":{"footnotes":""},"categories":[58],"tags":[],"class_list":["post-14011","post","type-post","status-publish","format-standard","has-post-thumbnail","hentry","category-agricultura"],"jetpack_featured_media_url":"https:\/\/radiorevelacionfm.cl\/wp-content\/uploads\/2022\/02\/Minagri-Frutas-y-Hortalizas-1-1.jpeg","_links":{"self":[{"href":"https:\/\/radiorevelacionfm.cl\/index.php?rest_route=\/wp\/v2\/posts\/14011","targetHints":{"allow":["GET"]}}],"collection":[{"href":"https:\/\/radiorevelacionfm.cl\/index.php?rest_route=\/wp\/v2\/posts"}],"about":[{"href":"https:\/\/radiorevelacionfm.cl\/index.php?rest_route=\/wp\/v2\/types\/post"}],"author":[{"embeddable":true,"href":"https:\/\/radiorevelacionfm.cl\/index.php?rest_route=\/wp\/v2\/users\/1"}],"replies":[{"embeddable":true,"href":"https:\/\/radiorevelacionfm.cl\/index.php?rest_route=%2Fwp%2Fv2%2Fcomments&post=14011"}],"version-history":[{"count":2,"href":"https:\/\/radiorevelacionfm.cl\/index.php?rest_route=\/wp\/v2\/posts\/14011\/revisions"}],"predecessor-version":[{"id":14014,"href":"https:\/\/radiorevelacionfm.cl\/index.php?rest_route=\/wp\/v2\/posts\/14011\/revisions\/14014"}],"wp:featuredmedia":[{"embeddable":true,"href":"https:\/\/radiorevelacionfm.cl\/index.php?rest_route=\/wp\/v2\/media\/14012"}],"wp:attachment":[{"href":"https:\/\/radiorevelacionfm.cl\/index.php?rest_route=%2Fwp%2Fv2%2Fmedia&parent=14011"}],"wp:term":[{"taxonomy":"category","embeddable":true,"href":"https:\/\/radiorevelacionfm.cl\/index.php?rest_route=%2Fwp%2Fv2%2Fcategories&post=14011"},{"taxonomy":"post_tag","embeddable":true,"href":"https:\/\/radiorevelacionfm.cl\/index.php?rest_route=%2Fwp%2Fv2%2Ftags&post=14011"}],"curies":[{"name":"wp","href":"https:\/\/api.w.org\/{rel}","templated":true}]}}