{"id":14007,"date":"2022-02-24T13:02:42","date_gmt":"2022-02-24T16:02:42","guid":{"rendered":"https:\/\/radiorevelacionfm.cl\/?p=14007"},"modified":"2022-02-24T13:02:42","modified_gmt":"2022-02-24T16:02:42","slug":"pdi-continua-labor-de-control-y-fiscalizacion-de-ciudadanos-extranjeros-en-la-region","status":"publish","type":"post","link":"https:\/\/radiorevelacionfm.cl\/?p=14007","title":{"rendered":"PDI contin\u00faa labor de control y fiscalizaci\u00f3n de ciudadanos extranjeros en la regi\u00f3n"},"content":{"rendered":"<div class=\"flex_column av_one_full  flex_column_div av-zero-column-padding first  avia-builder-el-0  el_before_av_one_full  avia-builder-el-first  \" style='border-radius:0px; '><div  class='avia-image-container  av-styling-    avia-builder-el-1  avia-builder-el-no-sibling  avia-align-center '  itemprop=\"image\" itemscope=\"itemscope\" itemtype=\"https:\/\/schema.org\/ImageObject\"  ><div class='avia-image-container-inner'><div class='avia-image-overlay-wrap'><img decoding=\"async\" class='wp-image-14008 avia-img-lazy-loading-not-14008 avia_image' src=\"https:\/\/radiorevelacionfm.cl\/wp-content\/uploads\/2022\/02\/fiscalizaciones-extranjeros-2022-002-1_optimized.jpeg\" alt='' title='fiscalizaciones-extranjeros-2022-002-(1)_optimized' height=\"600\" width=\"1067\"  itemprop=\"thumbnailUrl\" srcset=\"https:\/\/radiorevelacionfm.cl\/wp-content\/uploads\/2022\/02\/fiscalizaciones-extranjeros-2022-002-1_optimized.jpeg 1067w, https:\/\/radiorevelacionfm.cl\/wp-content\/uploads\/2022\/02\/fiscalizaciones-extranjeros-2022-002-1_optimized-300x169.jpeg 300w, https:\/\/radiorevelacionfm.cl\/wp-content\/uploads\/2022\/02\/fiscalizaciones-extranjeros-2022-002-1_optimized-1030x579.jpeg 1030w, https:\/\/radiorevelacionfm.cl\/wp-content\/uploads\/2022\/02\/fiscalizaciones-extranjeros-2022-002-1_optimized-768x432.jpeg 768w, https:\/\/radiorevelacionfm.cl\/wp-content\/uploads\/2022\/02\/fiscalizaciones-extranjeros-2022-002-1_optimized-705x396.jpeg 705w, https:\/\/radiorevelacionfm.cl\/wp-content\/uploads\/2022\/02\/fiscalizaciones-extranjeros-2022-002-1_optimized-600x337.jpeg 600w\" sizes=\"(max-width: 1067px) 100vw, 1067px\" \/><\/div><\/div><\/div><\/div><div class=\"flex_column av_one_full  flex_column_div av-zero-column-padding first  avia-builder-el-2  el_after_av_one_full  el_before_av_one_full  column-top-margin\" style='border-radius:0px; '><section class=\"av_textblock_section \"  itemscope=\"itemscope\" itemtype=\"https:\/\/schema.org\/BlogPosting\" itemprop=\"blogPost\" ><div class='avia_textblock  '   itemprop=\"text\" ><p style=\"text-align: center;\"><strong><span style=\"font-size: 18pt;\">PDI contin\u00faa labor de control y fiscalizaci\u00f3n de ciudadanos extranjeros en la regi\u00f3n<\/span><\/strong><\/p>\n<div id=\"gtx-trans\" style=\"position: absolute; left: -50px; top: 4.31534px;\"><\/div>\n<\/div><\/section><\/div><div class=\"flex_column av_one_full  flex_column_div av-zero-column-padding first  avia-builder-el-4  el_after_av_one_full  el_before_av_hr  column-top-margin\" style='border-radius:0px; '><section class=\"av_textblock_section \"  itemscope=\"itemscope\" itemtype=\"https:\/\/schema.org\/BlogPosting\" itemprop=\"blogPost\" ><div class='avia_textblock  '   itemprop=\"text\" ><p style=\"text-align: justify;\">Durante el a\u00f1o 2021, el \u00e1rea de Migraciones y Polic\u00eda Internacional de la PDI, compuesta a nivel regional por un Departamento en Coyhaique y una Secci\u00f3n en Puerto Ays\u00e9n, llev\u00f3 a cabo un proceso de orientaci\u00f3n sobre la nueva Ley de Migraciones y continu\u00f3 con la labor en el control y fiscalizaci\u00f3n de los ciudadanos extranjeros en distintos puntos de la regi\u00f3n, ya sea en las principales ciudades y accesos terrestres y mar\u00edtimos de Ays\u00e9n, en coordinaci\u00f3n con otras instituciones.<\/p>\n<p style=\"text-align: justify;\">Fue as\u00ed que, durante el a\u00f1o 2021 se realizaron un total de 86 fiscalizaciones, donde se control\u00f3 a un total de 639 personas, de las cuales 136 fueron chilenos y 503 extranjeros. En estas fiscalizaciones se logr\u00f3 constatar que 196 ciudadanos migrantes estaban incumpliendo las disposiciones de la Ley de Extranjer\u00eda, principalmente por infracciones sobre ingreso clandestino al territorio nacional, situaciones irregulares y no informar cambios de domicilio o trabajo, por tanto, fueron denunciados a la autoridad administrativa.<\/p>\n<p style=\"text-align: justify;\">Al respecto, el subcomisario Hans Suazo, jefe de la Secci\u00f3n Migraciones y Polic\u00eda Internacional Ays\u00e9n, indic\u00f3 que \u201cen resumen, durante el a\u00f1o 2021 realizamos 86 fiscalizaciones en distintos puntos de la regi\u00f3n para corroborar el cumplimiento de las disposiciones de la Ley de Extranjer\u00eda, logramos ubicar a 196 ciudadanos migrantes infractores, denunci\u00e1ndolos ante la autoridad administrativa correspondiente\u201d.<\/p>\n<p style=\"text-align: justify;\">A modo de balance de este 2022, cabe destacar que, durante el mes de enero el \u00e1rea de migraciones realiz\u00f3 un total de 10 fiscalizaciones a nivel regional, controlando a 66 personas chilenas y extranjeras, de las cuales 15 de ellas, todos ciudadanos extranjeros, fueron denunciados por infringir la Ley de Extranjer\u00eda.<\/p>\n<p style=\"text-align: justify;\"><strong>Llamado a un proceso migratorio seguro y responsable<\/strong><\/p>\n<p style=\"text-align: justify;\">El subcomisario Suazo realiz\u00f3 un llamado a mantener una migraci\u00f3n responsable, se\u00f1alando que \u201cbuscamos garantizar un proceso migratorio desde una perspectiva segura, ordenada y regular, tal como lo establece la nueva ley, educando a los ciudadanos extranjeros sobre nuestra labor como PDI en el control migratorio y fiscalizaci\u00f3n de extranjeros\u201d.<\/p>\n<p style=\"text-align: justify;\">El jefe de la unidad realiz\u00f3 un llamado a los ciudadanos extranjeros de las distintas localidades a nivel regional a mantener sus datos actualizados, agregando que \u201cinstamos a los extranjeros a informarse y actualizar su informaci\u00f3n personal en los plazos establecidos para evitar caer en irregularidades y que sean denunciados ante la autoridad correspondiente\u201d.<\/p>\n<p style=\"text-align: justify;\">Asimismo, desde Migraciones recalcaron la importancia de realizar tr\u00e1mites online para regularizar situaci\u00f3n migratoria y solicitar los certificados emitidos por la PDI para realizar tr\u00e1mites en el territorio nacional de manera digital a trav\u00e9s de <a href=\"http:\/\/www.pdichile.cl\">www.pdichile.cl<\/a>, secci\u00f3n \u201cTr\u00e1mites\u201d.<\/p>\n<p style=\"text-align: justify;\">Desde el \u00e1rea especializada puntualizaron que durante este a\u00f1o se continuar\u00e1n realizando orientaciones a los ciudadanos migrantes con la finalidad de resguardar un proceso migratorio acorde a la normativa vigente.<\/p>\n<\/div><\/section><\/div><div  style='height:50px' class='hr hr-invisible   avia-builder-el-6  el_after_av_one_full  el_before_av_social_share '><span class='hr-inner ' ><span class='hr-inner-style'><\/span><\/span><\/div><\/p>\n<div  class='av-social-sharing-box  avia-builder-el-7  el_after_av_hr  el_before_av_hr  '><div class='av-share-box'><h5 class='av-share-link-description av-no-toc '>Compartir esta noticia<\/h5><ul class='av-share-box-list noLightbox'><li class='av-share-link av-social-link-facebook' ><a target=\"_blank\" aria-label=\"Compartir en Facebook\" href='https:\/\/www.facebook.com\/sharer.php?u=https:\/\/radiorevelacionfm.cl\/?p=14007&#038;t=PDI%20contin%C3%BAa%20labor%20de%20control%20y%20fiscalizaci%C3%B3n%20de%20ciudadanos%20extranjeros%20en%20la%20regi%C3%B3n' aria-hidden='false' data-av_icon='\ue8f3' data-av_iconfont='entypo-fontello' title='' data-avia-related-tooltip='Compartir en Facebook' rel=\"noopener\"><span class='avia_hidden_link_text'>Compartir en Facebook<\/span><\/a><\/li><li class='av-share-link av-social-link-twitter' ><a target=\"_blank\" aria-label=\"Compartir en Twitter\" href='https:\/\/twitter.com\/share?text=PDI%20contin%C3%BAa%20labor%20de%20control%20y%20fiscalizaci%C3%B3n%20de%20ciudadanos%20extranjeros%20en%20la%20regi%C3%B3n&#038;url=https:\/\/radiorevelacionfm.cl\/?p=14007' aria-hidden='false' data-av_icon='\ue8f1' data-av_iconfont='entypo-fontello' title='' data-avia-related-tooltip='Compartir en Twitter' rel=\"noopener\"><span class='avia_hidden_link_text'>Compartir en Twitter<\/span><\/a><\/li><li class='av-share-link av-social-link-whatsapp' ><a target=\"_blank\" aria-label=\"Compartir en Whatsapp\" href='https:\/\/api.whatsapp.com\/send?text=https:\/\/radiorevelacionfm.cl\/?p=14007' aria-hidden='false' data-av_icon='\uf232' data-av_iconfont='entypo-fontello' title='' data-avia-related-tooltip='Compartir en Whatsapp' rel=\"noopener\"><span class='avia_hidden_link_text'>Compartir en Whatsapp<\/span><\/a><\/li><li class='av-share-link av-social-link-linkedin' ><a target=\"_blank\" aria-label=\"Compartir en LinkedIn\" href='https:\/\/linkedin.com\/shareArticle?mini=true&#038;title=PDI%20contin%C3%BAa%20labor%20de%20control%20y%20fiscalizaci%C3%B3n%20de%20ciudadanos%20extranjeros%20en%20la%20regi%C3%B3n&#038;url=https:\/\/radiorevelacionfm.cl\/?p=14007' aria-hidden='false' data-av_icon='\ue8fc' data-av_iconfont='entypo-fontello' title='' data-avia-related-tooltip='Compartir en LinkedIn' rel=\"noopener\"><span class='avia_hidden_link_text'>Compartir en LinkedIn<\/span><\/a><\/li><li class='av-share-link av-social-link-mail' ><a  aria-label=\"Compartir por correo\" href='mailto:?subject=PDI%20contin%C3%BAa%20labor%20de%20control%20y%20fiscalizaci%C3%B3n%20de%20ciudadanos%20extranjeros%20en%20la%20regi%C3%B3n&#038;body=https:\/\/radiorevelacionfm.cl\/?p=14007' aria-hidden='false' data-av_icon='\ue805' data-av_iconfont='entypo-fontello' title='' data-avia-related-tooltip='Compartir por correo'><span class='avia_hidden_link_text'>Compartir por correo<\/span><\/a><\/li><\/ul><\/div><\/div>\n<div  style='height:50px' class='hr hr-invisible   avia-builder-el-8  el_after_av_social_share  el_before_av_comments_list '><span class='hr-inner ' ><span class='hr-inner-style'><\/span><\/span><\/div>\n<div  class='av-buildercomment  av-blog-meta-html-info-disabled av-blog-meta-tag-disabled  '><\/div>\n","protected":false},"excerpt":{"rendered":"","protected":false},"author":1,"featured_media":14008,"comment_status":"open","ping_status":"open","sticky":false,"template":"","format":"standard","meta":{"footnotes":""},"categories":[36],"tags":[],"class_list":["post-14007","post","type-post","status-publish","format-standard","has-post-thumbnail","hentry","category-policial"],"jetpack_featured_media_url":"https:\/\/radiorevelacionfm.cl\/wp-content\/uploads\/2022\/02\/fiscalizaciones-extranjeros-2022-002-1_optimized.jpeg","_links":{"self":[{"href":"https:\/\/radiorevelacionfm.cl\/index.php?rest_route=\/wp\/v2\/posts\/14007","targetHints":{"allow":["GET"]}}],"collection":[{"href":"https:\/\/radiorevelacionfm.cl\/index.php?rest_route=\/wp\/v2\/posts"}],"about":[{"href":"https:\/\/radiorevelacionfm.cl\/index.php?rest_route=\/wp\/v2\/types\/post"}],"author":[{"embeddable":true,"href":"https:\/\/radiorevelacionfm.cl\/index.php?rest_route=\/wp\/v2\/users\/1"}],"replies":[{"embeddable":true,"href":"https:\/\/radiorevelacionfm.cl\/index.php?rest_route=%2Fwp%2Fv2%2Fcomments&post=14007"}],"version-history":[{"count":2,"href":"https:\/\/radiorevelacionfm.cl\/index.php?rest_route=\/wp\/v2\/posts\/14007\/revisions"}],"predecessor-version":[{"id":14010,"href":"https:\/\/radiorevelacionfm.cl\/index.php?rest_route=\/wp\/v2\/posts\/14007\/revisions\/14010"}],"wp:featuredmedia":[{"embeddable":true,"href":"https:\/\/radiorevelacionfm.cl\/index.php?rest_route=\/wp\/v2\/media\/14008"}],"wp:attachment":[{"href":"https:\/\/radiorevelacionfm.cl\/index.php?rest_route=%2Fwp%2Fv2%2Fmedia&parent=14007"}],"wp:term":[{"taxonomy":"category","embeddable":true,"href":"https:\/\/radiorevelacionfm.cl\/index.php?rest_route=%2Fwp%2Fv2%2Fcategories&post=14007"},{"taxonomy":"post_tag","embeddable":true,"href":"https:\/\/radiorevelacionfm.cl\/index.php?rest_route=%2Fwp%2Fv2%2Ftags&post=14007"}],"curies":[{"name":"wp","href":"https:\/\/api.w.org\/{rel}","templated":true}]}}