{"id":14002,"date":"2022-02-24T11:47:02","date_gmt":"2022-02-24T14:47:02","guid":{"rendered":"https:\/\/radiorevelacionfm.cl\/?p=14002"},"modified":"2022-02-24T11:47:02","modified_gmt":"2022-02-24T14:47:02","slug":"reafirman-reserva-de-terreno-para-comites-del-megaproyecto-viviendas-en-altura-de-coyhaique","status":"publish","type":"post","link":"https:\/\/radiorevelacionfm.cl\/?p=14002","title":{"rendered":"Reafirman reserva de terreno para comit\u00e9s del megaproyecto \u201cviviendas en altura\u201d de Coyhaique"},"content":{"rendered":"<div class=\"flex_column av_one_full  flex_column_div av-zero-column-padding first  avia-builder-el-0  el_before_av_one_full  avia-builder-el-first  \" style='border-radius:0px; '><div  class='avia-image-container  av-styling-    avia-builder-el-1  avia-builder-el-no-sibling  avia-align-center '  itemprop=\"image\" itemscope=\"itemscope\" itemtype=\"https:\/\/schema.org\/ImageObject\"  ><div class='avia-image-container-inner'><div class='avia-image-overlay-wrap'><img decoding=\"async\" class='wp-image-14004 avia-img-lazy-loading-not-14004 avia_image' src=\"https:\/\/radiorevelacionfm.cl\/wp-content\/uploads\/2022\/02\/3-23-1_optimized.jpeg\" alt='' title='3-(23)-(1)_optimized' height=\"600\" width=\"915\"  itemprop=\"thumbnailUrl\" srcset=\"https:\/\/radiorevelacionfm.cl\/wp-content\/uploads\/2022\/02\/3-23-1_optimized.jpeg 915w, https:\/\/radiorevelacionfm.cl\/wp-content\/uploads\/2022\/02\/3-23-1_optimized-300x197.jpeg 300w, https:\/\/radiorevelacionfm.cl\/wp-content\/uploads\/2022\/02\/3-23-1_optimized-768x504.jpeg 768w, https:\/\/radiorevelacionfm.cl\/wp-content\/uploads\/2022\/02\/3-23-1_optimized-705x462.jpeg 705w, https:\/\/radiorevelacionfm.cl\/wp-content\/uploads\/2022\/02\/3-23-1_optimized-600x393.jpeg 600w\" sizes=\"(max-width: 915px) 100vw, 915px\" \/><\/div><\/div><\/div><\/div><div class=\"flex_column av_one_full  flex_column_div av-zero-column-padding first  avia-builder-el-2  el_after_av_one_full  el_before_av_one_full  column-top-margin\" style='border-radius:0px; '><section class=\"av_textblock_section \"  itemscope=\"itemscope\" itemtype=\"https:\/\/schema.org\/BlogPosting\" itemprop=\"blogPost\" ><div class='avia_textblock  '   itemprop=\"text\" ><p style=\"text-align: center;\"><strong><span style=\"font-size: 18pt;\">Reafirman reserva de terreno para comit\u00e9s del megaproyecto \u201cviviendas en altura\u201d de Coyhaique<\/span><\/strong><\/p>\n<div id=\"gtx-trans\" style=\"position: absolute; left: -50px; top: 4.31534px;\">\n<div class=\"gtx-trans-icon\"><\/div>\n<\/div>\n<\/div><\/section><\/div><div class=\"flex_column av_one_full  flex_column_div av-zero-column-padding first  avia-builder-el-4  el_after_av_one_full  el_before_av_hr  column-top-margin\" style='border-radius:0px; '><section class=\"av_textblock_section \"  itemscope=\"itemscope\" itemtype=\"https:\/\/schema.org\/BlogPosting\" itemprop=\"blogPost\" ><div class='avia_textblock  '   itemprop=\"text\" ><p style=\"text-align: justify;\">Durante la jornada de ayer, en dependencias de la Seremi de Vivienda de Ays\u00e9n se desarroll\u00f3 una reuni\u00f3n encabezada por el seremi Diego Silva Barrera, el diputado Ren\u00e9 Alinco Bustos y representantes de las cuatro directivas del megaproyecto de viviendas en altura de Coyhaique, comit\u00e9s: \u201cEsperanza de Ays\u00e9n\u201d, \u201cAntillal\u201d, \u201cAltos Patagonia\u201d y \u201cBrisa Austral\u201d. En la instancia, el jefe de la cartera de Vivienda en la regi\u00f3n hizo entrega de una Carta de Reserva de Terreno para estas organizaciones, a las que se les hizo entrega simb\u00f3lica de 5 hect\u00e1reas pertenecientes a la Chacra G2 de la capital regional.<\/p>\n<p style=\"text-align: justify;\">En dicho documento se detalla que del inmueble singularizado como Lote G2, el Servicio de Vivienda y Urbanizaci\u00f3n solicit\u00f3 ante el Ministerio de Bienes Nacionales, la superficie de 5 hect\u00e1reas, la cual se encuentra en tr\u00e1mite de escrituraci\u00f3n a favor del Serviu, el que una vez inscrito \u201cServiu se compromete a reservar para el desarrollo de los proyectos habitacionales para los comit\u00e9s de viviendas en altura\u2026\u201d, antes mencionados.<\/p>\n<p style=\"text-align: justify;\">En ese sentido, se recalca que el terreno para el proyecto apoyado desde un inicio por la oficina parlamentaria del diputado Ren\u00e9 Alinco Bustos, \u201cser\u00e1 puesto a disposici\u00f3n de los comit\u00e9s\u2026y la entrega del terreno se concretar\u00e1 solo una vez que los interesados (comit\u00e9s) den cuenta inmediata de iniciar faenas y del desarrollo de su proyecto, en la medida que se resuelva las necesidades habitacionales del grupo organizado que representa\u2026 El terreno ser\u00e1 transferido una vez que la Entidad Patrocinante contrate las obras para el proyecto y se cuente con capacidad inmediata de iniciar las faenas\u201d.<\/p>\n<p style=\"text-align: justify;\">Tras la importante reuni\u00f3n que reconfirma el camino a la obtenci\u00f3n de la vivienda propia, la dirigente del comit\u00e9 Antillal, Natalia Moreno, se mostr\u00f3 contenta por la entrega de este documento donde \u201cse ratifican los acuerdos que se hab\u00edan comprometido y bien todo lo que hemos avanzado con este trabajo de los cuatro comit\u00e9s. Se agradece la voluntad pol\u00edtica de las autoridades, de sentarse a conversar, de tener la disposici\u00f3n y tambi\u00e9n se agradece el apoyo de la oficina parlamentaria del diputado Alinco, esto es un gran avance y cada vez m\u00e1s nos compromete a seguir trabajando por este derecho a la vivienda, nuestra casa propia\u201d, afirm\u00f3 la dirigente, opini\u00f3n que comparti\u00f3 su par, H\u00e9ctor Santos del comit\u00e9 Esperanza de Ays\u00e9n, quien resalt\u00f3 la importancia del documento porque \u201cnos da las garant\u00edas necesarias para seguir trabajando en\u00e9rgicamente en este proyecto habitacional y sienta las bases de que independiente del gobierno de turno, tanto el Ministerio de Vivienda como el Estado, est\u00e1n apoyando este proyecto innovador que entregar\u00e1 una pol\u00edtica y soluci\u00f3n habitacional a las 800 familias que componen nuestros comit\u00e9s. De antemano agradecer el apoyo de don Ren\u00e9 Alinco y su equipo de trabajo, tambi\u00e9n el trabajo del Minvu que ha sido bastante bueno para en poco tiempo seguir avanzando a grandes pasos\u201d, expres\u00f3 el presidente de la organizaci\u00f3n.<\/p>\n<p style=\"text-align: justify;\">Por su parte, el parlamentario aysenino coment\u00f3 que la firma de este documento presentado por el seremi de Vivienda es \u201cmuy importante ya que esperamos que el futuro gobierno, seremi y ministro contin\u00faen con estas pol\u00edticas de construcci\u00f3n de casas dignas para los ayseninos\u201d, dijo el congresista, agregando que este es un proyecto piloto e innovador, \u201ccomit\u00e9s para los que ya se ha conseguido 5 hect\u00e1reas para departamentos en altura, porque junto con la vivienda agregamos lo siguiente, que los chilenos, especialmente los ayseninos necesitan casas dignas y ese es el objetivo de este proyecto piloto que esperamos se vaya concretando\u201d.<\/p>\n<p style=\"text-align: justify;\">Asimismo, Alinco tuvo palabras de agradecimiento para las autoridades comprometidas desde el minuto uno con este proyecto, entre ellos, el exministro de Vivienda, Cristian Monckeberg, consejeros regionales que estuvieron de acuerdo en incluir este proyecto en convenio de programaci\u00f3n con el Minvu, el entonces ministro de Bienes Nacionales, Felipe Ward,as\u00ed tambi\u00e9n \u201cagradecer al seremi porque mostr\u00f3 su voluntad y capacidad t\u00e9cnica junto con su equipo para dejar este proyecto pr\u00e1cticamente a punto. Yo espero que las pr\u00f3ximas autoridades sigan con esta misma voluntad pol\u00edtica para que todo ya se vaya materializando\u2026\u201d, expres\u00f3 el diputado.<\/p>\n<p style=\"text-align: justify;\">Es importante recordar que el terreno comprometido a estos cuatro comit\u00e9s de viviendas en altura, integrados por 800 familias, se encuentra ubicado en la Chacra G2 de la capital regional, donde se espera est\u00e9n emplazados edificios de cuatro pisos los que albergar\u00e1n departamentos dignos de aproximadamente 70 metros cuadrados, organizaciones que pronto iniciar\u00e1n trabajo con entidad patrocinante.<\/p>\n<\/div><\/section><\/div><div  style='height:50px' class='hr hr-invisible   avia-builder-el-6  el_after_av_one_full  el_before_av_social_share '><span class='hr-inner ' ><span class='hr-inner-style'><\/span><\/span><\/div><\/p>\n<div  class='av-social-sharing-box  avia-builder-el-7  el_after_av_hr  el_before_av_hr  '><div class='av-share-box'><h5 class='av-share-link-description av-no-toc '>Compartir esta noticia<\/h5><ul class='av-share-box-list noLightbox'><li class='av-share-link av-social-link-facebook' ><a target=\"_blank\" aria-label=\"Compartir en Facebook\" href='https:\/\/www.facebook.com\/sharer.php?u=https:\/\/radiorevelacionfm.cl\/?p=14002&#038;t=Reafirman%20reserva%20de%20terreno%20para%20comit%C3%A9s%20del%20megaproyecto%20%E2%80%9Cviviendas%20en%20altura%E2%80%9D%20de%20Coyhaique' aria-hidden='false' data-av_icon='\ue8f3' data-av_iconfont='entypo-fontello' title='' data-avia-related-tooltip='Compartir en Facebook' rel=\"noopener\"><span class='avia_hidden_link_text'>Compartir en Facebook<\/span><\/a><\/li><li class='av-share-link av-social-link-twitter' ><a target=\"_blank\" aria-label=\"Compartir en Twitter\" href='https:\/\/twitter.com\/share?text=Reafirman%20reserva%20de%20terreno%20para%20comit%C3%A9s%20del%20megaproyecto%20%E2%80%9Cviviendas%20en%20altura%E2%80%9D%20de%20Coyhaique&#038;url=https:\/\/radiorevelacionfm.cl\/?p=14002' aria-hidden='false' data-av_icon='\ue8f1' data-av_iconfont='entypo-fontello' title='' data-avia-related-tooltip='Compartir en Twitter' rel=\"noopener\"><span class='avia_hidden_link_text'>Compartir en Twitter<\/span><\/a><\/li><li class='av-share-link av-social-link-whatsapp' ><a target=\"_blank\" aria-label=\"Compartir en Whatsapp\" href='https:\/\/api.whatsapp.com\/send?text=https:\/\/radiorevelacionfm.cl\/?p=14002' aria-hidden='false' data-av_icon='\uf232' data-av_iconfont='entypo-fontello' title='' data-avia-related-tooltip='Compartir en Whatsapp' rel=\"noopener\"><span class='avia_hidden_link_text'>Compartir en Whatsapp<\/span><\/a><\/li><li class='av-share-link av-social-link-linkedin' ><a target=\"_blank\" aria-label=\"Compartir en LinkedIn\" href='https:\/\/linkedin.com\/shareArticle?mini=true&#038;title=Reafirman%20reserva%20de%20terreno%20para%20comit%C3%A9s%20del%20megaproyecto%20%E2%80%9Cviviendas%20en%20altura%E2%80%9D%20de%20Coyhaique&#038;url=https:\/\/radiorevelacionfm.cl\/?p=14002' aria-hidden='false' data-av_icon='\ue8fc' data-av_iconfont='entypo-fontello' title='' data-avia-related-tooltip='Compartir en LinkedIn' rel=\"noopener\"><span class='avia_hidden_link_text'>Compartir en LinkedIn<\/span><\/a><\/li><li class='av-share-link av-social-link-mail' ><a  aria-label=\"Compartir por correo\" href='mailto:?subject=Reafirman%20reserva%20de%20terreno%20para%20comit%C3%A9s%20del%20megaproyecto%20%E2%80%9Cviviendas%20en%20altura%E2%80%9D%20de%20Coyhaique&#038;body=https:\/\/radiorevelacionfm.cl\/?p=14002' aria-hidden='false' data-av_icon='\ue805' data-av_iconfont='entypo-fontello' title='' data-avia-related-tooltip='Compartir por correo'><span class='avia_hidden_link_text'>Compartir por correo<\/span><\/a><\/li><\/ul><\/div><\/div>\n<div  style='height:50px' class='hr hr-invisible   avia-builder-el-8  el_after_av_social_share  el_before_av_comments_list '><span class='hr-inner ' ><span class='hr-inner-style'><\/span><\/span><\/div>\n<div  class='av-buildercomment  av-blog-meta-html-info-disabled av-blog-meta-tag-disabled  '><\/div>\n","protected":false},"excerpt":{"rendered":"","protected":false},"author":1,"featured_media":14004,"comment_status":"open","ping_status":"open","sticky":false,"template":"","format":"standard","meta":{"footnotes":""},"categories":[57],"tags":[],"class_list":["post-14002","post","type-post","status-publish","format-standard","has-post-thumbnail","hentry","category-vivienda"],"jetpack_featured_media_url":"https:\/\/radiorevelacionfm.cl\/wp-content\/uploads\/2022\/02\/3-23-1_optimized.jpeg","_links":{"self":[{"href":"https:\/\/radiorevelacionfm.cl\/index.php?rest_route=\/wp\/v2\/posts\/14002","targetHints":{"allow":["GET"]}}],"collection":[{"href":"https:\/\/radiorevelacionfm.cl\/index.php?rest_route=\/wp\/v2\/posts"}],"about":[{"href":"https:\/\/radiorevelacionfm.cl\/index.php?rest_route=\/wp\/v2\/types\/post"}],"author":[{"embeddable":true,"href":"https:\/\/radiorevelacionfm.cl\/index.php?rest_route=\/wp\/v2\/users\/1"}],"replies":[{"embeddable":true,"href":"https:\/\/radiorevelacionfm.cl\/index.php?rest_route=%2Fwp%2Fv2%2Fcomments&post=14002"}],"version-history":[{"count":2,"href":"https:\/\/radiorevelacionfm.cl\/index.php?rest_route=\/wp\/v2\/posts\/14002\/revisions"}],"predecessor-version":[{"id":14006,"href":"https:\/\/radiorevelacionfm.cl\/index.php?rest_route=\/wp\/v2\/posts\/14002\/revisions\/14006"}],"wp:featuredmedia":[{"embeddable":true,"href":"https:\/\/radiorevelacionfm.cl\/index.php?rest_route=\/wp\/v2\/media\/14004"}],"wp:attachment":[{"href":"https:\/\/radiorevelacionfm.cl\/index.php?rest_route=%2Fwp%2Fv2%2Fmedia&parent=14002"}],"wp:term":[{"taxonomy":"category","embeddable":true,"href":"https:\/\/radiorevelacionfm.cl\/index.php?rest_route=%2Fwp%2Fv2%2Fcategories&post=14002"},{"taxonomy":"post_tag","embeddable":true,"href":"https:\/\/radiorevelacionfm.cl\/index.php?rest_route=%2Fwp%2Fv2%2Ftags&post=14002"}],"curies":[{"name":"wp","href":"https:\/\/api.w.org\/{rel}","templated":true}]}}