{"id":13997,"date":"2022-02-24T10:01:47","date_gmt":"2022-02-24T13:01:47","guid":{"rendered":"https:\/\/radiorevelacionfm.cl\/?p=13997"},"modified":"2022-02-24T10:01:47","modified_gmt":"2022-02-24T13:01:47","slug":"conaf-reitera-llamado-a-la-prohibicion-de-quema-de-pastizales","status":"publish","type":"post","link":"https:\/\/radiorevelacionfm.cl\/?p=13997","title":{"rendered":"CONAF reitera llamado a la prohibici\u00f3n de quema de pastizales"},"content":{"rendered":"<div class=\"flex_column av_one_full  flex_column_div av-zero-column-padding first  avia-builder-el-0  el_before_av_one_full  avia-builder-el-first  \" style='border-radius:0px; '><div  class='avia-image-container  av-styling-    avia-builder-el-1  avia-builder-el-no-sibling  avia-align-center '  itemprop=\"image\" itemscope=\"itemscope\" itemtype=\"https:\/\/schema.org\/ImageObject\"  ><div class='avia-image-container-inner'><div class='avia-image-overlay-wrap'><img decoding=\"async\" class='wp-image-13998 avia-img-lazy-loading-not-13998 avia_image' src=\"https:\/\/radiorevelacionfm.cl\/wp-content\/uploads\/2022\/02\/incendio-forestal-1-1_optimized.jpg\" alt='' title='incendio-forestal-1-(1)_optimized' height=\"600\" width=\"880\"  itemprop=\"thumbnailUrl\" srcset=\"https:\/\/radiorevelacionfm.cl\/wp-content\/uploads\/2022\/02\/incendio-forestal-1-1_optimized.jpg 880w, https:\/\/radiorevelacionfm.cl\/wp-content\/uploads\/2022\/02\/incendio-forestal-1-1_optimized-300x205.jpg 300w, https:\/\/radiorevelacionfm.cl\/wp-content\/uploads\/2022\/02\/incendio-forestal-1-1_optimized-768x524.jpg 768w, https:\/\/radiorevelacionfm.cl\/wp-content\/uploads\/2022\/02\/incendio-forestal-1-1_optimized-705x481.jpg 705w, https:\/\/radiorevelacionfm.cl\/wp-content\/uploads\/2022\/02\/incendio-forestal-1-1_optimized-600x409.jpg 600w\" sizes=\"(max-width: 880px) 100vw, 880px\" \/><\/div><\/div><\/div><\/div><div class=\"flex_column av_one_full  flex_column_div av-zero-column-padding first  avia-builder-el-2  el_after_av_one_full  el_before_av_one_full  column-top-margin\" style='border-radius:0px; '><section class=\"av_textblock_section \"  itemscope=\"itemscope\" itemtype=\"https:\/\/schema.org\/BlogPosting\" itemprop=\"blogPost\" ><div class='avia_textblock  '   itemprop=\"text\" ><p style=\"text-align: center;\"><strong><span style=\"font-size: 18pt;\">CONAF reitera llamado a la prohibici\u00f3n de quema de pastizales<\/span><\/strong><\/p>\n<div id=\"gtx-trans\" style=\"position: absolute; left: -50px; top: 4.31534px;\">\n<div class=\"gtx-trans-icon\"><\/div>\n<\/div>\n<\/div><\/section><\/div><div class=\"flex_column av_one_full  flex_column_div av-zero-column-padding first  avia-builder-el-4  el_after_av_one_full  el_before_av_hr  column-top-margin\" style='border-radius:0px; '><section class=\"av_textblock_section \"  itemscope=\"itemscope\" itemtype=\"https:\/\/schema.org\/BlogPosting\" itemprop=\"blogPost\" ><div class='avia_textblock  '   itemprop=\"text\" ><p style=\"text-align: justify;\">Producto de las altas temperaturas desde diciembre que CONAF prohibi\u00f3 quema de pastizales.<\/p>\n<p style=\"text-align: justify;\">En las \u00faltimas semanas la regi\u00f3n y particularmente en la comuna de Ays\u00e9n han predominado las altas temperaturas, ante esto el Jefe Provincial de CONAF en Ays\u00e9n Erwin Toledo hizo un llamado a los vecinos y vecinas a que se abstengan de realizar alg\u00fan tipo de quema y que tambi\u00e9n tengan cuidado al momento de manipular alg\u00fan elemento que pueda propiciar alg\u00fan incendio forestal \u201cA contar de diciembre en la provincia de Ays\u00e9n est\u00e1n prohibidas las quemas durante toda la temporada estival (diciembre-enero y febrero), reci\u00e9n en marzo se abre nuevamente el calendario para avisos de quema, el llamado a la comunidad es siempre a la prevenci\u00f3n, porque es tarea de todos y lo importante aqu\u00ed es que tengamos la conciencia que hacer una quema no autorizada es un delito, est\u00e1 penado por ley y por supuesto si esto se escapa de las manos y pasa a un incendio forestal es mucho m\u00e1s perjudicial\u201d.<\/p>\n<p style=\"text-align: justify;\">Sobre c\u00f3mo se genera esta resoluci\u00f3n de prohibici\u00f3n de quema de pastizales Toledo agregaba \u201cLa verdad que nosotros como CONAF hacemos un pron\u00f3stico a\u00f1o tras a\u00f1o de las condiciones clim\u00e1ticas, donde cada provincia tiene condiciones completamente distintas, por ejemplo en la provincia de Coyhaique desde el mes de octubre que tienen aviso de prohibici\u00f3n de quemas y tambi\u00e9n hasta marzo, as\u00ed a nivel nacional, esto se va proyectando donde vemos d\u00eda a d\u00eda en conjunto con otras instituciones, el calendario ya se defini\u00f3 hasta fines de febrero\u201d.<\/p>\n<p style=\"text-align: justify;\">Junto con esto se hace un llamado a la comunidad en caso que vea alguna situaci\u00f3n que pueda generar alguna emergencia a utilizar el fono de emergencia de CONAF 130.<\/p>\n<\/div><\/section><\/div><div  style='height:50px' class='hr hr-invisible   avia-builder-el-6  el_after_av_one_full  el_before_av_social_share '><span class='hr-inner ' ><span class='hr-inner-style'><\/span><\/span><\/div><\/p>\n<div  class='av-social-sharing-box  avia-builder-el-7  el_after_av_hr  el_before_av_hr  '><div class='av-share-box'><h5 class='av-share-link-description av-no-toc '>Compartir esta noticia<\/h5><ul class='av-share-box-list noLightbox'><li class='av-share-link av-social-link-facebook' ><a target=\"_blank\" aria-label=\"Compartir en Facebook\" href='https:\/\/www.facebook.com\/sharer.php?u=https:\/\/radiorevelacionfm.cl\/?p=13997&#038;t=CONAF%20reitera%20llamado%20a%20la%20prohibici%C3%B3n%20de%20quema%20de%20pastizales' aria-hidden='false' data-av_icon='\ue8f3' data-av_iconfont='entypo-fontello' title='' data-avia-related-tooltip='Compartir en Facebook' rel=\"noopener\"><span class='avia_hidden_link_text'>Compartir en Facebook<\/span><\/a><\/li><li class='av-share-link av-social-link-twitter' ><a target=\"_blank\" aria-label=\"Compartir en Twitter\" href='https:\/\/twitter.com\/share?text=CONAF%20reitera%20llamado%20a%20la%20prohibici%C3%B3n%20de%20quema%20de%20pastizales&#038;url=https:\/\/radiorevelacionfm.cl\/?p=13997' aria-hidden='false' data-av_icon='\ue8f1' data-av_iconfont='entypo-fontello' title='' data-avia-related-tooltip='Compartir en Twitter' rel=\"noopener\"><span class='avia_hidden_link_text'>Compartir en Twitter<\/span><\/a><\/li><li class='av-share-link av-social-link-whatsapp' ><a target=\"_blank\" aria-label=\"Compartir en Whatsapp\" href='https:\/\/api.whatsapp.com\/send?text=https:\/\/radiorevelacionfm.cl\/?p=13997' aria-hidden='false' data-av_icon='\uf232' data-av_iconfont='entypo-fontello' title='' data-avia-related-tooltip='Compartir en Whatsapp' rel=\"noopener\"><span class='avia_hidden_link_text'>Compartir en Whatsapp<\/span><\/a><\/li><li class='av-share-link av-social-link-linkedin' ><a target=\"_blank\" aria-label=\"Compartir en LinkedIn\" href='https:\/\/linkedin.com\/shareArticle?mini=true&#038;title=CONAF%20reitera%20llamado%20a%20la%20prohibici%C3%B3n%20de%20quema%20de%20pastizales&#038;url=https:\/\/radiorevelacionfm.cl\/?p=13997' aria-hidden='false' data-av_icon='\ue8fc' data-av_iconfont='entypo-fontello' title='' data-avia-related-tooltip='Compartir en LinkedIn' rel=\"noopener\"><span class='avia_hidden_link_text'>Compartir en LinkedIn<\/span><\/a><\/li><li class='av-share-link av-social-link-mail' ><a  aria-label=\"Compartir por correo\" href='mailto:?subject=CONAF%20reitera%20llamado%20a%20la%20prohibici%C3%B3n%20de%20quema%20de%20pastizales&#038;body=https:\/\/radiorevelacionfm.cl\/?p=13997' aria-hidden='false' data-av_icon='\ue805' data-av_iconfont='entypo-fontello' title='' data-avia-related-tooltip='Compartir por correo'><span class='avia_hidden_link_text'>Compartir por correo<\/span><\/a><\/li><\/ul><\/div><\/div>\n<div  style='height:50px' class='hr hr-invisible   avia-builder-el-8  el_after_av_social_share  el_before_av_comments_list '><span class='hr-inner ' ><span class='hr-inner-style'><\/span><\/span><\/div>\n<div  class='av-buildercomment  av-blog-meta-html-info-disabled av-blog-meta-tag-disabled  '><\/div>\n","protected":false},"excerpt":{"rendered":"","protected":false},"author":1,"featured_media":13998,"comment_status":"open","ping_status":"open","sticky":false,"template":"","format":"standard","meta":{"footnotes":""},"categories":[38],"tags":[],"class_list":["post-13997","post","type-post","status-publish","format-standard","has-post-thumbnail","hentry","category-regional"],"jetpack_featured_media_url":"https:\/\/radiorevelacionfm.cl\/wp-content\/uploads\/2022\/02\/incendio-forestal-1-1_optimized.jpg","_links":{"self":[{"href":"https:\/\/radiorevelacionfm.cl\/index.php?rest_route=\/wp\/v2\/posts\/13997","targetHints":{"allow":["GET"]}}],"collection":[{"href":"https:\/\/radiorevelacionfm.cl\/index.php?rest_route=\/wp\/v2\/posts"}],"about":[{"href":"https:\/\/radiorevelacionfm.cl\/index.php?rest_route=\/wp\/v2\/types\/post"}],"author":[{"embeddable":true,"href":"https:\/\/radiorevelacionfm.cl\/index.php?rest_route=\/wp\/v2\/users\/1"}],"replies":[{"embeddable":true,"href":"https:\/\/radiorevelacionfm.cl\/index.php?rest_route=%2Fwp%2Fv2%2Fcomments&post=13997"}],"version-history":[{"count":2,"href":"https:\/\/radiorevelacionfm.cl\/index.php?rest_route=\/wp\/v2\/posts\/13997\/revisions"}],"predecessor-version":[{"id":14001,"href":"https:\/\/radiorevelacionfm.cl\/index.php?rest_route=\/wp\/v2\/posts\/13997\/revisions\/14001"}],"wp:featuredmedia":[{"embeddable":true,"href":"https:\/\/radiorevelacionfm.cl\/index.php?rest_route=\/wp\/v2\/media\/13998"}],"wp:attachment":[{"href":"https:\/\/radiorevelacionfm.cl\/index.php?rest_route=%2Fwp%2Fv2%2Fmedia&parent=13997"}],"wp:term":[{"taxonomy":"category","embeddable":true,"href":"https:\/\/radiorevelacionfm.cl\/index.php?rest_route=%2Fwp%2Fv2%2Fcategories&post=13997"},{"taxonomy":"post_tag","embeddable":true,"href":"https:\/\/radiorevelacionfm.cl\/index.php?rest_route=%2Fwp%2Fv2%2Ftags&post=13997"}],"curies":[{"name":"wp","href":"https:\/\/api.w.org\/{rel}","templated":true}]}}