{"id":13993,"date":"2022-02-24T09:12:07","date_gmt":"2022-02-24T12:12:07","guid":{"rendered":"https:\/\/radiorevelacionfm.cl\/?p=13993"},"modified":"2022-02-24T09:12:07","modified_gmt":"2022-02-24T12:12:07","slug":"alcalde-carlos-gatica-necesitamos-mejorar-la-conectividad-entre-las-localidades-y-la-capital-regional-hay-obras-abandonadas","status":"publish","type":"post","link":"https:\/\/radiorevelacionfm.cl\/?p=13993","title":{"rendered":"Alcalde Carlos Gatica: \u201cNecesitamos mejorar la conectividad entre las localidades y la capital regional, hay obras abandonadas"},"content":{"rendered":"<div class=\"flex_column av_one_full  flex_column_div av-zero-column-padding first  avia-builder-el-0  el_before_av_one_full  avia-builder-el-first  \" style='border-radius:0px; '><div  class='avia-image-container  av-styling-    avia-builder-el-1  avia-builder-el-no-sibling  avia-align-center '  itemprop=\"image\" itemscope=\"itemscope\" itemtype=\"https:\/\/schema.org\/ImageObject\"  ><div class='avia-image-container-inner'><div class='avia-image-overlay-wrap'><img decoding=\"async\" class='wp-image-13994 avia-img-lazy-loading-not-13994 avia_image' src=\"https:\/\/radiorevelacionfm.cl\/wp-content\/uploads\/2022\/02\/image-14-1.jpg\" alt='' title='image (14) (1)' height=\"600\" width=\"833\"  itemprop=\"thumbnailUrl\" srcset=\"https:\/\/radiorevelacionfm.cl\/wp-content\/uploads\/2022\/02\/image-14-1.jpg 833w, https:\/\/radiorevelacionfm.cl\/wp-content\/uploads\/2022\/02\/image-14-1-300x216.jpg 300w, https:\/\/radiorevelacionfm.cl\/wp-content\/uploads\/2022\/02\/image-14-1-768x553.jpg 768w, https:\/\/radiorevelacionfm.cl\/wp-content\/uploads\/2022\/02\/image-14-1-705x508.jpg 705w, https:\/\/radiorevelacionfm.cl\/wp-content\/uploads\/2022\/02\/image-14-1-600x432.jpg 600w\" sizes=\"(max-width: 833px) 100vw, 833px\" \/><\/div><\/div><\/div><\/div><div class=\"flex_column av_one_full  flex_column_div av-zero-column-padding first  avia-builder-el-2  el_after_av_one_full  el_before_av_one_full  column-top-margin\" style='border-radius:0px; '><section class=\"av_textblock_section \"  itemscope=\"itemscope\" itemtype=\"https:\/\/schema.org\/BlogPosting\" itemprop=\"blogPost\" ><div class='avia_textblock  '   itemprop=\"text\" ><p style=\"text-align: center;\"><span style=\"font-size: 18pt;\"><strong>Alcalde Carlos Gatica: \u201cNecesitamos mejorar la conectividad entre las localidades y la capital regional, hay obras abandonadas<\/strong><\/span><\/p>\n<div id=\"gtx-trans\" style=\"position: absolute; left: -50px; top: 4.31534px;\">\n<div class=\"gtx-trans-icon\"><\/div>\n<\/div>\n<\/div><\/section><\/div><div class=\"flex_column av_one_full  flex_column_div av-zero-column-padding first  avia-builder-el-4  el_after_av_one_full  el_before_av_hr  column-top-margin\" style='border-radius:0px; '><section class=\"av_textblock_section \"  itemscope=\"itemscope\" itemtype=\"https:\/\/schema.org\/BlogPosting\" itemprop=\"blogPost\" ><div class='avia_textblock  '   itemprop=\"text\" ><p style=\"text-align: justify;\">Con gran preocupaci\u00f3n, el alcalde Carlos Gatica, hizo un llamado a las autoridades responsables por las malas condiciones de la pasarela \u201cPiedra del Indio\u201d, ubicada en la ciudad de Coyhaique, debido a que por m\u00e1s de un a\u00f1o el tr\u00e1nsito vehicular ha tenido que ser suspendido. Recordar que el pasado 10 de septiembre del a\u00f1o 2020, el puente sufri\u00f3 un quiebre en uno de sus pernos, y hoy no muestra ning\u00fan avance en su reparaci\u00f3n.<\/p>\n<div class=\"code-block code-block-6\" style=\"text-align: justify;\">\n<div id=\"Inread\">\u201cManifestamos nuestra preocupaci\u00f3n por el estado de la pasarela \u201cPiedra del Indio\u201d que permite la conexi\u00f3n entre la ciudad de Coyhaique con el sector El Claro, Panguilemu, Lago Atravesado, Cerro Huemules, entre otros. El puente claramente se encuentra clausurado, y es por eso que esperamos y hacemos un llamado a las autoridades a que puedan desarrollar obras de conectividad entre los sectores aleda\u00f1os y la capital regional, (\u2026) y necesitamos v\u00edas de urgencias por donde los vecinos pueda llegar r\u00e1pidamente a la comuna,\u201d manifest\u00f3 Gatica.<\/div>\n<\/div>\n<div class=\"code-block code-block-4\" style=\"text-align: justify;\">\n<div><\/div>\n<div id=\"300x250-B\">Cabe mencionar que el puente permanece solo para tr\u00e1nsito peatonal, situaci\u00f3n que complica a los residentes, debido a que ante la imposibilidad de usarlo, deben recurrir al camino que conduce al aer\u00f3dromo Teniente Vidal o bien hacerlo por la pasarela \u201cPinuer\u201d, otra plataforma que tambi\u00e9n se vio afectada por una p\u00e9ndola.<\/div>\n<div><\/div>\n<\/div>\n<p style=\"text-align: justify;\"><strong><u>M\u00c1S DE DOS A\u00d1OS DEL INICIO DE LA OBRA DEL PUENTE A LA SALIDA NORTE DE COYHAIQUE<\/u><\/strong><\/p>\n<p style=\"text-align: justify;\">En esa misma l\u00ednea la autoridad comunal, se refiri\u00f3 a la obra abandonada del puente \u00a0en construcci\u00f3n sobre el r\u00edo Coyhaique, a la salida norte de la ciudad, que conecta con la comuna de Puerto Ays\u00e9n, trabajos sin t\u00e9rmino por parte de la empresa a cargo.<\/p>\n<p style=\"text-align: justify;\">\u201cNos preocupa ver el estado de abandono de la obra que est\u00e1 por m\u00e1s de dos a\u00f1os, una licitaci\u00f3n desarrollada por el Ministerio de Obras P\u00fablicas, y en donde no hemos visto avances; son trabajos dejados que no solo perjudican en lo tur\u00edstico, sino en la seguridad vial, porque hay sectores en donde el pavimento no se ha desarrollado y tambi\u00e9n hay se\u00f1al\u00e9tica da\u00f1adas\u201d, se\u00f1al\u00f3 el edil.<\/p>\n<p style=\"text-align: justify;\">El alcalde tambi\u00e9n agreg\u00f3 \u201cla millonaria inversi\u00f3n que se hizo en la construcci\u00f3n de este puente est\u00e1 inm\u00f3vil, y eso afecta claramente a todos nuestros vecinos y vecinas; adem\u00e1s el ministerio hace dos a\u00f1os no ha realizado ninguna acci\u00f3n y eso nos preocupa, por eso, hacemos el llamado a que esto se desarrolle, a que funcione r\u00e1pidamente una nueva licitaci\u00f3n para terminar la obra, porque es necesario tener un acceso como corresponde y necesitamos mejorar la conectividad entre las localidades y la capital regional, hay obras abandonadas en la comuna\u201d, concluy\u00f3 el alcalde Carlos Gatica.<\/p>\n<\/div><\/section><\/div><div  style='height:50px' class='hr hr-invisible   avia-builder-el-6  el_after_av_one_full  el_before_av_social_share '><span class='hr-inner ' ><span class='hr-inner-style'><\/span><\/span><\/div><\/p>\n<div  class='av-social-sharing-box  avia-builder-el-7  el_after_av_hr  el_before_av_hr  '><div class='av-share-box'><h5 class='av-share-link-description av-no-toc '>Compartir esta noticia<\/h5><ul class='av-share-box-list noLightbox'><li class='av-share-link av-social-link-facebook' ><a target=\"_blank\" aria-label=\"Compartir en Facebook\" href='https:\/\/www.facebook.com\/sharer.php?u=https:\/\/radiorevelacionfm.cl\/?p=13993&#038;t=Alcalde%20Carlos%20Gatica%3A%20%E2%80%9CNecesitamos%20mejorar%20la%20conectividad%20entre%20las%20localidades%20y%20la%20capital%20regional%2C%20hay%20obras%20abandonadas' aria-hidden='false' data-av_icon='\ue8f3' data-av_iconfont='entypo-fontello' title='' data-avia-related-tooltip='Compartir en Facebook' rel=\"noopener\"><span class='avia_hidden_link_text'>Compartir en Facebook<\/span><\/a><\/li><li class='av-share-link av-social-link-twitter' ><a target=\"_blank\" aria-label=\"Compartir en Twitter\" href='https:\/\/twitter.com\/share?text=Alcalde%20Carlos%20Gatica%3A%20%E2%80%9CNecesitamos%20mejorar%20la%20conectividad%20entre%20las%20localidades%20y%20la%20capital%20regional%2C%20hay%20obras%20abandonadas&#038;url=https:\/\/radiorevelacionfm.cl\/?p=13993' aria-hidden='false' data-av_icon='\ue8f1' data-av_iconfont='entypo-fontello' title='' data-avia-related-tooltip='Compartir en Twitter' rel=\"noopener\"><span class='avia_hidden_link_text'>Compartir en Twitter<\/span><\/a><\/li><li class='av-share-link av-social-link-whatsapp' ><a target=\"_blank\" aria-label=\"Compartir en Whatsapp\" href='https:\/\/api.whatsapp.com\/send?text=https:\/\/radiorevelacionfm.cl\/?p=13993' aria-hidden='false' data-av_icon='\uf232' data-av_iconfont='entypo-fontello' title='' data-avia-related-tooltip='Compartir en Whatsapp' rel=\"noopener\"><span class='avia_hidden_link_text'>Compartir en Whatsapp<\/span><\/a><\/li><li class='av-share-link av-social-link-linkedin' ><a target=\"_blank\" aria-label=\"Compartir en LinkedIn\" href='https:\/\/linkedin.com\/shareArticle?mini=true&#038;title=Alcalde%20Carlos%20Gatica%3A%20%E2%80%9CNecesitamos%20mejorar%20la%20conectividad%20entre%20las%20localidades%20y%20la%20capital%20regional%2C%20hay%20obras%20abandonadas&#038;url=https:\/\/radiorevelacionfm.cl\/?p=13993' aria-hidden='false' data-av_icon='\ue8fc' data-av_iconfont='entypo-fontello' title='' data-avia-related-tooltip='Compartir en LinkedIn' rel=\"noopener\"><span class='avia_hidden_link_text'>Compartir en LinkedIn<\/span><\/a><\/li><li class='av-share-link av-social-link-mail' ><a  aria-label=\"Compartir por correo\" href='mailto:?subject=Alcalde%20Carlos%20Gatica%3A%20%E2%80%9CNecesitamos%20mejorar%20la%20conectividad%20entre%20las%20localidades%20y%20la%20capital%20regional%2C%20hay%20obras%20abandonadas&#038;body=https:\/\/radiorevelacionfm.cl\/?p=13993' aria-hidden='false' data-av_icon='\ue805' data-av_iconfont='entypo-fontello' title='' data-avia-related-tooltip='Compartir por correo'><span class='avia_hidden_link_text'>Compartir por correo<\/span><\/a><\/li><\/ul><\/div><\/div>\n<div  style='height:50px' class='hr hr-invisible   avia-builder-el-8  el_after_av_social_share  el_before_av_comments_list '><span class='hr-inner ' ><span class='hr-inner-style'><\/span><\/span><\/div>\n<div  class='av-buildercomment  av-blog-meta-html-info-disabled av-blog-meta-tag-disabled  '><\/div>\n","protected":false},"excerpt":{"rendered":"","protected":false},"author":1,"featured_media":13995,"comment_status":"open","ping_status":"open","sticky":false,"template":"","format":"standard","meta":{"footnotes":""},"categories":[38],"tags":[],"class_list":["post-13993","post","type-post","status-publish","format-standard","has-post-thumbnail","hentry","category-regional"],"jetpack_featured_media_url":"https:\/\/radiorevelacionfm.cl\/wp-content\/uploads\/2022\/02\/alcalde-coyhaique2-1_optimized.jpg","_links":{"self":[{"href":"https:\/\/radiorevelacionfm.cl\/index.php?rest_route=\/wp\/v2\/posts\/13993","targetHints":{"allow":["GET"]}}],"collection":[{"href":"https:\/\/radiorevelacionfm.cl\/index.php?rest_route=\/wp\/v2\/posts"}],"about":[{"href":"https:\/\/radiorevelacionfm.cl\/index.php?rest_route=\/wp\/v2\/types\/post"}],"author":[{"embeddable":true,"href":"https:\/\/radiorevelacionfm.cl\/index.php?rest_route=\/wp\/v2\/users\/1"}],"replies":[{"embeddable":true,"href":"https:\/\/radiorevelacionfm.cl\/index.php?rest_route=%2Fwp%2Fv2%2Fcomments&post=13993"}],"version-history":[{"count":2,"href":"https:\/\/radiorevelacionfm.cl\/index.php?rest_route=\/wp\/v2\/posts\/13993\/revisions"}],"predecessor-version":[{"id":14000,"href":"https:\/\/radiorevelacionfm.cl\/index.php?rest_route=\/wp\/v2\/posts\/13993\/revisions\/14000"}],"wp:featuredmedia":[{"embeddable":true,"href":"https:\/\/radiorevelacionfm.cl\/index.php?rest_route=\/wp\/v2\/media\/13995"}],"wp:attachment":[{"href":"https:\/\/radiorevelacionfm.cl\/index.php?rest_route=%2Fwp%2Fv2%2Fmedia&parent=13993"}],"wp:term":[{"taxonomy":"category","embeddable":true,"href":"https:\/\/radiorevelacionfm.cl\/index.php?rest_route=%2Fwp%2Fv2%2Fcategories&post=13993"},{"taxonomy":"post_tag","embeddable":true,"href":"https:\/\/radiorevelacionfm.cl\/index.php?rest_route=%2Fwp%2Fv2%2Ftags&post=13993"}],"curies":[{"name":"wp","href":"https:\/\/api.w.org\/{rel}","templated":true}]}}