{"id":13979,"date":"2022-02-23T16:18:11","date_gmt":"2022-02-23T19:18:11","guid":{"rendered":"https:\/\/radiorevelacionfm.cl\/?p=13979"},"modified":"2022-02-23T16:18:11","modified_gmt":"2022-02-23T19:18:11","slug":"cecilia-haro-contreras-pesar-en-bomberos-de-chile-por-la-partida-de-la-primera-presidenta-regional-de-la-institucion","status":"publish","type":"post","link":"https:\/\/radiorevelacionfm.cl\/?p=13979","title":{"rendered":"Cecilia Haro Contreras: Pesar en Bomberos de Chile por la partida de la primera presidenta regional de la instituci\u00f3n"},"content":{"rendered":"<div class=\"flex_column av_one_full  flex_column_div av-zero-column-padding first  avia-builder-el-0  el_before_av_one_full  avia-builder-el-first  \" style='border-radius:0px; '><div  class='avia-image-container  av-styling-    avia-builder-el-1  avia-builder-el-no-sibling  avia-align-center '  itemprop=\"image\" itemscope=\"itemscope\" itemtype=\"https:\/\/schema.org\/ImageObject\"  ><div class='avia-image-container-inner'><div class='avia-image-overlay-wrap'><img decoding=\"async\" class='wp-image-13980 avia-img-lazy-loading-not-13980 avia_image' src=\"https:\/\/radiorevelacionfm.cl\/wp-content\/uploads\/2022\/02\/image-12-1.jpg\" alt='' title='image (12) (1)' height=\"600\" width=\"839\"  itemprop=\"thumbnailUrl\" srcset=\"https:\/\/radiorevelacionfm.cl\/wp-content\/uploads\/2022\/02\/image-12-1.jpg 839w, https:\/\/radiorevelacionfm.cl\/wp-content\/uploads\/2022\/02\/image-12-1-300x215.jpg 300w, https:\/\/radiorevelacionfm.cl\/wp-content\/uploads\/2022\/02\/image-12-1-768x549.jpg 768w, https:\/\/radiorevelacionfm.cl\/wp-content\/uploads\/2022\/02\/image-12-1-260x185.jpg 260w, https:\/\/radiorevelacionfm.cl\/wp-content\/uploads\/2022\/02\/image-12-1-705x504.jpg 705w, https:\/\/radiorevelacionfm.cl\/wp-content\/uploads\/2022\/02\/image-12-1-600x429.jpg 600w\" sizes=\"(max-width: 839px) 100vw, 839px\" \/><\/div><\/div><\/div><\/div><div class=\"flex_column av_one_full  flex_column_div av-zero-column-padding first  avia-builder-el-2  el_after_av_one_full  el_before_av_one_full  column-top-margin\" style='border-radius:0px; '><section class=\"av_textblock_section \"  itemscope=\"itemscope\" itemtype=\"https:\/\/schema.org\/BlogPosting\" itemprop=\"blogPost\" ><div class='avia_textblock  '   itemprop=\"text\" ><p style=\"text-align: center;\"><span style=\"font-size: 18pt;\"><strong>Cecilia Haro Contreras: Pesar en Bomberos de Chile por la partida de la primera presidenta regional de la instituci\u00f3n<\/strong><\/span><\/p>\n<div id=\"gtx-trans\" style=\"position: absolute; left: -50px; top: 4.31534px;\">\n<div class=\"gtx-trans-icon\"><\/div>\n<\/div>\n<\/div><\/section><\/div><div class=\"flex_column av_one_full  flex_column_div av-zero-column-padding first  avia-builder-el-4  el_after_av_one_full  el_before_av_hr  column-top-margin\" style='border-radius:0px; '><section class=\"av_textblock_section \"  itemscope=\"itemscope\" itemtype=\"https:\/\/schema.org\/BlogPosting\" itemprop=\"blogPost\" ><div class='avia_textblock  '   itemprop=\"text\" ><p style=\"text-align: justify;\">A trav\u00e9s de su Superintendente (s) Crist\u00f3bal Barcel\u00f3 Veas, el Cuerpo de Bomberos de Coyhaique, informa a la comunidad regional el sensible fallecimiento de su destacada voluntaria Cecilia Haro Contreras.<\/p>\n<p style=\"text-align: justify;\">La voluntaria ingres\u00f3 a la Tercera Compa\u00f1\u00eda Carlos Brito Jorquera de la ciudad de Coyhaique el a\u00f1o 1999. En sus 22 a\u00f1os de servicio Cecilia sin duda tuvo una destacada trayectoria bomberil, donde se desempe\u00f1\u00f3 ejerciendo diversos cargos, tales como Teniente, Ayudante General, Secretaria General y Vicesuperintendente, para luego destacarse adem\u00e1s como la primera mujer en desempe\u00f1ar el cargo de Superintendente del Cuerpo de Bomberos de Coyhaique, este cargo a futuro le permiti\u00f3 crecer en su carrera como bombera y luego Cecilia fue elegida como la primera mujer en Chile en ser Presidenta Regional de Bomberos de Ays\u00e9n.<\/p>\n<p style=\"text-align: justify;\">Debido a su extensa experiencia la voluntaria participo de distintas instancias en Bomberos de Chile, es as\u00ed como se destaca tambi\u00e9n su participaci\u00f3n siendo miembro de la constituci\u00f3n de la comisi\u00f3n de Equidad y G\u00e9nero de Bomberos de Chile conformada en agosto del a\u00f1o 2021.<\/p>\n<p style=\"text-align: justify;\">En una de sus \u00faltimas entrevistas que sostuvo en la instituci\u00f3n, Cecilia se\u00f1al\u00f3 lo siguiente: \u201cAmo a los Bomberos, no me equivoqu\u00e9 al elegir la instituci\u00f3n\u201d, e indic\u00f3 que su familia ha sido siempre su motor en su rol como Bombera. Destaca adem\u00e1s a sus hijos Alejandra y Esteban, junto a su mam\u00e1 Clara, ya que ellos fueron incondicionales en el apoyo que le brindaron durante estos a\u00f1os; tanto as\u00ed, que mientras ella se uniformaba para asistir a una emergencia, en su hogar, su familia en equipo y organizados la ayudaba a ponerse la cotona, le pasaban el casco y uno se encargaba de abrirle el port\u00f3n para que saliera r\u00e1pidamente y as\u00ed no perdiera tiempo para concurrir a una emergencia, ya que para Cecilia todas las emergencias eran tremendamente importantes.<\/p>\n<p style=\"text-align: justify;\">El Superintendente (s) del Cuerpo de Bomberos de Coyhaique, Crist\u00f3bal Barcel\u00f3 Veas, indico que \u201cCecilia nos deja un gran legado con su gesti\u00f3n y participaci\u00f3n, sin duda un ejemplo a seguir, una mujer con convicci\u00f3n, pasi\u00f3n y compromiso por lo que hizo dentro del Cuerpo de Bomberos, fue una gran representante de la Bombera chilena. Los que tuvimos el honor de compartir con ella en actos de servicio o de verla dirigir las arcas de nuestra instituci\u00f3n, nos quedamos con los mejores recuerdos de aquella mujer, madre, amiga y Bombera Honoraria.\u201d<\/p>\n<\/div><\/section><\/div><div  style='height:50px' class='hr hr-invisible   avia-builder-el-6  el_after_av_one_full  el_before_av_social_share '><span class='hr-inner ' ><span class='hr-inner-style'><\/span><\/span><\/div><\/p>\n<div  class='av-social-sharing-box  avia-builder-el-7  el_after_av_hr  el_before_av_hr  '><div class='av-share-box'><h5 class='av-share-link-description av-no-toc '>Compartir esta noticia<\/h5><ul class='av-share-box-list noLightbox'><li class='av-share-link av-social-link-facebook' ><a target=\"_blank\" aria-label=\"Compartir en Facebook\" href='https:\/\/www.facebook.com\/sharer.php?u=https:\/\/radiorevelacionfm.cl\/?p=13979&#038;t=Cecilia%20Haro%20Contreras%3A%20Pesar%20en%20Bomberos%20de%20Chile%20por%20la%20partida%20de%20la%20primera%20presidenta%20regional%20de%20la%20instituci%C3%B3n' aria-hidden='false' data-av_icon='\ue8f3' data-av_iconfont='entypo-fontello' title='' data-avia-related-tooltip='Compartir en Facebook' rel=\"noopener\"><span class='avia_hidden_link_text'>Compartir en Facebook<\/span><\/a><\/li><li class='av-share-link av-social-link-twitter' ><a target=\"_blank\" aria-label=\"Compartir en Twitter\" href='https:\/\/twitter.com\/share?text=Cecilia%20Haro%20Contreras%3A%20Pesar%20en%20Bomberos%20de%20Chile%20por%20la%20partida%20de%20la%20primera%20presidenta%20regional%20de%20la%20instituci%C3%B3n&#038;url=https:\/\/radiorevelacionfm.cl\/?p=13979' aria-hidden='false' data-av_icon='\ue8f1' data-av_iconfont='entypo-fontello' title='' data-avia-related-tooltip='Compartir en Twitter' rel=\"noopener\"><span class='avia_hidden_link_text'>Compartir en Twitter<\/span><\/a><\/li><li class='av-share-link av-social-link-whatsapp' ><a target=\"_blank\" aria-label=\"Compartir en Whatsapp\" href='https:\/\/api.whatsapp.com\/send?text=https:\/\/radiorevelacionfm.cl\/?p=13979' aria-hidden='false' data-av_icon='\uf232' data-av_iconfont='entypo-fontello' title='' data-avia-related-tooltip='Compartir en Whatsapp' rel=\"noopener\"><span class='avia_hidden_link_text'>Compartir en Whatsapp<\/span><\/a><\/li><li class='av-share-link av-social-link-linkedin' ><a target=\"_blank\" aria-label=\"Compartir en LinkedIn\" href='https:\/\/linkedin.com\/shareArticle?mini=true&#038;title=Cecilia%20Haro%20Contreras%3A%20Pesar%20en%20Bomberos%20de%20Chile%20por%20la%20partida%20de%20la%20primera%20presidenta%20regional%20de%20la%20instituci%C3%B3n&#038;url=https:\/\/radiorevelacionfm.cl\/?p=13979' aria-hidden='false' data-av_icon='\ue8fc' data-av_iconfont='entypo-fontello' title='' data-avia-related-tooltip='Compartir en LinkedIn' rel=\"noopener\"><span class='avia_hidden_link_text'>Compartir en LinkedIn<\/span><\/a><\/li><li class='av-share-link av-social-link-mail' ><a  aria-label=\"Compartir por correo\" href='mailto:?subject=Cecilia%20Haro%20Contreras%3A%20Pesar%20en%20Bomberos%20de%20Chile%20por%20la%20partida%20de%20la%20primera%20presidenta%20regional%20de%20la%20instituci%C3%B3n&#038;body=https:\/\/radiorevelacionfm.cl\/?p=13979' aria-hidden='false' data-av_icon='\ue805' data-av_iconfont='entypo-fontello' title='' data-avia-related-tooltip='Compartir por correo'><span class='avia_hidden_link_text'>Compartir por correo<\/span><\/a><\/li><\/ul><\/div><\/div>\n<div  style='height:50px' class='hr hr-invisible   avia-builder-el-8  el_after_av_social_share  el_before_av_comments_list '><span class='hr-inner ' ><span class='hr-inner-style'><\/span><\/span><\/div>\n<div  class='av-buildercomment  av-blog-meta-html-info-disabled av-blog-meta-tag-disabled  '><\/div>\n","protected":false},"excerpt":{"rendered":"","protected":false},"author":1,"featured_media":13980,"comment_status":"open","ping_status":"open","sticky":false,"template":"","format":"standard","meta":{"footnotes":""},"categories":[38],"tags":[],"class_list":["post-13979","post","type-post","status-publish","format-standard","has-post-thumbnail","hentry","category-regional"],"jetpack_featured_media_url":"https:\/\/radiorevelacionfm.cl\/wp-content\/uploads\/2022\/02\/image-12-1.jpg","_links":{"self":[{"href":"https:\/\/radiorevelacionfm.cl\/index.php?rest_route=\/wp\/v2\/posts\/13979","targetHints":{"allow":["GET"]}}],"collection":[{"href":"https:\/\/radiorevelacionfm.cl\/index.php?rest_route=\/wp\/v2\/posts"}],"about":[{"href":"https:\/\/radiorevelacionfm.cl\/index.php?rest_route=\/wp\/v2\/types\/post"}],"author":[{"embeddable":true,"href":"https:\/\/radiorevelacionfm.cl\/index.php?rest_route=\/wp\/v2\/users\/1"}],"replies":[{"embeddable":true,"href":"https:\/\/radiorevelacionfm.cl\/index.php?rest_route=%2Fwp%2Fv2%2Fcomments&post=13979"}],"version-history":[{"count":2,"href":"https:\/\/radiorevelacionfm.cl\/index.php?rest_route=\/wp\/v2\/posts\/13979\/revisions"}],"predecessor-version":[{"id":13982,"href":"https:\/\/radiorevelacionfm.cl\/index.php?rest_route=\/wp\/v2\/posts\/13979\/revisions\/13982"}],"wp:featuredmedia":[{"embeddable":true,"href":"https:\/\/radiorevelacionfm.cl\/index.php?rest_route=\/wp\/v2\/media\/13980"}],"wp:attachment":[{"href":"https:\/\/radiorevelacionfm.cl\/index.php?rest_route=%2Fwp%2Fv2%2Fmedia&parent=13979"}],"wp:term":[{"taxonomy":"category","embeddable":true,"href":"https:\/\/radiorevelacionfm.cl\/index.php?rest_route=%2Fwp%2Fv2%2Fcategories&post=13979"},{"taxonomy":"post_tag","embeddable":true,"href":"https:\/\/radiorevelacionfm.cl\/index.php?rest_route=%2Fwp%2Fv2%2Ftags&post=13979"}],"curies":[{"name":"wp","href":"https:\/\/api.w.org\/{rel}","templated":true}]}}