{"id":13972,"date":"2022-02-23T15:18:39","date_gmt":"2022-02-23T18:18:39","guid":{"rendered":"https:\/\/radiorevelacionfm.cl\/?p=13972"},"modified":"2022-02-23T15:18:39","modified_gmt":"2022-02-23T18:18:39","slug":"municipio-de-aysen-brindara-acompanamiento-y-asesoria-gratuita-a-organizaciones-sociales-para-postulacion-del-fndr-2022","status":"publish","type":"post","link":"https:\/\/radiorevelacionfm.cl\/?p=13972","title":{"rendered":"Municipio de Ays\u00e9n brindar\u00e1 acompa\u00f1amiento y asesor\u00eda gratuita a organizaciones sociales para postulaci\u00f3n del FNDR 2022"},"content":{"rendered":"<div class=\"flex_column av_one_full  flex_column_div av-zero-column-padding first  avia-builder-el-0  el_before_av_one_full  avia-builder-el-first  \" style='border-radius:0px; '><div  class='avia-image-container  av-styling-    avia-builder-el-1  avia-builder-el-no-sibling  avia-align-center '  itemprop=\"image\" itemscope=\"itemscope\" itemtype=\"https:\/\/schema.org\/ImageObject\"  ><div class='avia-image-container-inner'><div class='avia-image-overlay-wrap'><img decoding=\"async\" class='wp-image-13973 avia-img-lazy-loading-not-13973 avia_image' src=\"https:\/\/radiorevelacionfm.cl\/wp-content\/uploads\/2022\/02\/asesoria-y-acompanamiento-2-1_optimized.jpeg\" alt='' title='asesoria-y-acompanamiento-2-(1)_optimized' height=\"600\" width=\"800\"  itemprop=\"thumbnailUrl\" srcset=\"https:\/\/radiorevelacionfm.cl\/wp-content\/uploads\/2022\/02\/asesoria-y-acompanamiento-2-1_optimized.jpeg 800w, https:\/\/radiorevelacionfm.cl\/wp-content\/uploads\/2022\/02\/asesoria-y-acompanamiento-2-1_optimized-300x225.jpeg 300w, https:\/\/radiorevelacionfm.cl\/wp-content\/uploads\/2022\/02\/asesoria-y-acompanamiento-2-1_optimized-768x576.jpeg 768w, https:\/\/radiorevelacionfm.cl\/wp-content\/uploads\/2022\/02\/asesoria-y-acompanamiento-2-1_optimized-705x529.jpeg 705w, https:\/\/radiorevelacionfm.cl\/wp-content\/uploads\/2022\/02\/asesoria-y-acompanamiento-2-1_optimized-600x450.jpeg 600w\" sizes=\"(max-width: 800px) 100vw, 800px\" \/><\/div><\/div><\/div><\/div><div class=\"flex_column av_one_full  flex_column_div av-zero-column-padding first  avia-builder-el-2  el_after_av_one_full  el_before_av_one_full  column-top-margin\" style='border-radius:0px; '><section class=\"av_textblock_section \"  itemscope=\"itemscope\" itemtype=\"https:\/\/schema.org\/BlogPosting\" itemprop=\"blogPost\" ><div class='avia_textblock  '   itemprop=\"text\" ><p style=\"text-align: center;\"><strong><span style=\"font-size: 18pt;\">Municipio de Ays\u00e9n brindar\u00e1 acompa\u00f1amiento y asesor\u00eda gratuita a organizaciones sociales para postulaci\u00f3n del FNDR 2022<\/span><\/strong><\/p>\n<div id=\"gtx-trans\" style=\"position: absolute; left: -50px; top: 4.31534px;\">\n<div class=\"gtx-trans-icon\"><\/div>\n<\/div>\n<\/div><\/section><\/div><div class=\"flex_column av_one_full  flex_column_div av-zero-column-padding first  avia-builder-el-4  el_after_av_one_full  el_before_av_hr  column-top-margin\" style='border-radius:0px; '><section class=\"av_textblock_section \"  itemscope=\"itemscope\" itemtype=\"https:\/\/schema.org\/BlogPosting\" itemprop=\"blogPost\" ><div class='avia_textblock  '   itemprop=\"text\" ><p style=\"text-align: justify;\">Con el objetivo de contribuir con el accionar de las organizaciones territoriales y funcionales de la comuna porte\u00f1a para atender los distintos \u00e1mbitos de acci\u00f3n que ejercen en sus comunidades. El alcalde Julio Uribe Alvarado, tras una ronda ampliada de coordinaci\u00f3n, instruy\u00f3 la asesor\u00eda y acompa\u00f1amiento para quienes teniendo los requisitos de postulaci\u00f3n puedan optar a los fondos concursables en la l\u00ednea Fondo Nacional de Desarrollo Regional (FNDR) 7% del Gobierno Regional de Ays\u00e9n y su Consejo. Para esto, se dispuso la atenci\u00f3n a p\u00fablico de manera extraordinaria para las jornadas de ma\u00f1ana y tarde de la Unidad de Organizaciones Comunitarias en la Direcci\u00f3n de Desarrollo Comunitario.<\/p>\n<p style=\"text-align: justify;\">Al respecto, Mar\u00eda Rita Aguilar, profesional de la Unidad de Organizaciones Comunitarias detall\u00f3 lo acontecido explicando la conformaci\u00f3n de una mesa de trabajo con el objetivo de aportar a las organizaciones con una asesor\u00eda y acompa\u00f1amiento durante las postulaciones que se den en el marco del 7% del FNDR. \u201cEs importante la inscripci\u00f3n porque se trabajar\u00e1 con cupos limitados en nuestras oficinas con ampliaci\u00f3n en el horario de atenci\u00f3n a p\u00fablico, atendiendo de esta forma en las ma\u00f1anas y en las tardes hasta las 17:30 horas\u201d.<\/p>\n<p style=\"text-align: justify;\">Con ello, la personera municipal agreg\u00f3 que \u201ceste es un arduo trabajo que tendr\u00e1n las organizaciones con todo lo que se requiere para postular, que est\u00e9n admisibles, eso significa que posean la vigencia respectiva, los dos a\u00f1os de antig\u00fcedad que indican las bases y la documentaci\u00f3n correspondiente y por ello, es que esto se dar\u00e1 como atenci\u00f3n personalizada. Cabe destacar que este proceso estar\u00e1 abierto hasta el 18 de marzo para que las organizaciones puedan incorporarse y ser parte de este beneficio que otorgar\u00e1 el municipio y que tambi\u00e9n existir\u00e1n jornada de capacitaci\u00f3n\u201d.<\/p>\n<p style=\"text-align: justify;\">Finalmente, Aguilar explic\u00f3 que estas acciones se hacen en pos de entregarle las herramientas adecuadas a las organizaciones para que puedan llevar adelante sus acciones con la compa\u00f1\u00eda y asesor\u00eda que brindar\u00e1 el municipio seg\u00fan lo que ha instruido la primera autoridad, Julio Uribe Alvarado. \u201cEstamos felices de aportar a la comunidad con este tremendo desaf\u00edo desde nuestra Unidad\u201d, acot\u00f3 la trabajadora del municipio porte\u00f1o.<\/p>\n<\/div><\/section><\/div><div  style='height:50px' class='hr hr-invisible   avia-builder-el-6  el_after_av_one_full  el_before_av_social_share '><span class='hr-inner ' ><span class='hr-inner-style'><\/span><\/span><\/div><\/p>\n<div  class='av-social-sharing-box  avia-builder-el-7  el_after_av_hr  el_before_av_hr  '><div class='av-share-box'><h5 class='av-share-link-description av-no-toc '>Compartir esta noticia<\/h5><ul class='av-share-box-list noLightbox'><li class='av-share-link av-social-link-facebook' ><a target=\"_blank\" aria-label=\"Compartir en Facebook\" href='https:\/\/www.facebook.com\/sharer.php?u=https:\/\/radiorevelacionfm.cl\/?p=13972&#038;t=Municipio%20de%20Ays%C3%A9n%20brindar%C3%A1%20acompa%C3%B1amiento%20y%20asesor%C3%ADa%20gratuita%20a%20organizaciones%20sociales%20para%20postulaci%C3%B3n%20del%20FNDR%202022' aria-hidden='false' data-av_icon='\ue8f3' data-av_iconfont='entypo-fontello' title='' data-avia-related-tooltip='Compartir en Facebook' rel=\"noopener\"><span class='avia_hidden_link_text'>Compartir en Facebook<\/span><\/a><\/li><li class='av-share-link av-social-link-twitter' ><a target=\"_blank\" aria-label=\"Compartir en Twitter\" href='https:\/\/twitter.com\/share?text=Municipio%20de%20Ays%C3%A9n%20brindar%C3%A1%20acompa%C3%B1amiento%20y%20asesor%C3%ADa%20gratuita%20a%20organizaciones%20sociales%20para%20postulaci%C3%B3n%20del%20FNDR%202022&#038;url=https:\/\/radiorevelacionfm.cl\/?p=13972' aria-hidden='false' data-av_icon='\ue8f1' data-av_iconfont='entypo-fontello' title='' data-avia-related-tooltip='Compartir en Twitter' rel=\"noopener\"><span class='avia_hidden_link_text'>Compartir en Twitter<\/span><\/a><\/li><li class='av-share-link av-social-link-whatsapp' ><a target=\"_blank\" aria-label=\"Compartir en Whatsapp\" href='https:\/\/api.whatsapp.com\/send?text=https:\/\/radiorevelacionfm.cl\/?p=13972' aria-hidden='false' data-av_icon='\uf232' data-av_iconfont='entypo-fontello' title='' data-avia-related-tooltip='Compartir en Whatsapp' rel=\"noopener\"><span class='avia_hidden_link_text'>Compartir en Whatsapp<\/span><\/a><\/li><li class='av-share-link av-social-link-linkedin' ><a target=\"_blank\" aria-label=\"Compartir en LinkedIn\" href='https:\/\/linkedin.com\/shareArticle?mini=true&#038;title=Municipio%20de%20Ays%C3%A9n%20brindar%C3%A1%20acompa%C3%B1amiento%20y%20asesor%C3%ADa%20gratuita%20a%20organizaciones%20sociales%20para%20postulaci%C3%B3n%20del%20FNDR%202022&#038;url=https:\/\/radiorevelacionfm.cl\/?p=13972' aria-hidden='false' data-av_icon='\ue8fc' data-av_iconfont='entypo-fontello' title='' data-avia-related-tooltip='Compartir en LinkedIn' rel=\"noopener\"><span class='avia_hidden_link_text'>Compartir en LinkedIn<\/span><\/a><\/li><li class='av-share-link av-social-link-mail' ><a  aria-label=\"Compartir por correo\" href='mailto:?subject=Municipio%20de%20Ays%C3%A9n%20brindar%C3%A1%20acompa%C3%B1amiento%20y%20asesor%C3%ADa%20gratuita%20a%20organizaciones%20sociales%20para%20postulaci%C3%B3n%20del%20FNDR%202022&#038;body=https:\/\/radiorevelacionfm.cl\/?p=13972' aria-hidden='false' data-av_icon='\ue805' data-av_iconfont='entypo-fontello' title='' data-avia-related-tooltip='Compartir por correo'><span class='avia_hidden_link_text'>Compartir por correo<\/span><\/a><\/li><\/ul><\/div><\/div>\n<div  style='height:50px' class='hr hr-invisible   avia-builder-el-8  el_after_av_social_share  el_before_av_comments_list '><span class='hr-inner ' ><span class='hr-inner-style'><\/span><\/span><\/div>\n<div  class='av-buildercomment  av-blog-meta-html-info-disabled av-blog-meta-tag-disabled  '><\/div>\n","protected":false},"excerpt":{"rendered":"","protected":false},"author":1,"featured_media":13973,"comment_status":"open","ping_status":"open","sticky":false,"template":"","format":"standard","meta":{"footnotes":""},"categories":[38],"tags":[],"class_list":["post-13972","post","type-post","status-publish","format-standard","has-post-thumbnail","hentry","category-regional"],"jetpack_featured_media_url":"https:\/\/radiorevelacionfm.cl\/wp-content\/uploads\/2022\/02\/asesoria-y-acompanamiento-2-1_optimized.jpeg","_links":{"self":[{"href":"https:\/\/radiorevelacionfm.cl\/index.php?rest_route=\/wp\/v2\/posts\/13972","targetHints":{"allow":["GET"]}}],"collection":[{"href":"https:\/\/radiorevelacionfm.cl\/index.php?rest_route=\/wp\/v2\/posts"}],"about":[{"href":"https:\/\/radiorevelacionfm.cl\/index.php?rest_route=\/wp\/v2\/types\/post"}],"author":[{"embeddable":true,"href":"https:\/\/radiorevelacionfm.cl\/index.php?rest_route=\/wp\/v2\/users\/1"}],"replies":[{"embeddable":true,"href":"https:\/\/radiorevelacionfm.cl\/index.php?rest_route=%2Fwp%2Fv2%2Fcomments&post=13972"}],"version-history":[{"count":2,"href":"https:\/\/radiorevelacionfm.cl\/index.php?rest_route=\/wp\/v2\/posts\/13972\/revisions"}],"predecessor-version":[{"id":13975,"href":"https:\/\/radiorevelacionfm.cl\/index.php?rest_route=\/wp\/v2\/posts\/13972\/revisions\/13975"}],"wp:featuredmedia":[{"embeddable":true,"href":"https:\/\/radiorevelacionfm.cl\/index.php?rest_route=\/wp\/v2\/media\/13973"}],"wp:attachment":[{"href":"https:\/\/radiorevelacionfm.cl\/index.php?rest_route=%2Fwp%2Fv2%2Fmedia&parent=13972"}],"wp:term":[{"taxonomy":"category","embeddable":true,"href":"https:\/\/radiorevelacionfm.cl\/index.php?rest_route=%2Fwp%2Fv2%2Fcategories&post=13972"},{"taxonomy":"post_tag","embeddable":true,"href":"https:\/\/radiorevelacionfm.cl\/index.php?rest_route=%2Fwp%2Fv2%2Ftags&post=13972"}],"curies":[{"name":"wp","href":"https:\/\/api.w.org\/{rel}","templated":true}]}}