{"id":13967,"date":"2022-02-23T12:15:58","date_gmt":"2022-02-23T15:15:58","guid":{"rendered":"https:\/\/radiorevelacionfm.cl\/?p=13967"},"modified":"2022-02-23T12:15:58","modified_gmt":"2022-02-23T15:15:58","slug":"corte-de-apelaciones-ordena-a-municipalidad-de-coyhaique-a-reintegrar-a-funcionario-y-renovar-su-contrata","status":"publish","type":"post","link":"https:\/\/radiorevelacionfm.cl\/?p=13967","title":{"rendered":"Corte de Apelaciones ordena a Municipalidad de Coyhaique a reintegrar a funcionario y renovar su contrata"},"content":{"rendered":"<div class=\"flex_column av_one_full  flex_column_div av-zero-column-padding first  avia-builder-el-0  el_before_av_one_full  avia-builder-el-first  \" style='border-radius:0px; '><div  class='avia-image-container  av-styling-    avia-builder-el-1  avia-builder-el-no-sibling  avia-align-center '  itemprop=\"image\" itemscope=\"itemscope\" itemtype=\"https:\/\/schema.org\/ImageObject\"  ><div class='avia-image-container-inner'><div class='avia-image-overlay-wrap'><img decoding=\"async\" class='wp-image-13968 avia-img-lazy-loading-not-13968 avia_image' src=\"https:\/\/radiorevelacionfm.cl\/wp-content\/uploads\/2022\/02\/municipalidad-coyhaique-1_optimized.jpeg\" alt='' title='municipalidad-coyhaique-(1)_optimized' height=\"600\" width=\"802\"  itemprop=\"thumbnailUrl\" srcset=\"https:\/\/radiorevelacionfm.cl\/wp-content\/uploads\/2022\/02\/municipalidad-coyhaique-1_optimized.jpeg 802w, https:\/\/radiorevelacionfm.cl\/wp-content\/uploads\/2022\/02\/municipalidad-coyhaique-1_optimized-300x224.jpeg 300w, https:\/\/radiorevelacionfm.cl\/wp-content\/uploads\/2022\/02\/municipalidad-coyhaique-1_optimized-768x575.jpeg 768w, https:\/\/radiorevelacionfm.cl\/wp-content\/uploads\/2022\/02\/municipalidad-coyhaique-1_optimized-705x527.jpeg 705w, https:\/\/radiorevelacionfm.cl\/wp-content\/uploads\/2022\/02\/municipalidad-coyhaique-1_optimized-600x449.jpeg 600w\" sizes=\"(max-width: 802px) 100vw, 802px\" \/><\/div><\/div><\/div><\/div><div class=\"flex_column av_one_full  flex_column_div av-zero-column-padding first  avia-builder-el-2  el_after_av_one_full  el_before_av_one_full  column-top-margin\" style='border-radius:0px; '><section class=\"av_textblock_section \"  itemscope=\"itemscope\" itemtype=\"https:\/\/schema.org\/BlogPosting\" itemprop=\"blogPost\" ><div class='avia_textblock  '   itemprop=\"text\" ><p style=\"text-align: center;\"><strong><span style=\"font-size: 18pt;\">Corte de Apelaciones ordena a Municipalidad de Coyhaique a reintegrar a funcionario y renovar su contrata<\/span><\/strong><\/p>\n<div id=\"gtx-trans\" style=\"position: absolute; left: -50px; top: 4.31534px;\">\n<div class=\"gtx-trans-icon\"><\/div>\n<\/div>\n<\/div><\/section><\/div><div class=\"flex_column av_one_full  flex_column_div av-zero-column-padding first  avia-builder-el-4  el_after_av_one_full  el_before_av_hr  column-top-margin\" style='border-radius:0px; '><section class=\"av_textblock_section \"  itemscope=\"itemscope\" itemtype=\"https:\/\/schema.org\/BlogPosting\" itemprop=\"blogPost\" ><div class='avia_textblock  '   itemprop=\"text\" ><p class=\"v1MsoNormal\" style=\"text-align: justify;\">La Corte de Apelaciones de Coyhaique acogi\u00f3 el recurso de protecci\u00f3n presentado en contra de la municipalidad local, por poner t\u00e9rmino en forma unilateral a la contrata del recurrente, quien ha sido calificado con nota m\u00e1xima de desempe\u00f1o y se le ha renovado el v\u00ednculo en forma consecutiva en siete ocasiones.<\/p>\n<p class=\"v1MsoNormal\" style=\"text-align: justify;\">En fallo un\u00e1nime (causa rol 391-2021), la Primera Sala del Tribunal de alzada \u2013integrada por los ministros Natalia Rencoret Oliva, Sergio Mora Vallejos y Jos\u00e9 Ignacio Mora Trujillo\u2013 acogi\u00f3 la acci\u00f3n constitucional por considerar arbitraria e injustificada la resoluci\u00f3n exenta que puso fin a la contrata, por lo que orden\u00f3 a la recurrida su renovaci\u00f3n por el a\u00f1o 2022.<\/p>\n<p class=\"v1MsoNormal\" style=\"text-align: justify;\">\u00ab(&#8230;) consta de la referida resoluci\u00f3n exenta, que la decisi\u00f3n de poner t\u00e9rmino a la designaci\u00f3n a contrata del recurrente, ha sido realizada unilateralmente y bajo el arbitrio de la autoridad, sin evidenciarse de su examen, motivaciones que den cuenta de hechos concretos vinculados al trabajador objeto del t\u00e9rmino de su contrata vigente, que hagan insostenible a la recurrida mantenerlo en funciones, ya que debe explicitarse por la autoridad edilicia de qu\u00e9 manera influye en la contrata del recurrente; sumado a lo anterior, consta del proceso que el desempe\u00f1o del recurrente no ha sido objetado, siendo incluso calificado con nota m\u00e1xima, de manera que el deber de velar por la eficiente e id\u00f3nea administraci\u00f3n de los medios y de la funci\u00f3n p\u00fablica, al que se encuentra sujeta toda autoridad, por mandato del art\u00edculo 5, de la Ley General de Bases de la Administraci\u00f3n del Estado, ha sido, en apariencia, al menos, incumplido, al igual que los Dict\u00e1menes de la Contralor\u00eda General de la Rep\u00fablica, n\u00famero 22.766 y 85.700 y 6.400 del a\u00f1o 2018, instrucciones vinculantes para la recurrida\u00bb, sostiene el fallo.<\/p>\n<p class=\"v1MsoNormal\" style=\"text-align: justify;\">La resoluci\u00f3n agrega que, en la especie: \u00ab(&#8230;) no resulta razonable estimar fundado el acto administrativo en comento, si la contrata de la recurrente se ha renovado consecutiva e ininterrumpidamente siete veces a partir del a\u00f1o 2017, y en los mismos t\u00e9rminos, lo que supone que le asiste al trabajador el Principio de la Confianza Leg\u00edtima, no obstante, adem\u00e1s, se le pone t\u00e9rmino a su contrata, fundamentado en dos memor\u00e1ndums, el n\u00b0 310 del 29 de noviembre de 2021 y el 299 de la misma fecha en que se notifica la desvinculaci\u00f3n y que no fueran comunicados al afectado oportunamente, sin explicar c\u00f3mo ello incide particularmente en el recurrente, de tal forma que el acto administrativo, aparece infundado\u00bb.<\/p>\n<p class=\"v1MsoNormal\" style=\"text-align: justify;\">\u00ab(&#8230;) asimismo, como lo ha resuelto reiteradamente la Excelent\u00edsima Corte Suprema, si una relaci\u00f3n a contrata excede los dos a\u00f1os se transforma en una relaci\u00f3n indefinida, conforme al principio de confianza leg\u00edtima que la Contralor\u00eda General de la Rep\u00fablica comenz\u00f3 a aplicar decididamente con ocasi\u00f3n del Dictamen N\u00b085.700, de 28 de noviembre de 2016, cuya normativa cubre, entre otros, a los funcionarios designados en los empleos a contrata regidos por la Ley 18.884 y, por consiguiente, si se ha generado una expectativa leg\u00edtima de que ser\u00e1 prorrogada o renovada su designaci\u00f3n a contrata que se extendi\u00f3 hasta el 31 de diciembre, el acto administrativo que ponga t\u00e9rmino a esa relaci\u00f3n debe ciertamente dar cumplimiento a lo dispuesto en el inciso segundo del art\u00edculo 11 de la Ley N\u00b019.800 (&#8230;)\u00bb, a\u00f1ade.<\/p>\n<p class=\"v1MsoNormal\" style=\"text-align: justify;\">Por tanto, se resuelve:<\/p>\n<p class=\"v1MsoNormal\" style=\"text-align: justify;\">\u00abI.-\u00a0Que,\u00a0<b>SE ACOGE<\/b>, sin costas, el recurso de protecci\u00f3n deducido por don\u00a0<b>JULIO ALEJANDRO REYES CASTILLO<\/b>, en contra de la\u00a0<b>ILUSTRE MUNICIPALIDAD DE COYHAIQUE<\/b>, representada legalmente por su Alcalde, don Carlos Gatica Villegas, y en consecuencia se deja sin efecto el Decreto Alcaldicio SIAPER N\u00b0 1332, de fecha 30 de noviembre de 2021, en virtud del cual se dispuso la no renovaci\u00f3n de su contrata para el a\u00f1o 2022, como asimismo se ordena su reincorporaci\u00f3n inmediata y el pago de las remuneraciones devengadas durante el per\u00edodo de tiempo que ha estado separado de su cargo, hasta su efectiva reincorporaci\u00f3n.<\/p>\n<p class=\"v1MsoNormal\" style=\"text-align: justify;\">II.-\u00a0Que, atendido lo resuelto, la recurrida deber\u00e1 disponer la inmediata renovaci\u00f3n de su contrata por todo el a\u00f1o 2022&#8243;.<\/p>\n<\/div><\/section><\/div><div  style='height:50px' class='hr hr-invisible   avia-builder-el-6  el_after_av_one_full  el_before_av_social_share '><span class='hr-inner ' ><span class='hr-inner-style'><\/span><\/span><\/div><\/p>\n<div  class='av-social-sharing-box  avia-builder-el-7  el_after_av_hr  el_before_av_hr  '><div class='av-share-box'><h5 class='av-share-link-description av-no-toc '>Compartir esta noticia<\/h5><ul class='av-share-box-list noLightbox'><li class='av-share-link av-social-link-facebook' ><a target=\"_blank\" aria-label=\"Compartir en Facebook\" href='https:\/\/www.facebook.com\/sharer.php?u=https:\/\/radiorevelacionfm.cl\/?p=13967&#038;t=Corte%20de%20Apelaciones%20ordena%20a%20Municipalidad%20de%20Coyhaique%20a%20reintegrar%20a%20funcionario%20y%20renovar%20su%20contrata' aria-hidden='false' data-av_icon='\ue8f3' data-av_iconfont='entypo-fontello' title='' data-avia-related-tooltip='Compartir en Facebook' rel=\"noopener\"><span class='avia_hidden_link_text'>Compartir en Facebook<\/span><\/a><\/li><li class='av-share-link av-social-link-twitter' ><a target=\"_blank\" aria-label=\"Compartir en Twitter\" href='https:\/\/twitter.com\/share?text=Corte%20de%20Apelaciones%20ordena%20a%20Municipalidad%20de%20Coyhaique%20a%20reintegrar%20a%20funcionario%20y%20renovar%20su%20contrata&#038;url=https:\/\/radiorevelacionfm.cl\/?p=13967' aria-hidden='false' data-av_icon='\ue8f1' data-av_iconfont='entypo-fontello' title='' data-avia-related-tooltip='Compartir en Twitter' rel=\"noopener\"><span class='avia_hidden_link_text'>Compartir en Twitter<\/span><\/a><\/li><li class='av-share-link av-social-link-whatsapp' ><a target=\"_blank\" aria-label=\"Compartir en Whatsapp\" href='https:\/\/api.whatsapp.com\/send?text=https:\/\/radiorevelacionfm.cl\/?p=13967' aria-hidden='false' data-av_icon='\uf232' data-av_iconfont='entypo-fontello' title='' data-avia-related-tooltip='Compartir en Whatsapp' rel=\"noopener\"><span class='avia_hidden_link_text'>Compartir en Whatsapp<\/span><\/a><\/li><li class='av-share-link av-social-link-linkedin' ><a target=\"_blank\" aria-label=\"Compartir en LinkedIn\" href='https:\/\/linkedin.com\/shareArticle?mini=true&#038;title=Corte%20de%20Apelaciones%20ordena%20a%20Municipalidad%20de%20Coyhaique%20a%20reintegrar%20a%20funcionario%20y%20renovar%20su%20contrata&#038;url=https:\/\/radiorevelacionfm.cl\/?p=13967' aria-hidden='false' data-av_icon='\ue8fc' data-av_iconfont='entypo-fontello' title='' data-avia-related-tooltip='Compartir en LinkedIn' rel=\"noopener\"><span class='avia_hidden_link_text'>Compartir en LinkedIn<\/span><\/a><\/li><li class='av-share-link av-social-link-mail' ><a  aria-label=\"Compartir por correo\" href='mailto:?subject=Corte%20de%20Apelaciones%20ordena%20a%20Municipalidad%20de%20Coyhaique%20a%20reintegrar%20a%20funcionario%20y%20renovar%20su%20contrata&#038;body=https:\/\/radiorevelacionfm.cl\/?p=13967' aria-hidden='false' data-av_icon='\ue805' data-av_iconfont='entypo-fontello' title='' data-avia-related-tooltip='Compartir por correo'><span class='avia_hidden_link_text'>Compartir por correo<\/span><\/a><\/li><\/ul><\/div><\/div>\n<div  style='height:50px' class='hr hr-invisible   avia-builder-el-8  el_after_av_social_share  el_before_av_comments_list '><span class='hr-inner ' ><span class='hr-inner-style'><\/span><\/span><\/div>\n<div  class='av-buildercomment  av-blog-meta-html-info-disabled av-blog-meta-tag-disabled  '><\/div>\n","protected":false},"excerpt":{"rendered":"","protected":false},"author":1,"featured_media":13968,"comment_status":"open","ping_status":"open","sticky":false,"template":"","format":"standard","meta":{"footnotes":""},"categories":[55],"tags":[],"class_list":["post-13967","post","type-post","status-publish","format-standard","has-post-thumbnail","hentry","category-justicia"],"jetpack_featured_media_url":"https:\/\/radiorevelacionfm.cl\/wp-content\/uploads\/2022\/02\/municipalidad-coyhaique-1_optimized.jpeg","_links":{"self":[{"href":"https:\/\/radiorevelacionfm.cl\/index.php?rest_route=\/wp\/v2\/posts\/13967","targetHints":{"allow":["GET"]}}],"collection":[{"href":"https:\/\/radiorevelacionfm.cl\/index.php?rest_route=\/wp\/v2\/posts"}],"about":[{"href":"https:\/\/radiorevelacionfm.cl\/index.php?rest_route=\/wp\/v2\/types\/post"}],"author":[{"embeddable":true,"href":"https:\/\/radiorevelacionfm.cl\/index.php?rest_route=\/wp\/v2\/users\/1"}],"replies":[{"embeddable":true,"href":"https:\/\/radiorevelacionfm.cl\/index.php?rest_route=%2Fwp%2Fv2%2Fcomments&post=13967"}],"version-history":[{"count":2,"href":"https:\/\/radiorevelacionfm.cl\/index.php?rest_route=\/wp\/v2\/posts\/13967\/revisions"}],"predecessor-version":[{"id":13970,"href":"https:\/\/radiorevelacionfm.cl\/index.php?rest_route=\/wp\/v2\/posts\/13967\/revisions\/13970"}],"wp:featuredmedia":[{"embeddable":true,"href":"https:\/\/radiorevelacionfm.cl\/index.php?rest_route=\/wp\/v2\/media\/13968"}],"wp:attachment":[{"href":"https:\/\/radiorevelacionfm.cl\/index.php?rest_route=%2Fwp%2Fv2%2Fmedia&parent=13967"}],"wp:term":[{"taxonomy":"category","embeddable":true,"href":"https:\/\/radiorevelacionfm.cl\/index.php?rest_route=%2Fwp%2Fv2%2Fcategories&post=13967"},{"taxonomy":"post_tag","embeddable":true,"href":"https:\/\/radiorevelacionfm.cl\/index.php?rest_route=%2Fwp%2Fv2%2Ftags&post=13967"}],"curies":[{"name":"wp","href":"https:\/\/api.w.org\/{rel}","templated":true}]}}