{"id":13963,"date":"2022-02-23T11:56:47","date_gmt":"2022-02-23T14:56:47","guid":{"rendered":"https:\/\/radiorevelacionfm.cl\/?p=13963"},"modified":"2022-02-23T11:56:47","modified_gmt":"2022-02-23T14:56:47","slug":"ministerio-de-las-culturas-inicia-proceso-de-traspaso-con-reunion-de-ministra-consuelo-valdes-y-su-sucesora-julieta-brodsky","status":"publish","type":"post","link":"https:\/\/radiorevelacionfm.cl\/?p=13963","title":{"rendered":"Ministerio de las Culturas inicia proceso de traspaso con reuni\u00f3n de ministra Consuelo Vald\u00e9s y su sucesora, Julieta Brodsky"},"content":{"rendered":"<div class=\"flex_column av_one_full  flex_column_div av-zero-column-padding first  avia-builder-el-0  el_before_av_one_full  avia-builder-el-first  \" style='border-radius:0px; '><div  class='avia-image-container  av-styling-    avia-builder-el-1  avia-builder-el-no-sibling  avia-align-center '  itemprop=\"image\" itemscope=\"itemscope\" itemtype=\"https:\/\/schema.org\/ImageObject\"  ><div class='avia-image-container-inner'><div class='avia-image-overlay-wrap'><img decoding=\"async\" class='wp-image-13964 avia-img-lazy-loading-not-13964 avia_image' src=\"https:\/\/radiorevelacionfm.cl\/wp-content\/uploads\/2022\/02\/image-11-1.jpg\" alt='' title='image (11) (1)' height=\"600\" width=\"1000\"  itemprop=\"thumbnailUrl\" srcset=\"https:\/\/radiorevelacionfm.cl\/wp-content\/uploads\/2022\/02\/image-11-1.jpg 1000w, https:\/\/radiorevelacionfm.cl\/wp-content\/uploads\/2022\/02\/image-11-1-300x180.jpg 300w, https:\/\/radiorevelacionfm.cl\/wp-content\/uploads\/2022\/02\/image-11-1-768x461.jpg 768w, https:\/\/radiorevelacionfm.cl\/wp-content\/uploads\/2022\/02\/image-11-1-705x423.jpg 705w, https:\/\/radiorevelacionfm.cl\/wp-content\/uploads\/2022\/02\/image-11-1-600x360.jpg 600w\" sizes=\"(max-width: 1000px) 100vw, 1000px\" \/><\/div><\/div><\/div><\/div><div class=\"flex_column av_one_full  flex_column_div av-zero-column-padding first  avia-builder-el-2  el_after_av_one_full  el_before_av_one_full  column-top-margin\" style='border-radius:0px; '><section class=\"av_textblock_section \"  itemscope=\"itemscope\" itemtype=\"https:\/\/schema.org\/BlogPosting\" itemprop=\"blogPost\" ><div class='avia_textblock  '   itemprop=\"text\" ><p style=\"text-align: center;\"><strong><span style=\"font-size: 18pt;\">Ministerio de las Culturas inicia proceso de traspaso con reuni\u00f3n de ministra Consuelo Vald\u00e9s y su sucesora, Julieta Brodsky<\/span><\/strong><\/p>\n<div id=\"gtx-trans\" style=\"position: absolute; left: -50px; top: 4.31534px;\">\n<div class=\"gtx-trans-icon\"><\/div>\n<\/div>\n<\/div><\/section><\/div><div class=\"flex_column av_one_full  flex_column_div av-zero-column-padding first  avia-builder-el-4  el_after_av_one_full  el_before_av_hr  column-top-margin\" style='border-radius:0px; '><section class=\"av_textblock_section \"  itemscope=\"itemscope\" itemtype=\"https:\/\/schema.org\/BlogPosting\" itemprop=\"blogPost\" ><div class='avia_textblock  '   itemprop=\"text\" ><p style=\"text-align: justify;\"><span lang=\"es\">Esta semana comenzaron las reuniones bilaterales entre los ministros salientes y entrantes del pr\u00f3ximo gobierno que asumir\u00e1 el 11 de marzo. En este marco, este martes 22 de febrero se reunieron en el Palacio Pereira la ministra de las Culturas, las Artes y el Patrimonio, Consuelo Vald\u00e9s, y la futura titular del cargo, Julieta Brodsky, en una primera reuni\u00f3n para hacer traspaso de la informaci\u00f3n de la cartera.<\/span><\/p>\n<p style=\"text-align: justify;\"><span lang=\"es-CL\">En la oportunidad, la ministra Vald\u00e9s present\u00f3 los principales ejes\u00a0 y logros que ha tenido el Ministerio durante esta administraci\u00f3n: avance del proceso de instalaci\u00f3n de la nueva institucionalidad; recursos hist\u00f3ricos para el financiamiento del sector (Ley de Presupuestos, Fondos Cultura, PAOCC); un mayor equilibrio presupuestario entre las culturas, las artes y el patrimonio; el desarrollo de diversos proyectos de inversi\u00f3n en infraestructura cultural y patrimonial en todo Chile; y la consolidaci\u00f3n de una agenda de Cultura Digital para el acceso y participaci\u00f3n de la ciudadan\u00eda<\/span><\/p>\n<p style=\"text-align: justify;\"><span lang=\"es\">Tras el encuentro, la ministra Consuelo Vald\u00e9s, se\u00f1al\u00f3:<\/span><span lang=\"es-CL\">\u00a0\u00ab<\/span><span lang=\"es\">Hemos tenido una reuni\u00f3n muy positiva y productiva junto a la nueva ministra, donde pudimos abordar los diferentes aspectos del proceso de traspaso de informaci\u00f3n en los que trabajaremos en conjunto los pr\u00f3ximos d\u00edas y semanas\u00bb, agregando que \u00abharemos todo lo posible y trabajaremos en conjunto para que este proceso de traspaso de informaci\u00f3n sea impecable. Estoy segura que Julieta har\u00e1 un gran trabajo en el Ministerio dado su conocimiento y experiencia en el sector. Ella comprende los desaf\u00edos que tiene la cultura y c\u00f3mo esta es fundamental para un desarrollo integral de Chile\u00bb.<\/span><\/p>\n<p style=\"text-align: justify;\"><span lang=\"es\">Por su parte, Julieta Brodsky, se\u00f1al\u00f3 que \u00abqued\u00e9 muy bien impresionada, fue una reuni\u00f3n muy productiva. Muy buena la actitud que ha tenido la ministra y todo su gabinete en traspasarnos informaci\u00f3n, todo muy transparente. Estamos muy contentas porque ha sido un proceso muy republicano donde, todas las partes estamos interesadas que esto salga lo mejor posible por el bien de la instituci\u00f3n, del sector, de la ciudadan\u00eda en general y eso se ha visto reflejado en esta reuni\u00f3n donde hemos podido acceder a toda la informaci\u00f3n sin ning\u00fan tipo de restricciones. Estamos muy contentas y con muchas tareas para revisar de ahora en adelante\u00bb.<\/span><\/p>\n<p style=\"text-align: justify;\"><span lang=\"es\">Junto a lo anterior, la ministra Vald\u00e9s realiz\u00f3 una\u00a0<\/span><span lang=\"es-CL\">invitaci\u00f3n a la nueva ministra a una segunda reuni\u00f3n en Valpara\u00edso, con el objetivo que conozca el lugar donde se encuentra la sede oficial del Ministerio de las Culturas y conversar desde ah\u00ed los desaf\u00edos que contin\u00faa teniendo la institucionalidad cultural en materia de descentralizaci\u00f3n.<\/span><\/p>\n<p style=\"text-align: justify;\"><span lang=\"es-CL\">\u00a0<\/span><\/p>\n<\/div><\/section><\/div><div  style='height:50px' class='hr hr-invisible   avia-builder-el-6  el_after_av_one_full  el_before_av_social_share '><span class='hr-inner ' ><span class='hr-inner-style'><\/span><\/span><\/div><\/p>\n<div  class='av-social-sharing-box  avia-builder-el-7  el_after_av_hr  el_before_av_hr  '><div class='av-share-box'><h5 class='av-share-link-description av-no-toc '>Compartir esta noticia<\/h5><ul class='av-share-box-list noLightbox'><li class='av-share-link av-social-link-facebook' ><a target=\"_blank\" aria-label=\"Compartir en Facebook\" href='https:\/\/www.facebook.com\/sharer.php?u=https:\/\/radiorevelacionfm.cl\/?p=13963&#038;t=Ministerio%20de%20las%20Culturas%20inicia%20proceso%20de%20traspaso%20con%20reuni%C3%B3n%20de%20ministra%20Consuelo%20Vald%C3%A9s%20y%20su%20sucesora%2C%20Julieta%20Brodsky' aria-hidden='false' data-av_icon='\ue8f3' data-av_iconfont='entypo-fontello' title='' data-avia-related-tooltip='Compartir en Facebook' rel=\"noopener\"><span class='avia_hidden_link_text'>Compartir en Facebook<\/span><\/a><\/li><li class='av-share-link av-social-link-twitter' ><a target=\"_blank\" aria-label=\"Compartir en Twitter\" href='https:\/\/twitter.com\/share?text=Ministerio%20de%20las%20Culturas%20inicia%20proceso%20de%20traspaso%20con%20reuni%C3%B3n%20de%20ministra%20Consuelo%20Vald%C3%A9s%20y%20su%20sucesora%2C%20Julieta%20Brodsky&#038;url=https:\/\/radiorevelacionfm.cl\/?p=13963' aria-hidden='false' data-av_icon='\ue8f1' data-av_iconfont='entypo-fontello' title='' data-avia-related-tooltip='Compartir en Twitter' rel=\"noopener\"><span class='avia_hidden_link_text'>Compartir en Twitter<\/span><\/a><\/li><li class='av-share-link av-social-link-whatsapp' ><a target=\"_blank\" aria-label=\"Compartir en Whatsapp\" href='https:\/\/api.whatsapp.com\/send?text=https:\/\/radiorevelacionfm.cl\/?p=13963' aria-hidden='false' data-av_icon='\uf232' data-av_iconfont='entypo-fontello' title='' data-avia-related-tooltip='Compartir en Whatsapp' rel=\"noopener\"><span class='avia_hidden_link_text'>Compartir en Whatsapp<\/span><\/a><\/li><li class='av-share-link av-social-link-linkedin' ><a target=\"_blank\" aria-label=\"Compartir en LinkedIn\" href='https:\/\/linkedin.com\/shareArticle?mini=true&#038;title=Ministerio%20de%20las%20Culturas%20inicia%20proceso%20de%20traspaso%20con%20reuni%C3%B3n%20de%20ministra%20Consuelo%20Vald%C3%A9s%20y%20su%20sucesora%2C%20Julieta%20Brodsky&#038;url=https:\/\/radiorevelacionfm.cl\/?p=13963' aria-hidden='false' data-av_icon='\ue8fc' data-av_iconfont='entypo-fontello' title='' data-avia-related-tooltip='Compartir en LinkedIn' rel=\"noopener\"><span class='avia_hidden_link_text'>Compartir en LinkedIn<\/span><\/a><\/li><li class='av-share-link av-social-link-mail' ><a  aria-label=\"Compartir por correo\" href='mailto:?subject=Ministerio%20de%20las%20Culturas%20inicia%20proceso%20de%20traspaso%20con%20reuni%C3%B3n%20de%20ministra%20Consuelo%20Vald%C3%A9s%20y%20su%20sucesora%2C%20Julieta%20Brodsky&#038;body=https:\/\/radiorevelacionfm.cl\/?p=13963' aria-hidden='false' data-av_icon='\ue805' data-av_iconfont='entypo-fontello' title='' data-avia-related-tooltip='Compartir por correo'><span class='avia_hidden_link_text'>Compartir por correo<\/span><\/a><\/li><\/ul><\/div><\/div>\n<div  style='height:50px' class='hr hr-invisible   avia-builder-el-8  el_after_av_social_share  el_before_av_comments_list '><span class='hr-inner ' ><span class='hr-inner-style'><\/span><\/span><\/div>\n<div  class='av-buildercomment  av-blog-meta-html-info-disabled av-blog-meta-tag-disabled  '><\/div>\n","protected":false},"excerpt":{"rendered":"","protected":false},"author":1,"featured_media":13964,"comment_status":"open","ping_status":"open","sticky":false,"template":"","format":"standard","meta":{"footnotes":""},"categories":[52],"tags":[],"class_list":["post-13963","post","type-post","status-publish","format-standard","has-post-thumbnail","hentry","category-cultura"],"jetpack_featured_media_url":"https:\/\/radiorevelacionfm.cl\/wp-content\/uploads\/2022\/02\/image-11-1.jpg","_links":{"self":[{"href":"https:\/\/radiorevelacionfm.cl\/index.php?rest_route=\/wp\/v2\/posts\/13963","targetHints":{"allow":["GET"]}}],"collection":[{"href":"https:\/\/radiorevelacionfm.cl\/index.php?rest_route=\/wp\/v2\/posts"}],"about":[{"href":"https:\/\/radiorevelacionfm.cl\/index.php?rest_route=\/wp\/v2\/types\/post"}],"author":[{"embeddable":true,"href":"https:\/\/radiorevelacionfm.cl\/index.php?rest_route=\/wp\/v2\/users\/1"}],"replies":[{"embeddable":true,"href":"https:\/\/radiorevelacionfm.cl\/index.php?rest_route=%2Fwp%2Fv2%2Fcomments&post=13963"}],"version-history":[{"count":2,"href":"https:\/\/radiorevelacionfm.cl\/index.php?rest_route=\/wp\/v2\/posts\/13963\/revisions"}],"predecessor-version":[{"id":13971,"href":"https:\/\/radiorevelacionfm.cl\/index.php?rest_route=\/wp\/v2\/posts\/13963\/revisions\/13971"}],"wp:featuredmedia":[{"embeddable":true,"href":"https:\/\/radiorevelacionfm.cl\/index.php?rest_route=\/wp\/v2\/media\/13964"}],"wp:attachment":[{"href":"https:\/\/radiorevelacionfm.cl\/index.php?rest_route=%2Fwp%2Fv2%2Fmedia&parent=13963"}],"wp:term":[{"taxonomy":"category","embeddable":true,"href":"https:\/\/radiorevelacionfm.cl\/index.php?rest_route=%2Fwp%2Fv2%2Fcategories&post=13963"},{"taxonomy":"post_tag","embeddable":true,"href":"https:\/\/radiorevelacionfm.cl\/index.php?rest_route=%2Fwp%2Fv2%2Ftags&post=13963"}],"curies":[{"name":"wp","href":"https:\/\/api.w.org\/{rel}","templated":true}]}}