{"id":13957,"date":"2022-02-23T10:47:39","date_gmt":"2022-02-23T13:47:39","guid":{"rendered":"https:\/\/radiorevelacionfm.cl\/?p=13957"},"modified":"2022-02-23T10:47:39","modified_gmt":"2022-02-23T13:47:39","slug":"adultos-mayores-de-chile-chico-reciben-fondo-presidente-de-la-republica-para-mejorar-su-sede","status":"publish","type":"post","link":"https:\/\/radiorevelacionfm.cl\/?p=13957","title":{"rendered":"Adultos Mayores de Chile Chico reciben fondo Presidente de la Rep\u00fablica para mejorar su Sede"},"content":{"rendered":"<div class=\"flex_column av_one_full  flex_column_div av-zero-column-padding first  avia-builder-el-0  el_before_av_one_full  avia-builder-el-first  \" style='border-radius:0px; '><div  class='avia-image-container  av-styling-    avia-builder-el-1  avia-builder-el-no-sibling  avia-align-center '  itemprop=\"image\" itemscope=\"itemscope\" itemtype=\"https:\/\/schema.org\/ImageObject\"  ><div class='avia-image-container-inner'><div class='avia-image-overlay-wrap'><img decoding=\"async\" class='wp-image-13958 avia-img-lazy-loading-not-13958 avia_image' src=\"https:\/\/radiorevelacionfm.cl\/wp-content\/uploads\/2022\/02\/adultos-mayores-chch-1_optimized.jpg\" alt='' title='adultos-mayores-chch-(1)_optimized' height=\"600\" width=\"800\"  itemprop=\"thumbnailUrl\" srcset=\"https:\/\/radiorevelacionfm.cl\/wp-content\/uploads\/2022\/02\/adultos-mayores-chch-1_optimized.jpg 800w, https:\/\/radiorevelacionfm.cl\/wp-content\/uploads\/2022\/02\/adultos-mayores-chch-1_optimized-300x225.jpg 300w, https:\/\/radiorevelacionfm.cl\/wp-content\/uploads\/2022\/02\/adultos-mayores-chch-1_optimized-768x576.jpg 768w, https:\/\/radiorevelacionfm.cl\/wp-content\/uploads\/2022\/02\/adultos-mayores-chch-1_optimized-705x529.jpg 705w, https:\/\/radiorevelacionfm.cl\/wp-content\/uploads\/2022\/02\/adultos-mayores-chch-1_optimized-600x450.jpg 600w\" sizes=\"(max-width: 800px) 100vw, 800px\" \/><\/div><\/div><\/div><\/div>\n<div class=\"flex_column av_one_full  flex_column_div av-zero-column-padding first  avia-builder-el-2  el_after_av_one_full  el_before_av_one_full  column-top-margin\" style='border-radius:0px; '><section class=\"av_textblock_section \"  itemscope=\"itemscope\" itemtype=\"https:\/\/schema.org\/BlogPosting\" itemprop=\"blogPost\" ><div class='avia_textblock  '   itemprop=\"text\" ><p style=\"text-align: center;\"><strong><span style=\"font-size: 18pt;\">Adultos Mayores de Chile Chico reciben fondo Presidente de la Rep\u00fablica para mejorar su Sede<\/span><\/strong><\/p>\n<div id=\"gtx-trans\" style=\"position: absolute; left: -50px; top: 4.31534px;\">\n<div class=\"gtx-trans-icon\"><\/div>\n<\/div>\n<\/div><\/section><\/div><div class=\"flex_column av_one_full  flex_column_div av-zero-column-padding first  avia-builder-el-4  el_after_av_one_full  el_before_av_hr  column-top-margin\" style='border-radius:0px; '><section class=\"av_textblock_section \"  itemscope=\"itemscope\" itemtype=\"https:\/\/schema.org\/BlogPosting\" itemprop=\"blogPost\" ><div class='avia_textblock  '   itemprop=\"text\" ><p style=\"text-align: justify;\">En el sal\u00f3n principal de la sede de Adultos Mayores, ubicada en Pedro Burgos #298, estaban sentados Jaime, Ignacio, Arnaldo y Ra\u00fal, miembros de la Asociaci\u00f3n de Pensionados y Jubilados Humberto Orellana Mella de Chile Chico. Intentaban recopilar la historia del edificio d\u00f3nde se encontraban, ninguno ten\u00eda certeza de c\u00f3mo se construy\u00f3 ni de cu\u00e1ntos a\u00f1os ten\u00eda el lugar, coincid\u00edan en que se fue erigiendo por partes con esfuerzos propios de los miembros actuales y pasados, sin embargo, todos estaban de acuerdo en que la sede necesitaba ser remodelada.<span id=\"more-97019\"><\/span><\/p>\n<p style=\"text-align: justify;\">El viernes pasado el Delegado Presidencial Provincial de General Carrera (s) Diego Silva, fue visitar la sede en conjunto a la directiva del, coloquialmente conocido, club de adultos mayores, para hacerle entrega de un cheque simb\u00f3lico (junto a uno real) que permitir\u00e1 concretar este a\u00f1o las aspiraciones de los 30 socios, entre otras cosas, tener accesibilidad universal, mejorar ba\u00f1os, ampliar la cocina y reparar la techumbre que actualmente se gotea.<\/p>\n<p style=\"text-align: justify;\">Este Fondo Presidente de la Rep\u00fablica es en su modalidad \u201cNacional\u201d, es decir, compite con proyectos de todo Chile. Esta mayor dificultad y esfuerzo lo recuerda el presidente de la Asociaci\u00f3n Arnaldo Cruz quien afirma que esta es al menos la tercera vez que lo postulan, lo que se suma a postulaciones a otros fondos, por lo mismo, la felicidad al conseguir los casi $15 millones fue inmensa.<\/p>\n<p style=\"text-align: justify;\">El DPP (s) de General Carrera, Diego Silva, sostuvo \u201cMuy contentos y orgullosos como Gobierno por la entrega de este fondo Presidente de la Rep\u00fablica a la Asociaci\u00f3n de pensionados y jubilados de Humberto Orellana Mella (\u2026) estamos muy contentos de poder colaborar como Gobierno a esta asociaci\u00f3n donde se re\u00fanen, donde se ponen a conversar todas las experiencias de vida\u201d, Silva Barrera adem\u00e1s destac\u00f3 c\u00f3mo estos arreglos mejorar\u00e1n la calidad de la sede.<\/p>\n<p style=\"text-align: justify;\">Por su parte el presidente de la asociaci\u00f3n y concejal de Chile Chico, Arnaldo Cruz, coment\u00f3 que \u201cnecesit\u00e1bamos que esto tuviera una mejor\u00eda porque en realidad los ba\u00f1os s\u00faper antiguos, hace poco le cambiamos la grifer\u00eda, pero son ba\u00f1os que se hicieron hace mucho tiempo y a pulso. Con todo lo que pretendemos hacerle va a quedar una cosa m\u00e1s c\u00f3moda, m\u00e1s amplia, se va a poder trabajar mejor\u201d destacaba Cruz Pe\u00f1aloza.<\/p>\n<p style=\"text-align: justify;\">Respecto al futuro desde la asociaci\u00f3n no se amilanan y ya buscan c\u00f3mo seguir creciendo \u201cNosotros tenemos sue\u00f1os bien grandes, pero por ejemplo escuchaba de algunos antiguos socios ver a qu\u00e9 otros fondos podemos aspirar, porque, por ejemplo ser\u00eda ideal contar con un segundo piso y que arriba uno pudiese tener dormitorios, porque de repente uno puede invitar a un club de cualquier parte y ah\u00ed tendr\u00edamos c\u00f3mo ellos pudieran alojarse\u201d.<\/p>\n<p style=\"text-align: justify;\">El fondo Presidente de la Rep\u00fablica se postula de manera anual, durante el 2021 permiti\u00f3 la construcci\u00f3n de una sede en Chile Chico y la mejora de una sede en Puerto Bertrand. Durante el 2022 las postulaciones ser\u00e1n abiertas durante los pr\u00f3ximos meses para todas las organizaciones sociales sin fines de lucro.<\/p>\n<\/div><\/section><\/div><\/p>\n<div  style='height:50px' class='hr hr-invisible   avia-builder-el-6  el_after_av_one_full  el_before_av_social_share '><span class='hr-inner ' ><span class='hr-inner-style'><\/span><\/span><\/div>\n<div  class='av-social-sharing-box  avia-builder-el-7  el_after_av_hr  el_before_av_hr  '><div class='av-share-box'><h5 class='av-share-link-description av-no-toc '>Compartir esta noticia<\/h5><ul class='av-share-box-list noLightbox'><li class='av-share-link av-social-link-facebook' ><a target=\"_blank\" aria-label=\"Compartir en Facebook\" href='https:\/\/www.facebook.com\/sharer.php?u=https:\/\/radiorevelacionfm.cl\/?p=13957&#038;t=Adultos%20Mayores%20de%20Chile%20Chico%20reciben%20fondo%20Presidente%20de%20la%20Rep%C3%BAblica%20para%20mejorar%20su%20Sede' aria-hidden='false' data-av_icon='\ue8f3' data-av_iconfont='entypo-fontello' title='' data-avia-related-tooltip='Compartir en Facebook' rel=\"noopener\"><span class='avia_hidden_link_text'>Compartir en Facebook<\/span><\/a><\/li><li class='av-share-link av-social-link-twitter' ><a target=\"_blank\" aria-label=\"Compartir en Twitter\" href='https:\/\/twitter.com\/share?text=Adultos%20Mayores%20de%20Chile%20Chico%20reciben%20fondo%20Presidente%20de%20la%20Rep%C3%BAblica%20para%20mejorar%20su%20Sede&#038;url=https:\/\/radiorevelacionfm.cl\/?p=13957' aria-hidden='false' data-av_icon='\ue8f1' data-av_iconfont='entypo-fontello' title='' data-avia-related-tooltip='Compartir en Twitter' rel=\"noopener\"><span class='avia_hidden_link_text'>Compartir en Twitter<\/span><\/a><\/li><li class='av-share-link av-social-link-whatsapp' ><a target=\"_blank\" aria-label=\"Compartir en Whatsapp\" href='https:\/\/api.whatsapp.com\/send?text=https:\/\/radiorevelacionfm.cl\/?p=13957' aria-hidden='false' data-av_icon='\uf232' data-av_iconfont='entypo-fontello' title='' data-avia-related-tooltip='Compartir en Whatsapp' rel=\"noopener\"><span class='avia_hidden_link_text'>Compartir en Whatsapp<\/span><\/a><\/li><li class='av-share-link av-social-link-linkedin' ><a target=\"_blank\" aria-label=\"Compartir en LinkedIn\" href='https:\/\/linkedin.com\/shareArticle?mini=true&#038;title=Adultos%20Mayores%20de%20Chile%20Chico%20reciben%20fondo%20Presidente%20de%20la%20Rep%C3%BAblica%20para%20mejorar%20su%20Sede&#038;url=https:\/\/radiorevelacionfm.cl\/?p=13957' aria-hidden='false' data-av_icon='\ue8fc' data-av_iconfont='entypo-fontello' title='' data-avia-related-tooltip='Compartir en LinkedIn' rel=\"noopener\"><span class='avia_hidden_link_text'>Compartir en LinkedIn<\/span><\/a><\/li><li class='av-share-link av-social-link-mail' ><a  aria-label=\"Compartir por correo\" href='mailto:?subject=Adultos%20Mayores%20de%20Chile%20Chico%20reciben%20fondo%20Presidente%20de%20la%20Rep%C3%BAblica%20para%20mejorar%20su%20Sede&#038;body=https:\/\/radiorevelacionfm.cl\/?p=13957' aria-hidden='false' data-av_icon='\ue805' data-av_iconfont='entypo-fontello' title='' data-avia-related-tooltip='Compartir por correo'><span class='avia_hidden_link_text'>Compartir por correo<\/span><\/a><\/li><\/ul><\/div><\/div>\n<div  style='height:50px' class='hr hr-invisible   avia-builder-el-8  el_after_av_social_share  el_before_av_comments_list '><span class='hr-inner ' ><span class='hr-inner-style'><\/span><\/span><\/div>\n<div  class='av-buildercomment  av-blog-meta-html-info-disabled av-blog-meta-tag-disabled  '><\/div>\n","protected":false},"excerpt":{"rendered":"","protected":false},"author":1,"featured_media":13958,"comment_status":"open","ping_status":"open","sticky":false,"template":"","format":"standard","meta":{"footnotes":""},"categories":[38],"tags":[],"class_list":["post-13957","post","type-post","status-publish","format-standard","has-post-thumbnail","hentry","category-regional"],"jetpack_featured_media_url":"https:\/\/radiorevelacionfm.cl\/wp-content\/uploads\/2022\/02\/adultos-mayores-chch-1_optimized.jpg","_links":{"self":[{"href":"https:\/\/radiorevelacionfm.cl\/index.php?rest_route=\/wp\/v2\/posts\/13957","targetHints":{"allow":["GET"]}}],"collection":[{"href":"https:\/\/radiorevelacionfm.cl\/index.php?rest_route=\/wp\/v2\/posts"}],"about":[{"href":"https:\/\/radiorevelacionfm.cl\/index.php?rest_route=\/wp\/v2\/types\/post"}],"author":[{"embeddable":true,"href":"https:\/\/radiorevelacionfm.cl\/index.php?rest_route=\/wp\/v2\/users\/1"}],"replies":[{"embeddable":true,"href":"https:\/\/radiorevelacionfm.cl\/index.php?rest_route=%2Fwp%2Fv2%2Fcomments&post=13957"}],"version-history":[{"count":3,"href":"https:\/\/radiorevelacionfm.cl\/index.php?rest_route=\/wp\/v2\/posts\/13957\/revisions"}],"predecessor-version":[{"id":13962,"href":"https:\/\/radiorevelacionfm.cl\/index.php?rest_route=\/wp\/v2\/posts\/13957\/revisions\/13962"}],"wp:featuredmedia":[{"embeddable":true,"href":"https:\/\/radiorevelacionfm.cl\/index.php?rest_route=\/wp\/v2\/media\/13958"}],"wp:attachment":[{"href":"https:\/\/radiorevelacionfm.cl\/index.php?rest_route=%2Fwp%2Fv2%2Fmedia&parent=13957"}],"wp:term":[{"taxonomy":"category","embeddable":true,"href":"https:\/\/radiorevelacionfm.cl\/index.php?rest_route=%2Fwp%2Fv2%2Fcategories&post=13957"},{"taxonomy":"post_tag","embeddable":true,"href":"https:\/\/radiorevelacionfm.cl\/index.php?rest_route=%2Fwp%2Fv2%2Ftags&post=13957"}],"curies":[{"name":"wp","href":"https:\/\/api.w.org\/{rel}","templated":true}]}}