{"id":13954,"date":"2022-02-23T09:28:08","date_gmt":"2022-02-23T12:28:08","guid":{"rendered":"https:\/\/radiorevelacionfm.cl\/?p=13954"},"modified":"2022-02-23T09:28:08","modified_gmt":"2022-02-23T12:28:08","slug":"inicio-pago-del-aporte-familiar-permanente-2022-a-mas-de-4-mil-familias-ayseninas","status":"publish","type":"post","link":"https:\/\/radiorevelacionfm.cl\/?p=13954","title":{"rendered":"Inici\u00f3 pago del Aporte Familiar Permanente 2022 a m\u00e1s de 4 mil familias ayseninas"},"content":{"rendered":"<div class=\"flex_column av_one_full  flex_column_div av-zero-column-padding first  avia-builder-el-0  el_before_av_one_full  avia-builder-el-first  \" style='border-radius:0px; '><div  class='avia-image-container  av-styling-    avia-builder-el-1  avia-builder-el-no-sibling  avia-align-center '  itemprop=\"image\" itemscope=\"itemscope\" itemtype=\"https:\/\/schema.org\/ImageObject\"  ><div class='avia-image-container-inner'><div class='avia-image-overlay-wrap'><img decoding=\"async\" class='wp-image-13955 avia-img-lazy-loading-not-13955 avia_image' src=\"https:\/\/radiorevelacionfm.cl\/wp-content\/uploads\/2022\/02\/dsc00042-1_optimized.jpg\" alt='' title='dsc00042-(1)_optimized' height=\"600\" width=\"800\"  itemprop=\"thumbnailUrl\" srcset=\"https:\/\/radiorevelacionfm.cl\/wp-content\/uploads\/2022\/02\/dsc00042-1_optimized.jpg 800w, https:\/\/radiorevelacionfm.cl\/wp-content\/uploads\/2022\/02\/dsc00042-1_optimized-300x225.jpg 300w, https:\/\/radiorevelacionfm.cl\/wp-content\/uploads\/2022\/02\/dsc00042-1_optimized-768x576.jpg 768w, https:\/\/radiorevelacionfm.cl\/wp-content\/uploads\/2022\/02\/dsc00042-1_optimized-705x529.jpg 705w, https:\/\/radiorevelacionfm.cl\/wp-content\/uploads\/2022\/02\/dsc00042-1_optimized-600x450.jpg 600w\" sizes=\"(max-width: 800px) 100vw, 800px\" \/><\/div><\/div><\/div><\/div><div class=\"flex_column av_one_full  flex_column_div av-zero-column-padding first  avia-builder-el-2  el_after_av_one_full  el_before_av_one_full  column-top-margin\" style='border-radius:0px; '><section class=\"av_textblock_section \"  itemscope=\"itemscope\" itemtype=\"https:\/\/schema.org\/BlogPosting\" itemprop=\"blogPost\" ><div class='avia_textblock  '   itemprop=\"text\" ><p style=\"text-align: center;\"><strong><span style=\"font-size: 18pt;\">Inici\u00f3 pago del Aporte Familiar Permanente 2022 a m\u00e1s de 4 mil familias ayseninas<\/span><\/strong><\/p>\n<div id=\"gtx-trans\" style=\"position: absolute; left: -50px; top: 4.31534px;\">\n<div class=\"gtx-trans-icon\"><\/div>\n<\/div>\n<\/div><\/section><\/div><div class=\"flex_column av_one_full  flex_column_div av-zero-column-padding first  avia-builder-el-4  el_after_av_one_full  el_before_av_hr  column-top-margin\" style='border-radius:0px; '><section class=\"av_textblock_section \"  itemscope=\"itemscope\" itemtype=\"https:\/\/schema.org\/BlogPosting\" itemprop=\"blogPost\" ><div class='avia_textblock  '   itemprop=\"text\" ><p style=\"text-align: justify;\">El Instituto de Previsi\u00f3n Social \u2013 IPS Ays\u00e9n, informa que ya se inici\u00f3 el pago del Aporte Familiar Permanente 2022. La entrega del tradicional beneficio, conocido tambi\u00e9n como \u201cBono Marzo\u201d, inici\u00f3 el 15 de febrero llegando al denominado primer grupo de beneficiarios y beneficiarias. Estas familias corresponden a personas que reciben beneficios de Subsidio Familiar, Chile Solidario o del Subsistema de Seguridades y Oportunidades (Ingreso \u00c9tico Familiar), las que este a\u00f1o recibir\u00e1n un monto de $52.710 por carga familiar o familia, seg\u00fan el tipo de beneficiario.<\/p>\n<p style=\"text-align: justify;\">As\u00ed lo anunci\u00f3\u00a0 la seremi del Trabajo y Previsi\u00f3n Social, Andrea Ponce, quien explic\u00f3 que esta primera n\u00f3mina la integran m\u00e1s de 453 mil familias de todo Chile, que recibir\u00e1n el Aporte Familiar Permanente entre el 15 y el 28 de febrero. De ellas, m\u00e1s de 4 mil corresponden a la Regi\u00f3n de Ays\u00e9n.<\/p>\n<p style=\"text-align: justify;\">La Secretaria Regional Ministerial hizo hincapi\u00e9 en que para esta ayuda no es necesario postular pues, para quienes cumplen con los requisitos, viene incluida en el beneficio que mensualmente cobran en el IPS<em>. \u201c<\/em>Contarles a todos que ya se inici\u00f3 el pago de este ex Bono Marzo, que hoy d\u00eda se llama Aporte Familiar Permanente. La suma es de $52.710. Esto no tiene relaci\u00f3n con alg\u00fan tr\u00e1mite especial que tengan que hacer las personas beneficiadas; esto llega autom\u00e1ticamente con sus pagos\u201d, reforz\u00f3 la autoridad.<\/p>\n<p style=\"text-align: justify;\">Por su parte, la jefa de la sucursal IPS Coyhaique, Daniela Catal\u00e1n agreg\u00f3 que desde la fecha de emisi\u00f3n del documento de pago, las y los beneficiarios cuentan con un plazo de <strong>nueve meses<\/strong> <strong>para cobrar<\/strong> el Aporte Familiar. En tanto, si una persona cree cumplir con los requisitos legales, pero no aparece con derecho a recibir esta ayuda, o recibi\u00f3 pago por menos cargas familiares de las que le correspond\u00edan, tendr\u00e1<strong> un a\u00f1o para presentar un reclamo<\/strong> en www.aportefamiliar.cl, <strong>a contar del 15 de marzo de 2022. <\/strong><\/p>\n<p style=\"text-align: justify;\">En este contexto, la representante del IPS \u2013 ChileAtiende llam\u00f3 a la ciudadan\u00eda a utilizar los distintos canales disponibles en caso de dudas. \u201cPara cualquier consulta, puedan acercarse a nuestras sucursales; tambi\u00e9n en la p\u00e1gina del Aporte Familiar Permanente <em>(<\/em><a href=\"http:\/\/www.aportefamiliar.cl\"><em>www.aportefamiliar.cl<\/em><\/a><em>) d<\/em>onde ingresan su RUT, su fecha de nacimiento y el sistema autom\u00e1ticamente les va a mostrar si son o no beneficiarios\u201d.<\/p>\n<p style=\"text-align: justify;\"><strong>En nuestra regi\u00f3n<\/strong><\/p>\n<p style=\"text-align: justify;\">Con la publicaci\u00f3n de las tres primeras n\u00f3minas de personas beneficiarias -cuyas fechas de difusi\u00f3n son 15 de febrero, 1 de marzo y 15 de marzo-, se estima que en la regi\u00f3n de Ays\u00e9n este beneficio llegar\u00e1 inicialmente a <strong>m\u00e1s de 4 mil familias<\/strong>, las que en conjunto recibir\u00e1n <strong>m\u00e1s de 9 mil aportes familiares<\/strong>.<\/p>\n<p style=\"text-align: justify;\">Una de las primeras favorecidas con el esperado Aporte Familiar Permanente fue Cristina Barrientos, quien recibe una Pensi\u00f3n de Invalidez por parte de su AFP, a la que se suma un Aporte Previsional Solidario de Invalidez (APSI) por parte del Estado. Al tener como carga sus dos hijas, estudiantes de 9 y 21 a\u00f1os, respectivamente, la pensionada recibe el beneficio por cada una de ellas, noticia que por supuesto, fue muy bien acogida.<\/p>\n<p style=\"text-align: justify;\">\u201c\u00a1S\u00faper bueno! Ya este a\u00f1o vienen las clases presenciales, vienen los gastos de \u00fatiles escolares, de uniforme, zapatos\u2026 La que est\u00e1 en la universidad tambi\u00e9n\u2026 Entonces es muy importante. Ayuda a cubrir muchos gastos en este tiempo\u201d, precis\u00f3 Cristina Barrientos.<\/p>\n<p style=\"text-align: justify;\">Continuando en esta l\u00ednea, Andrea Ponce se\u00f1al\u00f3 que, a nivel regional, el Estado desembolsar\u00e1 <strong>m\u00e1s de 485 millones de pesos<\/strong> en la entrega de este beneficio, el cual busca aliviar el impacto en el presupuesto de las familias de menores ingresos por los gastos que deben enfrentar durante el mes de marzo.<\/p>\n<p style=\"text-align: justify;\">Para m\u00e1s informaci\u00f3n y consultas, est\u00e1n disponibles los sitios www.aportefamiliar.cl, www.chileatiende.cl, el Call Center 101 (opci\u00f3n 1) y las redes sociales ChileAtiende en Facebook, Twitter e Instagram.<\/p>\n<table>\n<tbody>\n<tr>\n<td width=\"589\"><strong>\u00bfQui\u00e9nes reciben el Aporte Familiar Permanente y qu\u00e9 requisitos deben cumplir?<\/strong><\/p>\n<p>El Aporte Familiar Permanente 2022 beneficiar\u00e1 a quienes recib\u00edan <strong>al 31 de diciembre del 2021<\/strong>, los siguientes beneficios:<\/p>\n<ul>\n<li>Personas con Subsidio Familiar: reciben un Aporte<strong> por cada causante de subsidio<\/strong> (hijo o persona por quien cobran el subsidio).<\/li>\n<li>Personas con Asignaci\u00f3n Familiar o Maternal: reciben un Aporte <strong>por cada carga familiar<\/strong>.<\/li>\n<li>Familias pertenecientes al Subsistema de Seguridades y Oportunidades (Ingreso \u00c9tico Familiar) o Chile Solidario: reciben un Aporte <strong>por familia<\/strong>.<\/li>\n<\/ul>\n<p><u>\u00a0<\/u><\/p>\n<p>Para tener derecho al beneficio, las cargas familiares deben estar acreditadas al 31 de diciembre de 2021.<\/td>\n<\/tr>\n<\/tbody>\n<\/table>\n<p><strong>PROYECCI\u00d3N DE BENEFICIARIOS APORTE FAMILIAR PERMANENTE 2022<\/strong><\/p>\n<p><strong>1er. Grupo (personas con pagos entre el 15 y 28 de febrero de 2022)<\/strong><\/p>\n<table width=\"609\">\n<tbody>\n<tr>\n<td rowspan=\"3\" width=\"105\"><strong>REGI\u00d3N<\/strong><\/td>\n<td rowspan=\"3\" width=\"135\"><strong>COMUNA<\/strong><\/td>\n<td colspan=\"3\" width=\"369\"><strong>PROYECCI\u00d3N FEBRERO\/2022<\/strong><\/td>\n<\/tr>\n<tr>\n<td colspan=\"3\" width=\"369\"><strong>BENEFICIARIOS N\u00d3MINA 1<\/strong><\/td>\n<\/tr>\n<tr>\n<td width=\"88\"><strong>N\u00ba Familias beneficiadas<\/strong><\/td>\n<td width=\"143\"><strong>N\u00b0 Aportes Familiares\u00a0\u00a0\u00a0\u00a0\u00a0\u00a0\u00a0\u00a0\u00a0\u00a0 \u00a0\u00a0\u00a0(hay familias que reciben m\u00e1s de un Aporte)<\/strong><\/td>\n<td width=\"139\"><strong>Montos ($) <\/strong><\/td>\n<\/tr>\n<tr>\n<td rowspan=\"10\" width=\"105\">AYS\u00c9N<\/td>\n<td width=\"135\">CHILE CHICO<\/td>\n<td width=\"88\">232<\/td>\n<td width=\"143\">444<\/td>\n<td width=\"139\">23.403.240<\/td>\n<\/tr>\n<tr>\n<td width=\"135\">PUERTO CISNES<\/td>\n<td width=\"88\">228<\/td>\n<td width=\"143\">479<\/td>\n<td width=\"139\">25.248.090<\/td>\n<\/tr>\n<tr>\n<td width=\"135\">COCHRANE<\/td>\n<td width=\"88\">148<\/td>\n<td width=\"143\">317<\/td>\n<td width=\"139\">16.709.070<\/td>\n<\/tr>\n<tr>\n<td width=\"135\">COYHAIQUE<\/td>\n<td width=\"88\">2.024<\/td>\n<td width=\"143\">4.704<\/td>\n<td width=\"139\">247.947.840<\/td>\n<\/tr>\n<tr>\n<td width=\"135\">GUAITECAS<\/td>\n<td width=\"88\">45<\/td>\n<td width=\"143\">99<\/td>\n<td width=\"139\">5.218.290<\/td>\n<\/tr>\n<tr>\n<td width=\"135\">LAGO VERDE<\/td>\n<td width=\"88\">36<\/td>\n<td width=\"143\">84<\/td>\n<td width=\"139\">4.427.640<\/td>\n<\/tr>\n<tr>\n<td width=\"135\">OHIGGINS<\/td>\n<td width=\"88\">40<\/td>\n<td width=\"143\">102<\/td>\n<td width=\"139\">5.376.420<\/td>\n<\/tr>\n<tr>\n<td width=\"135\">PUERTO AYS\u00c9N<\/td>\n<td width=\"88\">1.143<\/td>\n<td width=\"143\">2.606<\/td>\n<td width=\"139\">137.362.260<\/td>\n<\/tr>\n<tr>\n<td width=\"135\">R\u00cdO IB\u00c1\u00d1EZ<\/td>\n<td width=\"88\">153<\/td>\n<td width=\"143\">308<\/td>\n<td width=\"139\">16.234.680<\/td>\n<\/tr>\n<tr>\n<td width=\"135\">TORTEL<\/td>\n<td width=\"88\">34<\/td>\n<td width=\"143\">75<\/td>\n<td width=\"139\">3.953.250<\/td>\n<\/tr>\n<tr>\n<td colspan=\"2\" width=\"240\"><strong>TOTAL REGI\u00d3N AYS\u00c9N 1ra. N\u00d3MINA<\/strong><\/td>\n<td width=\"88\"><strong>4.083<\/strong><\/td>\n<td width=\"143\"><strong>9.218<\/strong><\/td>\n<td width=\"139\"><strong>485.880.780<\/strong><\/td>\n<\/tr>\n<\/tbody>\n<\/table>\n<\/div><\/section><\/div><div  style='height:50px' class='hr hr-invisible   avia-builder-el-6  el_after_av_one_full  el_before_av_social_share '><span class='hr-inner ' ><span class='hr-inner-style'><\/span><\/span><\/div><\/p>\n<div  class='av-social-sharing-box  avia-builder-el-7  el_after_av_hr  el_before_av_hr  '><div class='av-share-box'><h5 class='av-share-link-description av-no-toc '>Compartir esta noticia<\/h5><ul class='av-share-box-list noLightbox'><li class='av-share-link av-social-link-facebook' ><a target=\"_blank\" aria-label=\"Compartir en Facebook\" href='https:\/\/www.facebook.com\/sharer.php?u=https:\/\/radiorevelacionfm.cl\/?p=13954&#038;t=Inici%C3%B3%20pago%20del%20Aporte%20Familiar%20Permanente%202022%20a%20m%C3%A1s%20de%204%20mil%20familias%20ayseninas' aria-hidden='false' data-av_icon='\ue8f3' data-av_iconfont='entypo-fontello' title='' data-avia-related-tooltip='Compartir en Facebook' rel=\"noopener\"><span class='avia_hidden_link_text'>Compartir en Facebook<\/span><\/a><\/li><li class='av-share-link av-social-link-twitter' ><a target=\"_blank\" aria-label=\"Compartir en Twitter\" href='https:\/\/twitter.com\/share?text=Inici%C3%B3%20pago%20del%20Aporte%20Familiar%20Permanente%202022%20a%20m%C3%A1s%20de%204%20mil%20familias%20ayseninas&#038;url=https:\/\/radiorevelacionfm.cl\/?p=13954' aria-hidden='false' data-av_icon='\ue8f1' data-av_iconfont='entypo-fontello' title='' data-avia-related-tooltip='Compartir en Twitter' rel=\"noopener\"><span class='avia_hidden_link_text'>Compartir en Twitter<\/span><\/a><\/li><li class='av-share-link av-social-link-whatsapp' ><a target=\"_blank\" aria-label=\"Compartir en Whatsapp\" href='https:\/\/api.whatsapp.com\/send?text=https:\/\/radiorevelacionfm.cl\/?p=13954' aria-hidden='false' data-av_icon='\uf232' data-av_iconfont='entypo-fontello' title='' data-avia-related-tooltip='Compartir en Whatsapp' rel=\"noopener\"><span class='avia_hidden_link_text'>Compartir en Whatsapp<\/span><\/a><\/li><li class='av-share-link av-social-link-linkedin' ><a target=\"_blank\" aria-label=\"Compartir en LinkedIn\" href='https:\/\/linkedin.com\/shareArticle?mini=true&#038;title=Inici%C3%B3%20pago%20del%20Aporte%20Familiar%20Permanente%202022%20a%20m%C3%A1s%20de%204%20mil%20familias%20ayseninas&#038;url=https:\/\/radiorevelacionfm.cl\/?p=13954' aria-hidden='false' data-av_icon='\ue8fc' data-av_iconfont='entypo-fontello' title='' data-avia-related-tooltip='Compartir en LinkedIn' rel=\"noopener\"><span class='avia_hidden_link_text'>Compartir en LinkedIn<\/span><\/a><\/li><li class='av-share-link av-social-link-mail' ><a  aria-label=\"Compartir por correo\" href='mailto:?subject=Inici%C3%B3%20pago%20del%20Aporte%20Familiar%20Permanente%202022%20a%20m%C3%A1s%20de%204%20mil%20familias%20ayseninas&#038;body=https:\/\/radiorevelacionfm.cl\/?p=13954' aria-hidden='false' data-av_icon='\ue805' data-av_iconfont='entypo-fontello' title='' data-avia-related-tooltip='Compartir por correo'><span class='avia_hidden_link_text'>Compartir por correo<\/span><\/a><\/li><\/ul><\/div><\/div>\n<div  style='height:50px' class='hr hr-invisible   avia-builder-el-8  el_after_av_social_share  el_before_av_comments_list '><span class='hr-inner ' ><span class='hr-inner-style'><\/span><\/span><\/div>\n<div  class='av-buildercomment  av-blog-meta-html-info-disabled av-blog-meta-tag-disabled  '><\/div>\n","protected":false},"excerpt":{"rendered":"","protected":false},"author":1,"featured_media":13955,"comment_status":"open","ping_status":"open","sticky":false,"template":"","format":"standard","meta":{"footnotes":""},"categories":[38],"tags":[],"class_list":["post-13954","post","type-post","status-publish","format-standard","has-post-thumbnail","hentry","category-regional"],"jetpack_featured_media_url":"https:\/\/radiorevelacionfm.cl\/wp-content\/uploads\/2022\/02\/dsc00042-1_optimized.jpg","_links":{"self":[{"href":"https:\/\/radiorevelacionfm.cl\/index.php?rest_route=\/wp\/v2\/posts\/13954","targetHints":{"allow":["GET"]}}],"collection":[{"href":"https:\/\/radiorevelacionfm.cl\/index.php?rest_route=\/wp\/v2\/posts"}],"about":[{"href":"https:\/\/radiorevelacionfm.cl\/index.php?rest_route=\/wp\/v2\/types\/post"}],"author":[{"embeddable":true,"href":"https:\/\/radiorevelacionfm.cl\/index.php?rest_route=\/wp\/v2\/users\/1"}],"replies":[{"embeddable":true,"href":"https:\/\/radiorevelacionfm.cl\/index.php?rest_route=%2Fwp%2Fv2%2Fcomments&post=13954"}],"version-history":[{"count":2,"href":"https:\/\/radiorevelacionfm.cl\/index.php?rest_route=\/wp\/v2\/posts\/13954\/revisions"}],"predecessor-version":[{"id":13961,"href":"https:\/\/radiorevelacionfm.cl\/index.php?rest_route=\/wp\/v2\/posts\/13954\/revisions\/13961"}],"wp:featuredmedia":[{"embeddable":true,"href":"https:\/\/radiorevelacionfm.cl\/index.php?rest_route=\/wp\/v2\/media\/13955"}],"wp:attachment":[{"href":"https:\/\/radiorevelacionfm.cl\/index.php?rest_route=%2Fwp%2Fv2%2Fmedia&parent=13954"}],"wp:term":[{"taxonomy":"category","embeddable":true,"href":"https:\/\/radiorevelacionfm.cl\/index.php?rest_route=%2Fwp%2Fv2%2Fcategories&post=13954"},{"taxonomy":"post_tag","embeddable":true,"href":"https:\/\/radiorevelacionfm.cl\/index.php?rest_route=%2Fwp%2Fv2%2Ftags&post=13954"}],"curies":[{"name":"wp","href":"https:\/\/api.w.org\/{rel}","templated":true}]}}