{"id":13950,"date":"2022-02-22T18:33:07","date_gmt":"2022-02-22T21:33:07","guid":{"rendered":"https:\/\/radiorevelacionfm.cl\/?p=13950"},"modified":"2022-02-22T18:33:07","modified_gmt":"2022-02-22T21:33:07","slug":"gobierno-anuncia-extension-del-ife-laboral-y-del-subsidio-protege-hasta-junio","status":"publish","type":"post","link":"https:\/\/radiorevelacionfm.cl\/?p=13950","title":{"rendered":"Gobierno anuncia extensi\u00f3n del IFE Laboral y del Subsidio Protege hasta junio"},"content":{"rendered":"<div class=\"flex_column av_one_full  flex_column_div av-zero-column-padding first  avia-builder-el-0  el_before_av_one_full  avia-builder-el-first  \" style='border-radius:0px; '><div  class='avia-image-container  av-styling-    avia-builder-el-1  avia-builder-el-no-sibling  avia-align-center '  itemprop=\"image\" itemscope=\"itemscope\" itemtype=\"https:\/\/schema.org\/ImageObject\"  ><div class='avia-image-container-inner'><div class='avia-image-overlay-wrap'><img decoding=\"async\" class='wp-image-13951 avia-img-lazy-loading-not-13951 avia_image' src=\"https:\/\/radiorevelacionfm.cl\/wp-content\/uploads\/2022\/02\/image-10-1.jpg\" alt='' title='image (10) (1)' height=\"600\" width=\"972\"  itemprop=\"thumbnailUrl\" srcset=\"https:\/\/radiorevelacionfm.cl\/wp-content\/uploads\/2022\/02\/image-10-1.jpg 972w, https:\/\/radiorevelacionfm.cl\/wp-content\/uploads\/2022\/02\/image-10-1-300x185.jpg 300w, https:\/\/radiorevelacionfm.cl\/wp-content\/uploads\/2022\/02\/image-10-1-768x474.jpg 768w, https:\/\/radiorevelacionfm.cl\/wp-content\/uploads\/2022\/02\/image-10-1-705x435.jpg 705w, https:\/\/radiorevelacionfm.cl\/wp-content\/uploads\/2022\/02\/image-10-1-600x370.jpg 600w\" sizes=\"(max-width: 972px) 100vw, 972px\" \/><\/div><\/div><\/div><\/div><div class=\"flex_column av_one_full  flex_column_div av-zero-column-padding first  avia-builder-el-2  el_after_av_one_full  el_before_av_one_full  column-top-margin\" style='border-radius:0px; '><section class=\"av_textblock_section \"  itemscope=\"itemscope\" itemtype=\"https:\/\/schema.org\/BlogPosting\" itemprop=\"blogPost\" ><div class='avia_textblock  '   itemprop=\"text\" ><p style=\"text-align: center;\"><strong><span style=\"font-size: 18pt;\">Gobierno anuncia extensi\u00f3n del IFE Laboral y del Subsidio Protege hasta junio<\/span><\/strong><\/p>\n<div id=\"gtx-trans\" style=\"position: absolute; left: -50px; top: 4.31534px;\">\n<div class=\"gtx-trans-icon\"><\/div>\n<\/div>\n<\/div><\/section><\/div><div class=\"flex_column av_one_full  flex_column_div av-zero-column-padding first  avia-builder-el-4  el_after_av_one_full  el_before_av_hr  column-top-margin\" style='border-radius:0px; '><section class=\"av_textblock_section \"  itemscope=\"itemscope\" itemtype=\"https:\/\/schema.org\/BlogPosting\" itemprop=\"blogPost\" ><div class='avia_textblock  '   itemprop=\"text\" ><p style=\"text-align: justify;\">El gobierno anunci\u00f3 la tarde de este martes la extensi\u00f3n hasta el 30 de junio del IFE Laboral y el Subsidio Protege, beneficios parte de la Red de Protecci\u00f3n Social para enfrentar de mejor forma las consecuencias negativas del Covid-19.<\/p>\n<p style=\"text-align: justify;\">Ambos subsidios entregan aportes de $250 mil y $200 mil respectivamente, apuntando a los trabajadores y madres trabajadoras con hijos menores de 2 a\u00f1os que no tengan asegurado el derecho a sala cuna por parte de su empleador.<\/p>\n<p style=\"text-align: justify;\">La nueva extensi\u00f3n permitir\u00e1 que el plazo de postulaci\u00f3n para el IFE Laboral sea hasta el 30 junio de 2022. Esto implica que m\u00e1s trabajadores dependientes que han comenzado una nueva relaci\u00f3n laboral podr\u00e1n postular al subsidio recibiendo hasta $250 mil mensual, en una pol\u00edtica con especial foco de atenci\u00f3n en las mujeres, j\u00f3venes entre 18 y 24 a\u00f1os, hombres mayores de 55 a\u00f1os, personas con discapacidad y asignatarios de pensi\u00f3n de invalidez, que ya ha beneficiado a m\u00e1s de 740 mil trabajadores.<\/p>\n<p style=\"text-align: justify;\">Aquellos trabajadores que postulen exitosamente al beneficio en abril, mayo y junio, tendr\u00e1n derecho a recibir hasta tres, dos, y un mes de pago, respectivamente, siempre que se mantengan empleados.<\/p>\n<p style=\"text-align: justify;\">Desde la Delegaci\u00f3n Presidencial Regional de Ays\u00e9n valoraron lo anunciado por el Presidente Pi\u00f1era, explicando que \u201cestamos muy conscientes de que esta ayuda sigue siendo una necesidad para muchas familias porque la pandemia no ha terminado, y si bien, hemos podido recuperar de forma importante los empleos perdidos, gracias a un esfuerzo de todos y sobre todo fiscal importante; tambi\u00e9n debemos tener presente que existen due\u00f1os y due\u00f1as de casa que a\u00fan sufren las consecuencias de la pandemia. Estados son dos muy buenas herramientas y estamos felices por poder extenderla hasta junio pr\u00f3ximo\u201d, dijo Juan Luis Amen\u00e1bar en\u00a0 su calidad de Delegado (s).<\/p>\n<p style=\"text-align: justify;\">Por su parte, desde la seremi del Trabajo y Previsi\u00f3n Social, Andrea Ponce, destac\u00f3 que ambas pol\u00edticas posibilitaron recuperar los empleos perdidos durante la pandemia y traer estabilidad a las familias ayseninas.<\/p>\n<p style=\"text-align: justify;\">\u201cLas buenas cifras de desempleo que tiene el pa\u00eds y nuestra regi\u00f3n demuestran que result\u00f3 ser una gran iniciativa del gobierno del Presidente Pi\u00f1era el IFE Laboral y el Subsidio Protege. Actualmente Ays\u00e9n tiene una cifra de desempleo del 3,2% y eso es en gran medida a los beneficios de ambas pol\u00edticas p\u00fablicas\u201d, explic\u00f3.<\/p>\n<p style=\"text-align: justify;\">Sobre los alcances de los beneficios extendidos, la titular del Trabajo y Previsi\u00f3n Social precis\u00f3 que \u201choy d\u00eda podemos decir que 3.429 personas postularon y han sido beneficiados con el IFE Laboral de ellos; 1.641 son mujeres y 1.788 hombres. Adem\u00e1s; han sido beneficiadas 360 mujeres con el Subsidio Protege. El anuncio del Presidente de la ampliaci\u00f3n de ambos beneficios ayudar\u00e1n a mantener el pleno empleo en nuestra regi\u00f3n de Ays\u00e9n\u201d.<\/p>\n<\/div><\/section><\/div><div  style='height:50px' class='hr hr-invisible   avia-builder-el-6  el_after_av_one_full  el_before_av_social_share '><span class='hr-inner ' ><span class='hr-inner-style'><\/span><\/span><\/div><\/p>\n<div  class='av-social-sharing-box  avia-builder-el-7  el_after_av_hr  el_before_av_hr  '><div class='av-share-box'><h5 class='av-share-link-description av-no-toc '>Compartir esta noticia<\/h5><ul class='av-share-box-list noLightbox'><li class='av-share-link av-social-link-facebook' ><a target=\"_blank\" aria-label=\"Compartir en Facebook\" href='https:\/\/www.facebook.com\/sharer.php?u=https:\/\/radiorevelacionfm.cl\/?p=13950&#038;t=Gobierno%20anuncia%20extensi%C3%B3n%20del%20IFE%20Laboral%20y%20del%20Subsidio%20Protege%20hasta%20junio' aria-hidden='false' data-av_icon='\ue8f3' data-av_iconfont='entypo-fontello' title='' data-avia-related-tooltip='Compartir en Facebook' rel=\"noopener\"><span class='avia_hidden_link_text'>Compartir en Facebook<\/span><\/a><\/li><li class='av-share-link av-social-link-twitter' ><a target=\"_blank\" aria-label=\"Compartir en Twitter\" href='https:\/\/twitter.com\/share?text=Gobierno%20anuncia%20extensi%C3%B3n%20del%20IFE%20Laboral%20y%20del%20Subsidio%20Protege%20hasta%20junio&#038;url=https:\/\/radiorevelacionfm.cl\/?p=13950' aria-hidden='false' data-av_icon='\ue8f1' data-av_iconfont='entypo-fontello' title='' data-avia-related-tooltip='Compartir en Twitter' rel=\"noopener\"><span class='avia_hidden_link_text'>Compartir en Twitter<\/span><\/a><\/li><li class='av-share-link av-social-link-whatsapp' ><a target=\"_blank\" aria-label=\"Compartir en Whatsapp\" href='https:\/\/api.whatsapp.com\/send?text=https:\/\/radiorevelacionfm.cl\/?p=13950' aria-hidden='false' data-av_icon='\uf232' data-av_iconfont='entypo-fontello' title='' data-avia-related-tooltip='Compartir en Whatsapp' rel=\"noopener\"><span class='avia_hidden_link_text'>Compartir en Whatsapp<\/span><\/a><\/li><li class='av-share-link av-social-link-linkedin' ><a target=\"_blank\" aria-label=\"Compartir en LinkedIn\" href='https:\/\/linkedin.com\/shareArticle?mini=true&#038;title=Gobierno%20anuncia%20extensi%C3%B3n%20del%20IFE%20Laboral%20y%20del%20Subsidio%20Protege%20hasta%20junio&#038;url=https:\/\/radiorevelacionfm.cl\/?p=13950' aria-hidden='false' data-av_icon='\ue8fc' data-av_iconfont='entypo-fontello' title='' data-avia-related-tooltip='Compartir en LinkedIn' rel=\"noopener\"><span class='avia_hidden_link_text'>Compartir en LinkedIn<\/span><\/a><\/li><li class='av-share-link av-social-link-mail' ><a  aria-label=\"Compartir por correo\" href='mailto:?subject=Gobierno%20anuncia%20extensi%C3%B3n%20del%20IFE%20Laboral%20y%20del%20Subsidio%20Protege%20hasta%20junio&#038;body=https:\/\/radiorevelacionfm.cl\/?p=13950' aria-hidden='false' data-av_icon='\ue805' data-av_iconfont='entypo-fontello' title='' data-avia-related-tooltip='Compartir por correo'><span class='avia_hidden_link_text'>Compartir por correo<\/span><\/a><\/li><\/ul><\/div><\/div>\n<div  style='height:50px' class='hr hr-invisible   avia-builder-el-8  el_after_av_social_share  el_before_av_comments_list '><span class='hr-inner ' ><span class='hr-inner-style'><\/span><\/span><\/div>\n<div  class='av-buildercomment  av-blog-meta-html-info-disabled av-blog-meta-tag-disabled  '><\/div>\n","protected":false},"excerpt":{"rendered":"","protected":false},"author":1,"featured_media":13951,"comment_status":"open","ping_status":"open","sticky":false,"template":"","format":"standard","meta":{"footnotes":""},"categories":[56],"tags":[],"class_list":["post-13950","post","type-post","status-publish","format-standard","has-post-thumbnail","hentry","category-trabajo"],"jetpack_featured_media_url":"https:\/\/radiorevelacionfm.cl\/wp-content\/uploads\/2022\/02\/image-10-1.jpg","_links":{"self":[{"href":"https:\/\/radiorevelacionfm.cl\/index.php?rest_route=\/wp\/v2\/posts\/13950","targetHints":{"allow":["GET"]}}],"collection":[{"href":"https:\/\/radiorevelacionfm.cl\/index.php?rest_route=\/wp\/v2\/posts"}],"about":[{"href":"https:\/\/radiorevelacionfm.cl\/index.php?rest_route=\/wp\/v2\/types\/post"}],"author":[{"embeddable":true,"href":"https:\/\/radiorevelacionfm.cl\/index.php?rest_route=\/wp\/v2\/users\/1"}],"replies":[{"embeddable":true,"href":"https:\/\/radiorevelacionfm.cl\/index.php?rest_route=%2Fwp%2Fv2%2Fcomments&post=13950"}],"version-history":[{"count":2,"href":"https:\/\/radiorevelacionfm.cl\/index.php?rest_route=\/wp\/v2\/posts\/13950\/revisions"}],"predecessor-version":[{"id":13953,"href":"https:\/\/radiorevelacionfm.cl\/index.php?rest_route=\/wp\/v2\/posts\/13950\/revisions\/13953"}],"wp:featuredmedia":[{"embeddable":true,"href":"https:\/\/radiorevelacionfm.cl\/index.php?rest_route=\/wp\/v2\/media\/13951"}],"wp:attachment":[{"href":"https:\/\/radiorevelacionfm.cl\/index.php?rest_route=%2Fwp%2Fv2%2Fmedia&parent=13950"}],"wp:term":[{"taxonomy":"category","embeddable":true,"href":"https:\/\/radiorevelacionfm.cl\/index.php?rest_route=%2Fwp%2Fv2%2Fcategories&post=13950"},{"taxonomy":"post_tag","embeddable":true,"href":"https:\/\/radiorevelacionfm.cl\/index.php?rest_route=%2Fwp%2Fv2%2Ftags&post=13950"}],"curies":[{"name":"wp","href":"https:\/\/api.w.org\/{rel}","templated":true}]}}