{"id":13945,"date":"2022-02-22T16:14:27","date_gmt":"2022-02-22T19:14:27","guid":{"rendered":"https:\/\/radiorevelacionfm.cl\/?p=13945"},"modified":"2022-02-22T17:25:41","modified_gmt":"2022-02-22T20:25:41","slug":"ronda-medica-pediatrica-fortalecio-prestaciones-en-el-hospital-de-puerto-cisnes","status":"publish","type":"post","link":"https:\/\/radiorevelacionfm.cl\/?p=13945","title":{"rendered":"Ronda m\u00e9dica pedi\u00e1trica fortaleci\u00f3 prestaciones en el Hospital de Puerto Cisnes"},"content":{"rendered":"<div class=\"flex_column av_one_full  flex_column_div av-zero-column-padding first  avia-builder-el-0  el_before_av_one_full  avia-builder-el-first  \" style='border-radius:0px; '><div  class='avia-image-container  av-styling-    avia-builder-el-1  avia-builder-el-no-sibling  avia-align-center '  itemprop=\"image\" itemscope=\"itemscope\" itemtype=\"https:\/\/schema.org\/ImageObject\"  ><div class='avia-image-container-inner'><div class='avia-image-overlay-wrap'><img decoding=\"async\" class='wp-image-13946 avia-img-lazy-loading-not-13946 avia_image' src=\"https:\/\/radiorevelacionfm.cl\/wp-content\/uploads\/2022\/02\/ronda-especialidades-medicas-hospital-pto_optimized.-cisnes-02-1.jpeg\" alt='' title='ronda-especialidades-m\u00e9dicas-hospital-pto_optimized.-cisnes-02-(1)' height=\"600\" width=\"1066\"  itemprop=\"thumbnailUrl\" srcset=\"https:\/\/radiorevelacionfm.cl\/wp-content\/uploads\/2022\/02\/ronda-especialidades-medicas-hospital-pto_optimized.-cisnes-02-1.jpeg 1066w, https:\/\/radiorevelacionfm.cl\/wp-content\/uploads\/2022\/02\/ronda-especialidades-medicas-hospital-pto_optimized.-cisnes-02-1-300x169.jpeg 300w, https:\/\/radiorevelacionfm.cl\/wp-content\/uploads\/2022\/02\/ronda-especialidades-medicas-hospital-pto_optimized.-cisnes-02-1-1030x580.jpeg 1030w, https:\/\/radiorevelacionfm.cl\/wp-content\/uploads\/2022\/02\/ronda-especialidades-medicas-hospital-pto_optimized.-cisnes-02-1-768x432.jpeg 768w, https:\/\/radiorevelacionfm.cl\/wp-content\/uploads\/2022\/02\/ronda-especialidades-medicas-hospital-pto_optimized.-cisnes-02-1-705x397.jpeg 705w, https:\/\/radiorevelacionfm.cl\/wp-content\/uploads\/2022\/02\/ronda-especialidades-medicas-hospital-pto_optimized.-cisnes-02-1-600x338.jpeg 600w\" sizes=\"(max-width: 1066px) 100vw, 1066px\" \/><\/div><\/div><\/div><\/div>\n<div class=\"flex_column av_one_full  flex_column_div av-zero-column-padding first  avia-builder-el-2  el_after_av_one_full  el_before_av_one_full  column-top-margin\" style='border-radius:0px; '><section class=\"av_textblock_section \"  itemscope=\"itemscope\" itemtype=\"https:\/\/schema.org\/BlogPosting\" itemprop=\"blogPost\" ><div class='avia_textblock  '   itemprop=\"text\" ><p style=\"text-align: center;\"><strong><span style=\"font-size: 18pt;\">Ronda m\u00e9dica pedi\u00e1trica fortaleci\u00f3 prestaciones en el Hospital de Puerto Cisnes<\/span><\/strong><\/p>\n<div id=\"gtx-trans\" style=\"position: absolute; left: -50px; top: 4.31534px;\">\n<div class=\"gtx-trans-icon\"><\/div>\n<\/div>\n<\/div><\/section><\/div>\n<div class=\"flex_column av_one_full  flex_column_div av-zero-column-padding first  avia-builder-el-4  el_after_av_one_full  el_before_av_hr  column-top-margin\" style='border-radius:0px; '><section class=\"av_textblock_section \"  itemscope=\"itemscope\" itemtype=\"https:\/\/schema.org\/BlogPosting\" itemprop=\"blogPost\" ><div class='avia_textblock  '   itemprop=\"text\" ><p style=\"text-align: justify;\">Un trabajo asociativo est\u00e1 desarrollando la Red Asistencial del Servicio de Salud Ays\u00e9n, con la programaci\u00f3n de rondas m\u00e9dicas de especialistas con el fin de disminuir la lista de espera existente y acercar las atenciones a las localidades en la que se encuentran los usuarios en la especialidad de pediatr\u00eda y broncopulmonar infantil en la zona norte de la regi\u00f3n.<\/p>\n<p style=\"text-align: justify;\">\u201cHemos estado programando una serie de rondas m\u00e9dicas entre establecimientos. Sabemos de la necesidad de m\u00e9dicos en muchas especialidades, y este es un esfuerzo de acercarnos dadas las particulares caracter\u00edsticas geogr\u00e1ficas de nuestra regi\u00f3n. Entonces, esta es una estrategia que nos permite ir avanzando en la lista de espera y prestaciones, que nos permita dar una respuesta adecuada a todo lo que se vio retrasado por la contingencia sanitaria, respondiendo as\u00ed a las necesidades de nuestra poblaci\u00f3n\u201d sostuvo Gabriel Burgos Salas, Director del Servicio de Salud Ays\u00e9n.<\/p>\n<p style=\"text-align: justify;\">Es as\u00ed, que con el inicio de esta estrategia, se materializ\u00f3 un trabajo colaborativo entre el equipo de pediatr\u00eda del Hospital de Puerto Ays\u00e9n que se acerc\u00f3 al Hospital Dr. Jorge Ibar de Puerto Cisnes, en el que los doctores Carmen Bravo y Alfredo \u00c1lvarez, atendieron a los pacientes que se encontraban en esta condici\u00f3n en la localidad, evit\u00e1ndoles muchas veces el traslado al recinto hospitalario para su atenci\u00f3n m\u00e9dica.<\/p>\n<p style=\"text-align: justify;\">Al respecto, la Dra. Bravo, jefa de pediatr\u00eda del Hospital de Puerto Ays\u00e9n, resolvi\u00f3 las atenciones m\u00e9dicas en el \u00e1rea broncopulmonar infantil y destac\u00f3 lo realizado en el establecimiento \u201clos pacientes de los familiares se mostraron sorprendidos y complacidos por tener por primera vez atenci\u00f3n de especialistas para sus ni\u00f1os. Nuestra intenci\u00f3n es darle soporte a estos pacientes que requieren atenci\u00f3n regular, pesquisar y diagnosticar tempranamente, descartando patolog\u00edas, y las que encontremos poder tratarlas a tiempo, siempre incentivando la prevenci\u00f3n en estas comunidades. Esperamos seguir trabajando con esta labor tan importante y con el apoyo de la Red Asistencial para seguir adelante\u201d.<\/p>\n<p style=\"text-align: justify;\">M\u00e1s all\u00e1, la profesional destac\u00f3 la recepci\u00f3n y el trabajo realizado \u201cconjuntamente con el Dr. \u00c1lvarez, acudimos y recibimos una muy buena acogida por parte de la directiva y equipo del hospital, quienes estuvieron acompa\u00f1\u00e1ndonos en la categorizaci\u00f3n, orientaci\u00f3n y notific\u00e1ndonos a quienes ten\u00edamos que ver y lo que ellos sab\u00edan de ellos, adel\u00e1ntanos informaci\u00f3n\u201d.<\/p>\n<p style=\"text-align: justify;\">Por su parte, Alfredo \u00c1lvarez, pediatra del Hospital de Puerto Ays\u00e9n, destac\u00f3 que uno de los ejes de esta estrategia tuvo relaci\u00f3n con la atenci\u00f3n de usuarios en sus localidades de origen, adem\u00e1s de conocer los problemas, hablar con los equipos tratantes y conocer tambi\u00e9n su opini\u00f3n \u201cllevaban mucho tiempo esperando, y recibieron la atenci\u00f3n con mucha gratitud, adem\u00e1s de la disposici\u00f3n de los equipos m\u00e9dicos de seguir trabajando para resolver sus demandas. Esta ronda consiste no s\u00f3lo en disminuir la lista de espera, sino que conocer el funcionamiento de los establecimientos y de la red de una forma m\u00e1s presencial, conocer las necesidades locales de insumos m\u00e9dicos, log\u00edstica, medicamentos, derivaciones, desde otro punto de vista, desde la red hacia nosotros\u201d.<\/p>\n<p style=\"text-align: justify;\">Finalmente, Gabriel Burgos Salas, Director del SSA, indic\u00f3 que se ha estado trabajando en una programaci\u00f3n para este 2022 para ir apoyando a los usuarios de los establecimientos de menor complejidad, con la llegada de rondas de especialistas, fortaleciendo esta y otras estrategias \u201cjunto con los equipos y profesionales estamos trabajando fuertemente para ir resolviendo las demandas de distintas especialidades que se han visto retrasadas con la pandemia. En este sentido una de las m\u00e1s importantes, junto con las rondas m\u00e9dicas, es el desarrollo de la telemedicina, para lo que hemos trabajado fuertemente con Hospital Digital para lograr su implementaci\u00f3n\u201d, finaliz\u00f3 el directivo.<\/p>\n<p style=\"text-align: justify;\">Esta ronda, es una de las tantas que se suman a lo realizado en otros dispositivos de la Red Asistencial, como lo realizado en el recientemente inaugurado Hospital de Cochrane, que recibi\u00f3 visitas de equipos de especialistas en el \u00e1rea odontol\u00f3gica y maxilofacial, acercando las prestaciones a la comunidad cochranina.<\/p>\n<\/div><\/section><\/div><div  style='height:50px' class='hr hr-invisible   avia-builder-el-6  el_after_av_one_full  el_before_av_social_share '><span class='hr-inner ' ><span class='hr-inner-style'><\/span><\/span><\/div><\/p>\n<div  class='av-social-sharing-box  avia-builder-el-7  el_after_av_hr  el_before_av_hr  '><div class='av-share-box'><h5 class='av-share-link-description av-no-toc '>Compartir esta noticia<\/h5><ul class='av-share-box-list noLightbox'><li class='av-share-link av-social-link-facebook' ><a target=\"_blank\" aria-label=\"Compartir en Facebook\" href='https:\/\/www.facebook.com\/sharer.php?u=https:\/\/radiorevelacionfm.cl\/?p=13945&#038;t=Ronda%20m%C3%A9dica%20pedi%C3%A1trica%20fortaleci%C3%B3%20prestaciones%20en%20el%20Hospital%20de%20Puerto%20Cisnes' aria-hidden='false' data-av_icon='\ue8f3' data-av_iconfont='entypo-fontello' title='' data-avia-related-tooltip='Compartir en Facebook' rel=\"noopener\"><span class='avia_hidden_link_text'>Compartir en Facebook<\/span><\/a><\/li><li class='av-share-link av-social-link-twitter' ><a target=\"_blank\" aria-label=\"Compartir en Twitter\" href='https:\/\/twitter.com\/share?text=Ronda%20m%C3%A9dica%20pedi%C3%A1trica%20fortaleci%C3%B3%20prestaciones%20en%20el%20Hospital%20de%20Puerto%20Cisnes&#038;url=https:\/\/radiorevelacionfm.cl\/?p=13945' aria-hidden='false' data-av_icon='\ue8f1' data-av_iconfont='entypo-fontello' title='' data-avia-related-tooltip='Compartir en Twitter' rel=\"noopener\"><span class='avia_hidden_link_text'>Compartir en Twitter<\/span><\/a><\/li><li class='av-share-link av-social-link-whatsapp' ><a target=\"_blank\" aria-label=\"Compartir en Whatsapp\" href='https:\/\/api.whatsapp.com\/send?text=https:\/\/radiorevelacionfm.cl\/?p=13945' aria-hidden='false' data-av_icon='\uf232' data-av_iconfont='entypo-fontello' title='' data-avia-related-tooltip='Compartir en Whatsapp' rel=\"noopener\"><span class='avia_hidden_link_text'>Compartir en Whatsapp<\/span><\/a><\/li><li class='av-share-link av-social-link-linkedin' ><a target=\"_blank\" aria-label=\"Compartir en LinkedIn\" href='https:\/\/linkedin.com\/shareArticle?mini=true&#038;title=Ronda%20m%C3%A9dica%20pedi%C3%A1trica%20fortaleci%C3%B3%20prestaciones%20en%20el%20Hospital%20de%20Puerto%20Cisnes&#038;url=https:\/\/radiorevelacionfm.cl\/?p=13945' aria-hidden='false' data-av_icon='\ue8fc' data-av_iconfont='entypo-fontello' title='' data-avia-related-tooltip='Compartir en LinkedIn' rel=\"noopener\"><span class='avia_hidden_link_text'>Compartir en LinkedIn<\/span><\/a><\/li><li class='av-share-link av-social-link-mail' ><a  aria-label=\"Compartir por correo\" href='mailto:?subject=Ronda%20m%C3%A9dica%20pedi%C3%A1trica%20fortaleci%C3%B3%20prestaciones%20en%20el%20Hospital%20de%20Puerto%20Cisnes&#038;body=https:\/\/radiorevelacionfm.cl\/?p=13945' aria-hidden='false' data-av_icon='\ue805' data-av_iconfont='entypo-fontello' title='' data-avia-related-tooltip='Compartir por correo'><span class='avia_hidden_link_text'>Compartir por correo<\/span><\/a><\/li><\/ul><\/div><\/div>\n<div  style='height:50px' class='hr hr-invisible   avia-builder-el-8  el_after_av_social_share  el_before_av_comments_list '><span class='hr-inner ' ><span class='hr-inner-style'><\/span><\/span><\/div>\n<div  class='av-buildercomment  av-blog-meta-html-info-disabled av-blog-meta-tag-disabled  '><\/div>\n","protected":false},"excerpt":{"rendered":"","protected":false},"author":1,"featured_media":13946,"comment_status":"open","ping_status":"open","sticky":false,"template":"","format":"standard","meta":{"footnotes":""},"categories":[46],"tags":[],"class_list":["post-13945","post","type-post","status-publish","format-standard","has-post-thumbnail","hentry","category-salud"],"jetpack_featured_media_url":"https:\/\/radiorevelacionfm.cl\/wp-content\/uploads\/2022\/02\/ronda-especialidades-medicas-hospital-pto_optimized.-cisnes-02-1.jpeg","_links":{"self":[{"href":"https:\/\/radiorevelacionfm.cl\/index.php?rest_route=\/wp\/v2\/posts\/13945","targetHints":{"allow":["GET"]}}],"collection":[{"href":"https:\/\/radiorevelacionfm.cl\/index.php?rest_route=\/wp\/v2\/posts"}],"about":[{"href":"https:\/\/radiorevelacionfm.cl\/index.php?rest_route=\/wp\/v2\/types\/post"}],"author":[{"embeddable":true,"href":"https:\/\/radiorevelacionfm.cl\/index.php?rest_route=\/wp\/v2\/users\/1"}],"replies":[{"embeddable":true,"href":"https:\/\/radiorevelacionfm.cl\/index.php?rest_route=%2Fwp%2Fv2%2Fcomments&post=13945"}],"version-history":[{"count":3,"href":"https:\/\/radiorevelacionfm.cl\/index.php?rest_route=\/wp\/v2\/posts\/13945\/revisions"}],"predecessor-version":[{"id":13948,"href":"https:\/\/radiorevelacionfm.cl\/index.php?rest_route=\/wp\/v2\/posts\/13945\/revisions\/13948"}],"wp:featuredmedia":[{"embeddable":true,"href":"https:\/\/radiorevelacionfm.cl\/index.php?rest_route=\/wp\/v2\/media\/13946"}],"wp:attachment":[{"href":"https:\/\/radiorevelacionfm.cl\/index.php?rest_route=%2Fwp%2Fv2%2Fmedia&parent=13945"}],"wp:term":[{"taxonomy":"category","embeddable":true,"href":"https:\/\/radiorevelacionfm.cl\/index.php?rest_route=%2Fwp%2Fv2%2Fcategories&post=13945"},{"taxonomy":"post_tag","embeddable":true,"href":"https:\/\/radiorevelacionfm.cl\/index.php?rest_route=%2Fwp%2Fv2%2Ftags&post=13945"}],"curies":[{"name":"wp","href":"https:\/\/api.w.org\/{rel}","templated":true}]}}