{"id":13941,"date":"2022-02-22T15:01:03","date_gmt":"2022-02-22T18:01:03","guid":{"rendered":"https:\/\/radiorevelacionfm.cl\/?p=13941"},"modified":"2022-02-22T15:01:03","modified_gmt":"2022-02-22T18:01:03","slug":"chile-avanza-a-un-nuevo-nivel-en-el-manejo-integrado-de-la-caligidosis","status":"publish","type":"post","link":"https:\/\/radiorevelacionfm.cl\/?p=13941","title":{"rendered":"Chile avanza a un nuevo nivel en el manejo integrado de la caligidosis"},"content":{"rendered":"<div class=\"flex_column av_one_full  flex_column_div av-zero-column-padding first  avia-builder-el-0  el_before_av_one_full  avia-builder-el-first  \" style='border-radius:0px; '><div  class='avia-image-container  av-styling-    avia-builder-el-1  avia-builder-el-no-sibling  avia-align-center '  itemprop=\"image\" itemscope=\"itemscope\" itemtype=\"https:\/\/schema.org\/ImageObject\"  ><div class='avia-image-container-inner'><div class='avia-image-overlay-wrap'><img decoding=\"async\" class='wp-image-13942 avia-img-lazy-loading-not-13942 avia_image' src=\"https:\/\/radiorevelacionfm.cl\/wp-content\/uploads\/2022\/02\/img_5990-1_optimized.jpg\" alt='' title='img_5990-(1)_optimized' height=\"600\" width=\"900\"  itemprop=\"thumbnailUrl\" srcset=\"https:\/\/radiorevelacionfm.cl\/wp-content\/uploads\/2022\/02\/img_5990-1_optimized.jpg 900w, https:\/\/radiorevelacionfm.cl\/wp-content\/uploads\/2022\/02\/img_5990-1_optimized-300x200.jpg 300w, https:\/\/radiorevelacionfm.cl\/wp-content\/uploads\/2022\/02\/img_5990-1_optimized-768x512.jpg 768w, https:\/\/radiorevelacionfm.cl\/wp-content\/uploads\/2022\/02\/img_5990-1_optimized-705x470.jpg 705w, https:\/\/radiorevelacionfm.cl\/wp-content\/uploads\/2022\/02\/img_5990-1_optimized-600x400.jpg 600w\" sizes=\"(max-width: 900px) 100vw, 900px\" \/><\/div><\/div><\/div><\/div><div class=\"flex_column av_one_full  flex_column_div av-zero-column-padding first  avia-builder-el-2  el_after_av_one_full  el_before_av_one_full  column-top-margin\" style='border-radius:0px; '><section class=\"av_textblock_section \"  itemscope=\"itemscope\" itemtype=\"https:\/\/schema.org\/BlogPosting\" itemprop=\"blogPost\" ><div class='avia_textblock  '   itemprop=\"text\" ><p style=\"text-align: center;\"><span style=\"font-size: 18pt;\"><strong>Chile avanza a un nuevo nivel en el manejo integrado de la caligidosis<\/strong><\/span><\/p>\n<div id=\"gtx-trans\" style=\"position: absolute; left: -50px; top: 4.31534px;\"><\/div>\n<\/div><\/section><\/div><div class=\"flex_column av_one_full  flex_column_div av-zero-column-padding first  avia-builder-el-4  el_after_av_one_full  el_before_av_hr  column-top-margin\" style='border-radius:0px; '><section class=\"av_textblock_section \"  itemscope=\"itemscope\" itemtype=\"https:\/\/schema.org\/BlogPosting\" itemprop=\"blogPost\" ><div class='avia_textblock  '   itemprop=\"text\" ><p style=\"text-align: justify;\">Con fecha 12 de febrero de 2022 se public\u00f3 en el Diario Oficial la Resoluci\u00f3n Exenta N\u00b0 60, la cual aprueba el nuevo Programa Espec\u00edfico de Vigilancia y Control de Caligidosis y deja sin efecto la resoluci\u00f3n N\u00b013 del a\u00f1o 2015.<\/p>\n<p style=\"text-align: justify;\">El Servicio Nacional de Pesca y Acuicultura tras evaluar la implementaci\u00f3n y resultados del programa, as\u00ed como los nuevos conocimientos cient\u00edficos generados del Programa de Investigaci\u00f3n Gesti\u00f3n Sanitaria de la Acuicultura (PGSA) y las nuevas tecnolog\u00edas disponibles, estim\u00f3 pertinente su reformulaci\u00f3n, en virtud del escenario actual de la Caligidosis en Chile, considerando los desaf\u00edos que esta patolog\u00eda conlleva, para as\u00ed mejorar y hacer m\u00e1s eficientes las estrategias de vigilancia y control en los centros de cultivo del pa\u00eds.<\/p>\n<p style=\"text-align: justify;\">\u00abEsta nueva estrategia, busca mejorar el nivel integrado de control de plagas incorporando un programa de vigilancia activa de la sensibilidad de caligus a los antiparasitarios a trav\u00e9s de muestreos de par\u00e1sitos desde los centros de alta vigilancia durante el ciclo, los cuales se analizar\u00e1n a trav\u00e9s de Bioensayos por parte de IFOP y por biolog\u00eda molecular en los laboratorios de la Red de Sernapesca autorizados para efectuar RT-qPCR.\u00bb Asegur\u00f3 la Subdirectora de Acuicultura de Sernapesca, Marcela Lara.<\/p>\n<p style=\"text-align: justify;\">En miras de aportar en pro de una acuicultura m\u00e1s sustentable, se ha establecido un control m\u00e1s estricto al uso de antiparasitarios por ba\u00f1os durante todo el ciclo productivo, enfocado principalmente en la cantidad de producto a utilizar en los tratamientos, el cual ser\u00e1 uno de los focos de fiscalizaci\u00f3n en los centro de cultivo de mar, as\u00ed como el fortalecimiento de la capacitaci\u00f3n al personal en buenas pr\u00e1cticas asociadas a la aplicaci\u00f3n de tratamientos antiparasitarios por ba\u00f1o en los centros.<\/p>\n<p style=\"text-align: justify;\">El nuevo programa tambi\u00e9n establece que toda prescripci\u00f3n antiparasitaria para el control de la caligidosis se deber\u00e1 efectuar a trav\u00e9s de la plataforma de Prescripciones online (PMV online), de Sernapesca, lo que permite tener un conocimiento previo de las terapias que los m\u00e9dicos veterinarios prescriben a objeto de mejorar la fiscalizaci\u00f3n del uso de antiparasitarios.<\/p>\n<p style=\"text-align: justify;\">As\u00ed mismo se generar\u00e1n incentivos para que las empresas puedan presentar medidas de gesti\u00f3n sanitarias a nivel de ACS (Agrupaci\u00f3n de Concesiones de Salm\u00f3nidos) desde el inicio del ciclo productivo, que permitan complementar la estrategia de vigilancia y control utilizando herramientas no farmacol\u00f3gicas que sean amigables con el medio ambiente y que eleve a un manejo integrado de plagas menos dependientes del uso de f\u00e1rmacos.<\/p>\n<p style=\"text-align: justify;\">Adem\u00e1s, se establecen otras disposiciones, tales como: aumento del n\u00famero de unidades de cultivo monitoreadas en la vigilancia regular, fortalecimiento del control en centros de acopio, filtro para la retenci\u00f3n de par\u00e1sitos en embarcaciones que trasladen peces vivos, entre otras.<\/p>\n<p style=\"text-align: justify;\">Finalmente, en el marco de la difusi\u00f3n de esta nueva normativa, el 4 de marzo se llevar\u00e1 a cabo un seminario t\u00e9cnico, organizado por el Servicio Nacional de Pesca y Acuicultura (Sernapesca), en conjunto con Mattilsynetla (Autoridad Noruega), donde se dar\u00e1 a conocer los detalles del nuevo programa y la estrategia aplicada en Noruega.<\/p>\n<\/div><\/section><\/div><div  style='height:50px' class='hr hr-invisible   avia-builder-el-6  el_after_av_one_full  el_before_av_social_share '><span class='hr-inner ' ><span class='hr-inner-style'><\/span><\/span><\/div><\/p>\n<div  class='av-social-sharing-box  avia-builder-el-7  el_after_av_hr  el_before_av_hr  '><div class='av-share-box'><h5 class='av-share-link-description av-no-toc '>Compartir esta noticia<\/h5><ul class='av-share-box-list noLightbox'><li class='av-share-link av-social-link-facebook' ><a target=\"_blank\" aria-label=\"Compartir en Facebook\" href='https:\/\/www.facebook.com\/sharer.php?u=https:\/\/radiorevelacionfm.cl\/?p=13941&#038;t=Chile%20avanza%20a%20un%20nuevo%20nivel%20en%20el%20manejo%20integrado%20de%20la%20caligidosis' aria-hidden='false' data-av_icon='\ue8f3' data-av_iconfont='entypo-fontello' title='' data-avia-related-tooltip='Compartir en Facebook' rel=\"noopener\"><span class='avia_hidden_link_text'>Compartir en Facebook<\/span><\/a><\/li><li class='av-share-link av-social-link-twitter' ><a target=\"_blank\" aria-label=\"Compartir en Twitter\" href='https:\/\/twitter.com\/share?text=Chile%20avanza%20a%20un%20nuevo%20nivel%20en%20el%20manejo%20integrado%20de%20la%20caligidosis&#038;url=https:\/\/radiorevelacionfm.cl\/?p=13941' aria-hidden='false' data-av_icon='\ue8f1' data-av_iconfont='entypo-fontello' title='' data-avia-related-tooltip='Compartir en Twitter' rel=\"noopener\"><span class='avia_hidden_link_text'>Compartir en Twitter<\/span><\/a><\/li><li class='av-share-link av-social-link-whatsapp' ><a target=\"_blank\" aria-label=\"Compartir en Whatsapp\" href='https:\/\/api.whatsapp.com\/send?text=https:\/\/radiorevelacionfm.cl\/?p=13941' aria-hidden='false' data-av_icon='\uf232' data-av_iconfont='entypo-fontello' title='' data-avia-related-tooltip='Compartir en Whatsapp' rel=\"noopener\"><span class='avia_hidden_link_text'>Compartir en Whatsapp<\/span><\/a><\/li><li class='av-share-link av-social-link-linkedin' ><a target=\"_blank\" aria-label=\"Compartir en LinkedIn\" href='https:\/\/linkedin.com\/shareArticle?mini=true&#038;title=Chile%20avanza%20a%20un%20nuevo%20nivel%20en%20el%20manejo%20integrado%20de%20la%20caligidosis&#038;url=https:\/\/radiorevelacionfm.cl\/?p=13941' aria-hidden='false' data-av_icon='\ue8fc' data-av_iconfont='entypo-fontello' title='' data-avia-related-tooltip='Compartir en LinkedIn' rel=\"noopener\"><span class='avia_hidden_link_text'>Compartir en LinkedIn<\/span><\/a><\/li><li class='av-share-link av-social-link-mail' ><a  aria-label=\"Compartir por correo\" href='mailto:?subject=Chile%20avanza%20a%20un%20nuevo%20nivel%20en%20el%20manejo%20integrado%20de%20la%20caligidosis&#038;body=https:\/\/radiorevelacionfm.cl\/?p=13941' aria-hidden='false' data-av_icon='\ue805' data-av_iconfont='entypo-fontello' title='' data-avia-related-tooltip='Compartir por correo'><span class='avia_hidden_link_text'>Compartir por correo<\/span><\/a><\/li><\/ul><\/div><\/div>\n<div  style='height:50px' class='hr hr-invisible   avia-builder-el-8  el_after_av_social_share  el_before_av_comments_list '><span class='hr-inner ' ><span class='hr-inner-style'><\/span><\/span><\/div>\n<div  class='av-buildercomment  av-blog-meta-html-info-disabled av-blog-meta-tag-disabled  '><\/div>\n","protected":false},"excerpt":{"rendered":"","protected":false},"author":1,"featured_media":13942,"comment_status":"open","ping_status":"open","sticky":false,"template":"","format":"standard","meta":{"footnotes":""},"categories":[60,38],"tags":[],"class_list":["post-13941","post","type-post","status-publish","format-standard","has-post-thumbnail","hentry","category-pesca","category-regional"],"jetpack_featured_media_url":"https:\/\/radiorevelacionfm.cl\/wp-content\/uploads\/2022\/02\/img_5990-1_optimized.jpg","_links":{"self":[{"href":"https:\/\/radiorevelacionfm.cl\/index.php?rest_route=\/wp\/v2\/posts\/13941","targetHints":{"allow":["GET"]}}],"collection":[{"href":"https:\/\/radiorevelacionfm.cl\/index.php?rest_route=\/wp\/v2\/posts"}],"about":[{"href":"https:\/\/radiorevelacionfm.cl\/index.php?rest_route=\/wp\/v2\/types\/post"}],"author":[{"embeddable":true,"href":"https:\/\/radiorevelacionfm.cl\/index.php?rest_route=\/wp\/v2\/users\/1"}],"replies":[{"embeddable":true,"href":"https:\/\/radiorevelacionfm.cl\/index.php?rest_route=%2Fwp%2Fv2%2Fcomments&post=13941"}],"version-history":[{"count":2,"href":"https:\/\/radiorevelacionfm.cl\/index.php?rest_route=\/wp\/v2\/posts\/13941\/revisions"}],"predecessor-version":[{"id":13944,"href":"https:\/\/radiorevelacionfm.cl\/index.php?rest_route=\/wp\/v2\/posts\/13941\/revisions\/13944"}],"wp:featuredmedia":[{"embeddable":true,"href":"https:\/\/radiorevelacionfm.cl\/index.php?rest_route=\/wp\/v2\/media\/13942"}],"wp:attachment":[{"href":"https:\/\/radiorevelacionfm.cl\/index.php?rest_route=%2Fwp%2Fv2%2Fmedia&parent=13941"}],"wp:term":[{"taxonomy":"category","embeddable":true,"href":"https:\/\/radiorevelacionfm.cl\/index.php?rest_route=%2Fwp%2Fv2%2Fcategories&post=13941"},{"taxonomy":"post_tag","embeddable":true,"href":"https:\/\/radiorevelacionfm.cl\/index.php?rest_route=%2Fwp%2Fv2%2Ftags&post=13941"}],"curies":[{"name":"wp","href":"https:\/\/api.w.org\/{rel}","templated":true}]}}