{"id":13924,"date":"2022-02-22T10:13:13","date_gmt":"2022-02-22T13:13:13","guid":{"rendered":"https:\/\/radiorevelacionfm.cl\/?p=13924"},"modified":"2022-02-22T10:13:13","modified_gmt":"2022-02-22T13:13:13","slug":"invitan-a-empresas-de-la-industria-acuicola-a-participar-de-e-rueda-de-negocios","status":"publish","type":"post","link":"https:\/\/radiorevelacionfm.cl\/?p=13924","title":{"rendered":"Invitan a empresas de la industria acu\u00edcola a participar de e-Rueda de Negocios"},"content":{"rendered":"<div class=\"flex_column av_one_full  flex_column_div av-zero-column-padding first  avia-builder-el-0  el_before_av_one_full  avia-builder-el-first  \" style='border-radius:0px; '><div  class='avia-image-container  av-styling-    avia-builder-el-1  avia-builder-el-no-sibling  avia-align-center '  itemprop=\"image\" itemscope=\"itemscope\" itemtype=\"https:\/\/schema.org\/ImageObject\"  ><div class='avia-image-container-inner'><div class='avia-image-overlay-wrap'><img decoding=\"async\" class='wp-image-13925 avia-img-lazy-loading-not-13925 avia_image' src=\"https:\/\/radiorevelacionfm.cl\/wp-content\/uploads\/2022\/02\/Centro-cultivo-Aysen2-1-1.jpg\" alt='' title='Centro-cultivo-Ays\u00e9n2 (1) (1)' height=\"600\" width=\"801\"  itemprop=\"thumbnailUrl\" srcset=\"https:\/\/radiorevelacionfm.cl\/wp-content\/uploads\/2022\/02\/Centro-cultivo-Aysen2-1-1.jpg 801w, https:\/\/radiorevelacionfm.cl\/wp-content\/uploads\/2022\/02\/Centro-cultivo-Aysen2-1-1-300x225.jpg 300w, https:\/\/radiorevelacionfm.cl\/wp-content\/uploads\/2022\/02\/Centro-cultivo-Aysen2-1-1-768x575.jpg 768w, https:\/\/radiorevelacionfm.cl\/wp-content\/uploads\/2022\/02\/Centro-cultivo-Aysen2-1-1-705x528.jpg 705w, https:\/\/radiorevelacionfm.cl\/wp-content\/uploads\/2022\/02\/Centro-cultivo-Aysen2-1-1-600x449.jpg 600w\" sizes=\"(max-width: 801px) 100vw, 801px\" \/><\/div><\/div><\/div><\/div>\n<div class=\"flex_column av_one_full  flex_column_div av-zero-column-padding first  avia-builder-el-2  el_after_av_one_full  el_before_av_one_full  column-top-margin\" style='border-radius:0px; '><section class=\"av_textblock_section \"  itemscope=\"itemscope\" itemtype=\"https:\/\/schema.org\/BlogPosting\" itemprop=\"blogPost\" ><div class='avia_textblock  '   itemprop=\"text\" ><p style=\"text-align: center;\"><strong><span style=\"font-size: 18pt;\">Invitan a empresas de la industria acu\u00edcola a participar de e-Rueda de Negocios<\/span><\/strong><\/p>\n<div id=\"gtx-trans\" style=\"position: absolute; left: -50px; top: 4.31534px;\">\n<div class=\"gtx-trans-icon\"><\/div>\n<\/div>\n<\/div><\/section><\/div><div class=\"flex_column av_one_full  flex_column_div av-zero-column-padding first  avia-builder-el-4  el_after_av_one_full  el_before_av_hr  column-top-margin\" style='border-radius:0px; '><section class=\"av_textblock_section \"  itemscope=\"itemscope\" itemtype=\"https:\/\/schema.org\/BlogPosting\" itemprop=\"blogPost\" ><div class='avia_textblock  '   itemprop=\"text\" ><p style=\"text-align: justify;\">Hasta este viernes 25 de febrero a las 13:00 horas estar\u00e1n abiertas las postulaciones para participar de la\u00a0<strong>e-Rueda de Negocios Aquasur 2022<\/strong>, un evento online donde Pymes exportadoras y\/o con potencial exportador acu\u00edcolas podr\u00e1n gestionar reuniones comerciales con contrapartes de otros mercados como M\u00e9xico, Canad\u00e1, Brasil, Per\u00fa, Reino Unido, entre otros.<\/p>\n<p style=\"text-align: justify;\">La actividad se llevar\u00e1 a cabo el viernes 4 de marzo a las 10:00 horas, est\u00e1 organizada por ProChile y se enmarca en la Feria Aquasur 2022, la exhibici\u00f3n m\u00e1s importante del hemisferio sur sobre este rubro.<\/p>\n<p style=\"text-align: justify;\">En concreto, el encuentro est\u00e1 orientado al sector de proveedores de la Industria Acu\u00edcola, cuya oferta contempla: Envases y embalajes; Jaulas; Boyas; Redes; Instalaciones frigor\u00edficas; M\u00e1quinas y aparatos para producci\u00f3n en fr\u00edo; Alimentadores autom\u00e1ticos para peces; Hidro lavadoras para limpieza de redes; Motobombas de conteo de peces; Calderas; M\u00e1quinas para sondeo y perforaci\u00f3n; Pinturas para embarcaciones; Equipos de automatizaci\u00f3n; Equipos para mediciones oceanogr\u00e1ficas; Sistema de iluminaci\u00f3n LED, ERNC; Alimento para peces; Servicios veterinarios; y Medicamento de uso veterinario.<\/p>\n<p style=\"text-align: justify;\">Una vez inscritas, las empresas podr\u00e1n visualizar contrapartes y solicitar las reuniones de su inter\u00e9s para luego\u00a0ser\u00a0evaluadas por la oficina regional correspondiente. Por su parte, las compa\u00f1\u00edas compradoras ser\u00e1n evaluadas por las oficinas comerciales del mercado respectivo.<\/p>\n<p style=\"text-align: justify;\">Los resultados con la confirmaci\u00f3n de las agendas ser\u00e1n entre el 28 de febrero y 3 de marzo.<\/p>\n<p style=\"text-align: justify;\">Para postular a la e-Rueda de Negocios de este a\u00f1o las empresas deben completar un formulario disponible\u00a0<a href=\"https:\/\/trackercl1.fidelizador.com\/LD7B357GD7EB1A10H1065DAB8B30DJ10FCDD74E900KD7B35753D01430BAA474E32DE22277\" target=\"_blank\" rel=\"noopener\" data-saferedirecturl=\"https:\/\/www.google.com\/url?q=https:\/\/trackercl1.fidelizador.com\/LD7B357GD7EB1A10H1065DAB8B30DJ10FCDD74E900KD7B35753D01430BAA474E32DE22277&amp;source=gmail&amp;ust=1645564338443000&amp;usg=AOvVaw2s5r0Ni6PY_hN54l51hvgd\">en este link<\/a>.<\/p>\n<p style=\"text-align: justify;\"><strong>Sobre Aquasur<\/strong><\/p>\n<p style=\"text-align: justify;\">Aquasur 2022 se realizar\u00e1 entre el 2 y 4 de marzo de manera h\u00edbrida -presencial en Puerto Montt y digital a trav\u00e9s de sus canales online- donde participar\u00e1n alrededor de 200 marcas de 25 pa\u00edses.<\/p>\n<p style=\"text-align: justify;\">En la versi\u00f3n anterior (octubre de 2018) se realiz\u00f3 una Rueda de Negocios donde participaron 27 empresas del sector de proveedores de la industria acu\u00edcola y sostuvieron aproximadamente 90 reuniones.<\/p>\n<\/div><\/section><\/div><\/p>\n<div  style='height:50px' class='hr hr-invisible   avia-builder-el-6  el_after_av_one_full  el_before_av_social_share '><span class='hr-inner ' ><span class='hr-inner-style'><\/span><\/span><\/div>\n<div  class='av-social-sharing-box  avia-builder-el-7  el_after_av_hr  el_before_av_hr  '><div class='av-share-box'><h5 class='av-share-link-description av-no-toc '>Compartir esta noticia<\/h5><ul class='av-share-box-list noLightbox'><li class='av-share-link av-social-link-facebook' ><a target=\"_blank\" aria-label=\"Compartir en Facebook\" href='https:\/\/www.facebook.com\/sharer.php?u=https:\/\/radiorevelacionfm.cl\/?p=13924&#038;t=Invitan%20a%20empresas%20de%20la%20industria%20acu%C3%ADcola%20a%20participar%20de%20e-Rueda%20de%20Negocios' aria-hidden='false' data-av_icon='\ue8f3' data-av_iconfont='entypo-fontello' title='' data-avia-related-tooltip='Compartir en Facebook' rel=\"noopener\"><span class='avia_hidden_link_text'>Compartir en Facebook<\/span><\/a><\/li><li class='av-share-link av-social-link-twitter' ><a target=\"_blank\" aria-label=\"Compartir en Twitter\" href='https:\/\/twitter.com\/share?text=Invitan%20a%20empresas%20de%20la%20industria%20acu%C3%ADcola%20a%20participar%20de%20e-Rueda%20de%20Negocios&#038;url=https:\/\/radiorevelacionfm.cl\/?p=13924' aria-hidden='false' data-av_icon='\ue8f1' data-av_iconfont='entypo-fontello' title='' data-avia-related-tooltip='Compartir en Twitter' rel=\"noopener\"><span class='avia_hidden_link_text'>Compartir en Twitter<\/span><\/a><\/li><li class='av-share-link av-social-link-whatsapp' ><a target=\"_blank\" aria-label=\"Compartir en Whatsapp\" href='https:\/\/api.whatsapp.com\/send?text=https:\/\/radiorevelacionfm.cl\/?p=13924' aria-hidden='false' data-av_icon='\uf232' data-av_iconfont='entypo-fontello' title='' data-avia-related-tooltip='Compartir en Whatsapp' rel=\"noopener\"><span class='avia_hidden_link_text'>Compartir en Whatsapp<\/span><\/a><\/li><li class='av-share-link av-social-link-linkedin' ><a target=\"_blank\" aria-label=\"Compartir en LinkedIn\" href='https:\/\/linkedin.com\/shareArticle?mini=true&#038;title=Invitan%20a%20empresas%20de%20la%20industria%20acu%C3%ADcola%20a%20participar%20de%20e-Rueda%20de%20Negocios&#038;url=https:\/\/radiorevelacionfm.cl\/?p=13924' aria-hidden='false' data-av_icon='\ue8fc' data-av_iconfont='entypo-fontello' title='' data-avia-related-tooltip='Compartir en LinkedIn' rel=\"noopener\"><span class='avia_hidden_link_text'>Compartir en LinkedIn<\/span><\/a><\/li><li class='av-share-link av-social-link-mail' ><a  aria-label=\"Compartir por correo\" href='mailto:?subject=Invitan%20a%20empresas%20de%20la%20industria%20acu%C3%ADcola%20a%20participar%20de%20e-Rueda%20de%20Negocios&#038;body=https:\/\/radiorevelacionfm.cl\/?p=13924' aria-hidden='false' data-av_icon='\ue805' data-av_iconfont='entypo-fontello' title='' data-avia-related-tooltip='Compartir por correo'><span class='avia_hidden_link_text'>Compartir por correo<\/span><\/a><\/li><\/ul><\/div><\/div>\n<div  style='height:50px' class='hr hr-invisible   avia-builder-el-8  el_after_av_social_share  el_before_av_comments_list '><span class='hr-inner ' ><span class='hr-inner-style'><\/span><\/span><\/div>\n<div  class='av-buildercomment  av-blog-meta-html-info-disabled av-blog-meta-tag-disabled  '><\/div>\n","protected":false},"excerpt":{"rendered":"","protected":false},"author":1,"featured_media":13925,"comment_status":"open","ping_status":"open","sticky":false,"template":"","format":"standard","meta":{"footnotes":""},"categories":[60,38],"tags":[],"class_list":["post-13924","post","type-post","status-publish","format-standard","has-post-thumbnail","hentry","category-pesca","category-regional"],"jetpack_featured_media_url":"https:\/\/radiorevelacionfm.cl\/wp-content\/uploads\/2022\/02\/Centro-cultivo-Aysen2-1-1.jpg","_links":{"self":[{"href":"https:\/\/radiorevelacionfm.cl\/index.php?rest_route=\/wp\/v2\/posts\/13924","targetHints":{"allow":["GET"]}}],"collection":[{"href":"https:\/\/radiorevelacionfm.cl\/index.php?rest_route=\/wp\/v2\/posts"}],"about":[{"href":"https:\/\/radiorevelacionfm.cl\/index.php?rest_route=\/wp\/v2\/types\/post"}],"author":[{"embeddable":true,"href":"https:\/\/radiorevelacionfm.cl\/index.php?rest_route=\/wp\/v2\/users\/1"}],"replies":[{"embeddable":true,"href":"https:\/\/radiorevelacionfm.cl\/index.php?rest_route=%2Fwp%2Fv2%2Fcomments&post=13924"}],"version-history":[{"count":3,"href":"https:\/\/radiorevelacionfm.cl\/index.php?rest_route=\/wp\/v2\/posts\/13924\/revisions"}],"predecessor-version":[{"id":13928,"href":"https:\/\/radiorevelacionfm.cl\/index.php?rest_route=\/wp\/v2\/posts\/13924\/revisions\/13928"}],"wp:featuredmedia":[{"embeddable":true,"href":"https:\/\/radiorevelacionfm.cl\/index.php?rest_route=\/wp\/v2\/media\/13925"}],"wp:attachment":[{"href":"https:\/\/radiorevelacionfm.cl\/index.php?rest_route=%2Fwp%2Fv2%2Fmedia&parent=13924"}],"wp:term":[{"taxonomy":"category","embeddable":true,"href":"https:\/\/radiorevelacionfm.cl\/index.php?rest_route=%2Fwp%2Fv2%2Fcategories&post=13924"},{"taxonomy":"post_tag","embeddable":true,"href":"https:\/\/radiorevelacionfm.cl\/index.php?rest_route=%2Fwp%2Fv2%2Ftags&post=13924"}],"curies":[{"name":"wp","href":"https:\/\/api.w.org\/{rel}","templated":true}]}}