{"id":13918,"date":"2022-02-21T18:45:41","date_gmt":"2022-02-21T21:45:41","guid":{"rendered":"https:\/\/radiorevelacionfm.cl\/?p=13918"},"modified":"2022-02-21T18:45:41","modified_gmt":"2022-02-21T21:45:41","slug":"fondo-participa-2022-de-injuv-repartira-153-millones-para-desarrollo-de-proyectos-de-las-juventudes","status":"publish","type":"post","link":"https:\/\/radiorevelacionfm.cl\/?p=13918","title":{"rendered":"Fondo Participa 2022 de INJUV repartir\u00e1 $153 millones para desarrollo de proyectos de las juventudes"},"content":{"rendered":"<div class=\"flex_column av_one_full  flex_column_div av-zero-column-padding first  avia-builder-el-0  el_before_av_one_full  avia-builder-el-first  \" style='border-radius:0px; '><div  class='avia-image-container  av-styling-    avia-builder-el-1  avia-builder-el-no-sibling  avia-align-center '  itemprop=\"image\" itemscope=\"itemscope\" itemtype=\"https:\/\/schema.org\/ImageObject\"  ><div class='avia-image-container-inner'><div class='avia-image-overlay-wrap'><img decoding=\"async\" class='wp-image-13921 avia-img-lazy-loading-not-13921 avia_image' src=\"https:\/\/radiorevelacionfm.cl\/wp-content\/uploads\/2022\/02\/Participa-2022_02_-1-1.jpg\" alt='' title='Participa 2022_02_ (1) (1)' height=\"600\" width=\"600\"  itemprop=\"thumbnailUrl\" srcset=\"https:\/\/radiorevelacionfm.cl\/wp-content\/uploads\/2022\/02\/Participa-2022_02_-1-1.jpg 600w, https:\/\/radiorevelacionfm.cl\/wp-content\/uploads\/2022\/02\/Participa-2022_02_-1-1-300x300.jpg 300w, https:\/\/radiorevelacionfm.cl\/wp-content\/uploads\/2022\/02\/Participa-2022_02_-1-1-80x80.jpg 80w, https:\/\/radiorevelacionfm.cl\/wp-content\/uploads\/2022\/02\/Participa-2022_02_-1-1-36x36.jpg 36w, https:\/\/radiorevelacionfm.cl\/wp-content\/uploads\/2022\/02\/Participa-2022_02_-1-1-180x180.jpg 180w, https:\/\/radiorevelacionfm.cl\/wp-content\/uploads\/2022\/02\/Participa-2022_02_-1-1-100x100.jpg 100w\" sizes=\"(max-width: 600px) 100vw, 600px\" \/><\/div><\/div><\/div><\/div><div class=\"flex_column av_one_full  flex_column_div av-zero-column-padding first  avia-builder-el-2  el_after_av_one_full  el_before_av_one_full  column-top-margin\" style='border-radius:0px; '><section class=\"av_textblock_section \"  itemscope=\"itemscope\" itemtype=\"https:\/\/schema.org\/BlogPosting\" itemprop=\"blogPost\" ><div class='avia_textblock  '   itemprop=\"text\" ><p style=\"text-align: center;\"><strong><span style=\"font-size: 18pt;\">Fondo Participa 2022 de INJUV repartir\u00e1 $153 millones para desarrollo de proyectos de las juventudes<\/span><\/strong><\/p>\n<div id=\"gtx-trans\" style=\"position: absolute; left: -50px; top: 4.31534px;\">\n<div class=\"gtx-trans-icon\"><\/div>\n<\/div>\n<\/div><\/section><\/div><div class=\"flex_column av_one_full  flex_column_div av-zero-column-padding first  avia-builder-el-4  el_after_av_one_full  el_before_av_hr  column-top-margin\" style='border-radius:0px; '><section class=\"av_textblock_section \"  itemscope=\"itemscope\" itemtype=\"https:\/\/schema.org\/BlogPosting\" itemprop=\"blogPost\" ><div class='avia_textblock  '   itemprop=\"text\" ><p style=\"text-align: justify;\">El Instituto Nacional de la Juventud (INJUV) inici\u00f3 hoy las postulaciones para acceder al Fondo Participa 2022, un financiamiento concursable al que pueden postular juntas de vecinos y organizaciones comunitarias, territoriales o funcionales que se encuentren constituidas como personas jur\u00eddicas sin fines de lucro.<\/p>\n<p style=\"text-align: justify;\">Este fondo tiene el objetivo de entregar recursos t\u00e9cnicos y financieros para el desarrollo de iniciativas con enfoque juvenil, para fortalecer la participaci\u00f3n de las y los j\u00f3venes en organizaciones sociales, en beneficio del desarrollo de sus comunidades, la promoci\u00f3n de nuevas oportunidades y favorecer la construcci\u00f3n de tejido social en los territorios de intervenci\u00f3n.<\/p>\n<p style=\"text-align: justify;\">El proceso de postulaci\u00f3n 2022 se extender\u00e1 hasta el pr\u00f3ximo 21 de marzo y beneficiar\u00e1 a 102 organizaciones a lo largo del pa\u00eds con un monto de $1.500.000 para desarrollar proyectos en beneficio de j\u00f3venes de 15 a 29 a\u00f1os.<\/p>\n<p style=\"text-align: justify;\">\u201cEsta ayuda econ\u00f3mica va en directo beneficio de quienes se hayan comprometido con mejorar las condiciones de las juventudes y su entorno en la regi\u00f3n y pa\u00eds. Por eso desde INJUV queremos relevar aquellas iniciativas que apunten a entregarles m\u00e1s herramientas a los j\u00f3venes para forjar su futuro, potenciar su participaci\u00f3n en distintas esferas de la sociedad y\/o fomentar su salud f\u00edsica y mental\u201d, sostiene la directora regional de INJUV Ays\u00e9n, G\u00e9nesis Arias Fuentes.<\/p>\n<p style=\"text-align: justify;\">Quienes est\u00e9n interesados pueden revisar las bases en <a href=\"https:\/\/www.injuv.gob.cl\/personas\/fondo-participa-2022\">https:\/\/www.injuv.gob.cl\/personas\/fondo-participa-2022<\/a>.<\/p>\n<p style=\"text-align: justify;\"><strong>\u00bfQu\u00e9 organizaciones pueden postular?<\/strong><\/p>\n<ol style=\"text-align: justify;\">\n<li>Juntas de vecinos y organizaciones comunitarias, territoriales o funcionales (deportivas, culturales, art\u00edsticas, centros de padres, centros y federaciones estudiantiles) reguladas por la Ley N\u00b019.418.<\/li>\n<li>Clubes deportivos de conformidad a la letra A del art\u00edculo N\u00b032 de la Ley del Deporte N\u00b019.712.<\/li>\n<li>Asociaciones o comunidades ind\u00edgenas reguladas por la Ley N\u00b019.253, constituidas como personas jur\u00eddicas sin fines de lucro, y vigentes.<\/li>\n<\/ol>\n<p style=\"text-align: justify;\">Los proyectos admisibles ser\u00e1n los que respondan a uno de los tres ejes en los que el Instituto de la Juventud trabaja con los j\u00f3venes:<\/p>\n<ul style=\"text-align: justify;\">\n<li>Desarrollo laboral-vocacional: disminuir la deserci\u00f3n escolar, aumentar la participaci\u00f3n laboral, generar condiciones para el apresto laboral y acceso a capacitaciones, promover la educaci\u00f3n financiera, informar respecto a la seguridad social de j\u00f3venes.<\/li>\n<li>Desarrollo c\u00edvico \u2013 social: aumentar los niveles de participaci\u00f3n pol\u00edtica convencional y no convencional, promover y\/o fortalecer acciones de voluntariado; fortalecimiento de organizaciones sociales de j\u00f3venes.<\/li>\n<li>Desarrollo f\u00edsico \u2013 mental: medidas que busquen prevenir el VIH e ITS, la prevenci\u00f3n del consumo de drogas, el buen estado nutricional y la actividad f\u00edsica, la prevenci\u00f3n de la violencia, el acceso a salud mental, embarazo adolescente y salud sexual reproductiva.<\/li>\n<\/ul>\n<p style=\"text-align: justify;\"><strong>\u00bfC\u00f3mo postular?<\/strong><\/p>\n<p style=\"text-align: justify;\">La postulaci\u00f3n se hace a trav\u00e9s del sitio <a href=\"https:\/\/www.fondos.gob.cl\/ficha\/minecon\/participa2022\">https:\/\/www.fondos.gob.cl\/ficha\/minecon\/participa2022<\/a> y las organizaciones deben contar con Clave \u00danica.<\/p>\n<\/div><\/section><\/div><div  style='height:50px' class='hr hr-invisible   avia-builder-el-6  el_after_av_one_full  el_before_av_social_share '><span class='hr-inner ' ><span class='hr-inner-style'><\/span><\/span><\/div><\/p>\n<div  class='av-social-sharing-box  avia-builder-el-7  el_after_av_hr  el_before_av_hr  '><div class='av-share-box'><h5 class='av-share-link-description av-no-toc '>Compartir esta noticia<\/h5><ul class='av-share-box-list noLightbox'><li class='av-share-link av-social-link-facebook' ><a target=\"_blank\" aria-label=\"Compartir en Facebook\" href='https:\/\/www.facebook.com\/sharer.php?u=https:\/\/radiorevelacionfm.cl\/?p=13918&#038;t=Fondo%20Participa%202022%20de%20INJUV%20repartir%C3%A1%20%24153%20millones%20para%20desarrollo%20de%20proyectos%20de%20las%20juventudes' aria-hidden='false' data-av_icon='\ue8f3' data-av_iconfont='entypo-fontello' title='' data-avia-related-tooltip='Compartir en Facebook' rel=\"noopener\"><span class='avia_hidden_link_text'>Compartir en Facebook<\/span><\/a><\/li><li class='av-share-link av-social-link-twitter' ><a target=\"_blank\" aria-label=\"Compartir en Twitter\" href='https:\/\/twitter.com\/share?text=Fondo%20Participa%202022%20de%20INJUV%20repartir%C3%A1%20%24153%20millones%20para%20desarrollo%20de%20proyectos%20de%20las%20juventudes&#038;url=https:\/\/radiorevelacionfm.cl\/?p=13918' aria-hidden='false' data-av_icon='\ue8f1' data-av_iconfont='entypo-fontello' title='' data-avia-related-tooltip='Compartir en Twitter' rel=\"noopener\"><span class='avia_hidden_link_text'>Compartir en Twitter<\/span><\/a><\/li><li class='av-share-link av-social-link-whatsapp' ><a target=\"_blank\" aria-label=\"Compartir en Whatsapp\" href='https:\/\/api.whatsapp.com\/send?text=https:\/\/radiorevelacionfm.cl\/?p=13918' aria-hidden='false' data-av_icon='\uf232' data-av_iconfont='entypo-fontello' title='' data-avia-related-tooltip='Compartir en Whatsapp' rel=\"noopener\"><span class='avia_hidden_link_text'>Compartir en Whatsapp<\/span><\/a><\/li><li class='av-share-link av-social-link-linkedin' ><a target=\"_blank\" aria-label=\"Compartir en LinkedIn\" href='https:\/\/linkedin.com\/shareArticle?mini=true&#038;title=Fondo%20Participa%202022%20de%20INJUV%20repartir%C3%A1%20%24153%20millones%20para%20desarrollo%20de%20proyectos%20de%20las%20juventudes&#038;url=https:\/\/radiorevelacionfm.cl\/?p=13918' aria-hidden='false' data-av_icon='\ue8fc' data-av_iconfont='entypo-fontello' title='' data-avia-related-tooltip='Compartir en LinkedIn' rel=\"noopener\"><span class='avia_hidden_link_text'>Compartir en LinkedIn<\/span><\/a><\/li><li class='av-share-link av-social-link-mail' ><a  aria-label=\"Compartir por correo\" href='mailto:?subject=Fondo%20Participa%202022%20de%20INJUV%20repartir%C3%A1%20%24153%20millones%20para%20desarrollo%20de%20proyectos%20de%20las%20juventudes&#038;body=https:\/\/radiorevelacionfm.cl\/?p=13918' aria-hidden='false' data-av_icon='\ue805' data-av_iconfont='entypo-fontello' title='' data-avia-related-tooltip='Compartir por correo'><span class='avia_hidden_link_text'>Compartir por correo<\/span><\/a><\/li><\/ul><\/div><\/div>\n<div  style='height:50px' class='hr hr-invisible   avia-builder-el-8  el_after_av_social_share  el_before_av_comments_list '><span class='hr-inner ' ><span class='hr-inner-style'><\/span><\/span><\/div>\n<div  class='av-buildercomment  av-blog-meta-html-info-disabled av-blog-meta-tag-disabled  '><\/div>\n","protected":false},"excerpt":{"rendered":"","protected":false},"author":1,"featured_media":13919,"comment_status":"open","ping_status":"open","sticky":false,"template":"","format":"standard","meta":{"footnotes":""},"categories":[38],"tags":[],"class_list":["post-13918","post","type-post","status-publish","format-standard","has-post-thumbnail","hentry","category-regional"],"jetpack_featured_media_url":"https:\/\/radiorevelacionfm.cl\/wp-content\/uploads\/2022\/02\/Participa-2022_00-1-1.jpg","_links":{"self":[{"href":"https:\/\/radiorevelacionfm.cl\/index.php?rest_route=\/wp\/v2\/posts\/13918","targetHints":{"allow":["GET"]}}],"collection":[{"href":"https:\/\/radiorevelacionfm.cl\/index.php?rest_route=\/wp\/v2\/posts"}],"about":[{"href":"https:\/\/radiorevelacionfm.cl\/index.php?rest_route=\/wp\/v2\/types\/post"}],"author":[{"embeddable":true,"href":"https:\/\/radiorevelacionfm.cl\/index.php?rest_route=\/wp\/v2\/users\/1"}],"replies":[{"embeddable":true,"href":"https:\/\/radiorevelacionfm.cl\/index.php?rest_route=%2Fwp%2Fv2%2Fcomments&post=13918"}],"version-history":[{"count":2,"href":"https:\/\/radiorevelacionfm.cl\/index.php?rest_route=\/wp\/v2\/posts\/13918\/revisions"}],"predecessor-version":[{"id":13923,"href":"https:\/\/radiorevelacionfm.cl\/index.php?rest_route=\/wp\/v2\/posts\/13918\/revisions\/13923"}],"wp:featuredmedia":[{"embeddable":true,"href":"https:\/\/radiorevelacionfm.cl\/index.php?rest_route=\/wp\/v2\/media\/13919"}],"wp:attachment":[{"href":"https:\/\/radiorevelacionfm.cl\/index.php?rest_route=%2Fwp%2Fv2%2Fmedia&parent=13918"}],"wp:term":[{"taxonomy":"category","embeddable":true,"href":"https:\/\/radiorevelacionfm.cl\/index.php?rest_route=%2Fwp%2Fv2%2Fcategories&post=13918"},{"taxonomy":"post_tag","embeddable":true,"href":"https:\/\/radiorevelacionfm.cl\/index.php?rest_route=%2Fwp%2Fv2%2Ftags&post=13918"}],"curies":[{"name":"wp","href":"https:\/\/api.w.org\/{rel}","templated":true}]}}