{"id":13914,"date":"2022-02-21T18:24:03","date_gmt":"2022-02-21T21:24:03","guid":{"rendered":"https:\/\/radiorevelacionfm.cl\/?p=13914"},"modified":"2022-02-22T10:27:56","modified_gmt":"2022-02-22T13:27:56","slug":"comienza-proceso-de-licitacion-para-proyectos-fotovoltaicos-en-la-comuna-de-cisnes","status":"publish","type":"post","link":"https:\/\/radiorevelacionfm.cl\/?p=13914","title":{"rendered":"Comienza proceso de licitaci\u00f3n para proyectos fotovoltaicos en la comuna de Cisnes"},"content":{"rendered":"<div class=\"flex_column av_one_full  flex_column_div av-zero-column-padding first  avia-builder-el-0  el_before_av_one_full  avia-builder-el-first  \" style='border-radius:0px; '><div  class='avia-image-container  av-styling-    avia-builder-el-1  avia-builder-el-no-sibling  avia-align-center '  itemprop=\"image\" itemscope=\"itemscope\" itemtype=\"https:\/\/schema.org\/ImageObject\"  ><div class='avia-image-container-inner'><div class='avia-image-overlay-wrap'><img decoding=\"async\" class='wp-image-13915 avia-img-lazy-loading-not-13915 avia_image' src=\"https:\/\/radiorevelacionfm.cl\/wp-content\/uploads\/2022\/02\/licitacion-fotov-0_optimized.jpg\" alt='' title='licitacion-fotov-0_optimized' height=\"600\" width=\"1190\"  itemprop=\"thumbnailUrl\" srcset=\"https:\/\/radiorevelacionfm.cl\/wp-content\/uploads\/2022\/02\/licitacion-fotov-0_optimized.jpg 1190w, https:\/\/radiorevelacionfm.cl\/wp-content\/uploads\/2022\/02\/licitacion-fotov-0_optimized-300x151.jpg 300w, https:\/\/radiorevelacionfm.cl\/wp-content\/uploads\/2022\/02\/licitacion-fotov-0_optimized-1030x519.jpg 1030w, https:\/\/radiorevelacionfm.cl\/wp-content\/uploads\/2022\/02\/licitacion-fotov-0_optimized-768x387.jpg 768w, https:\/\/radiorevelacionfm.cl\/wp-content\/uploads\/2022\/02\/licitacion-fotov-0_optimized-705x355.jpg 705w, https:\/\/radiorevelacionfm.cl\/wp-content\/uploads\/2022\/02\/licitacion-fotov-0_optimized-600x303.jpg 600w\" sizes=\"(max-width: 1190px) 100vw, 1190px\" \/><\/div><\/div><\/div><\/div>\n<div class=\"flex_column av_one_full  flex_column_div av-zero-column-padding first  avia-builder-el-2  el_after_av_one_full  el_before_av_one_full  column-top-margin\" style='border-radius:0px; '><section class=\"av_textblock_section \"  itemscope=\"itemscope\" itemtype=\"https:\/\/schema.org\/BlogPosting\" itemprop=\"blogPost\" ><div class='avia_textblock  '   itemprop=\"text\" ><p style=\"text-align: center;\"><strong><span style=\"font-size: 18pt;\">Comienza proceso de licitaci\u00f3n para proyectos fotovoltaicos en la comuna de Cisnes<\/span><\/strong><\/p>\n<div id=\"gtx-trans\" style=\"position: absolute; left: -50px; top: 4.31534px;\">\n<div class=\"gtx-trans-icon\"><\/div>\n<\/div>\n<\/div><\/section><\/div>\n<div class=\"flex_column av_one_full  flex_column_div av-zero-column-padding first  avia-builder-el-4  el_after_av_one_full  el_before_av_hr  column-top-margin\" style='border-radius:0px; '><section class=\"av_textblock_section \"  itemscope=\"itemscope\" itemtype=\"https:\/\/schema.org\/BlogPosting\" itemprop=\"blogPost\" ><div class='avia_textblock  '   itemprop=\"text\" ><p style=\"text-align: justify;\">Se ha iniciado la licitaci\u00f3n que permitir\u00e1 lograr esta soluci\u00f3n a los beneficiarios del sector Rio Cisnes, para continuar en otros puntos de la comuna, llegando hasta las familias de Rio Figueroa, en las cercan\u00edas de la localidad de La Junta.<\/p>\n<p style=\"text-align: justify;\">Estas iniciativas han logrado su financiamiento gracias a recursos que fueron traspasados desde el Gobierno Regional de Ays\u00e9n a la Subdere, organismo que finalmente los transfiri\u00f3 a la Municipalidad de Cisnes.<\/p>\n<p style=\"text-align: justify;\">La Ilustre Municipalidad de Cisnes a trav\u00e9s de su \u00e1rea de Secplan, ha comenzado el proceso de licitaci\u00f3n para llevar soluciones fotovoltaicas a familias de diversos sectores rurales de la comuna, como, Rio Cisnes, Canal Puyuhuapi, rio Figueroa, entre otros.<\/p>\n<p style=\"text-align: justify;\">La mejor inversi\u00f3n p\u00fablica es cuando esta busca mejorar la calidad de vida de la ciudadan\u00eda, tal como ocurre con esta iniciativa que beneficiar\u00e1 a n\u00famero importante de familias. Algo que fue relevado por el Alcalde, Francisco Roncagliolo.<\/p>\n<p style=\"text-align: justify;\">\u201cEst\u00e1n disponibles los fondos necesarios para poder construir proyectos fotovoltaicos, para que tengan luz el\u00e9ctrica en lugares tan aislados. Los recursos est\u00e1n y se ha iniciado la licitaci\u00f3n, de esta forma, buscamos dar soluci\u00f3n a una aspiraci\u00f3n de muchos a\u00f1os, son necesidades antiqu\u00edsimas que tienen estos vecinos. Hemos podido lograr como administraci\u00f3n en un muy corto tiempo resolver este tema, tambi\u00e9n resolver la situaci\u00f3n otros lugares de la comuna que requieren conexi\u00f3n el\u00e9ctrica a trav\u00e9s de paneles fotovoltaicos, que son soluciones m\u00e1s individuales en lugares muy complejos de llegar\u201d.<\/p>\n<p style=\"text-align: justify;\">Rio Figueroa, en las proximidades de La Junta, es uno de los sectores que tendr\u00e1 soluciones fotovoltaicas en la comuna de Cisnes. Esto gracias al traspaso de fondos realizado por el Gobierno Regional de Ays\u00e9n a la Subdere, organismo que luego baja estos recursos al Municipio.<\/p>\n<p style=\"text-align: justify;\">Informaci\u00f3n que recientemente se entreg\u00f3 en terreno a los pobladores de ese lugar, como es el caso de la se\u00f1ora Gertrudis, dirigenta y vecina del sector. As\u00ed lo destac\u00f3 el encargado de la unidad regional de Subdere, Patricio Ulloa.<\/p>\n<p style=\"text-align: justify;\">\u201cY la verdad es que, con la se\u00f1ora Gertrudis y el Alcalde nos comprometimos a buscar una soluci\u00f3n, para instalar paneles solares en ese sector y lo que hemos hecho es cumplir ese compromiso que hicimos con el Alcalde, de lograr conseguir los recursos a trav\u00e9s de asignaci\u00f3n de la Subdere, en un traspaso que hizo el Gobierno Regional para lograr financiar todos los proyectos que estaban elegibles en la comuna de Cisnes. As\u00ed es que, estamos muy contentos, la se\u00f1ora Gertrudis estaba muy emocionada junto a su familia, de lograr por fin tener una soluci\u00f3n que le est\u00e1 entregando el Municipio de Cisnes, felicitaciones, una alegr\u00eda enorme de verdad\u201d.<\/p>\n<p style=\"text-align: justify;\">Fue precisamente Gertrudis Vega, quien puso en valor las gestiones que permiten llegar a esta iniciativa y lo importante que esto ser\u00e1 una vez que las obras se inicien y se instalen los paneles fotovoltaicos.<\/p>\n<p style=\"text-align: justify;\">\u201cRecibo de la mejor forma el poder obtener este beneficio tan necesario y hoy d\u00eda veo cumplido el sue\u00f1o, uno no puede dejar de decir que, el Alcalde ayud\u00f3 mucho a gestionar esto que hoy lo podemos ver concretado. As\u00ed es que, para m\u00ed, para mi familia, mis nietos, es una felicidad el poder contar con este beneficio de tener luz este invierno que ya se aproxima y se hace tan largo, poder traer algo tan b\u00e1sico como un refrigerador, una lavadora o conservar un medicamente, nos ayuda mucho. Hay ni\u00f1os, hay bebes en este lado, as\u00ed es que, es una gran noticia\u201d.<\/p>\n<p style=\"text-align: justify;\">En total se invertir\u00e1n cerca de 570 millones de pesos, los que en 3 proyectos distintos beneficiar\u00e1n a m\u00e1s de 40 familias de diversos sectores rurales de la comuna de Cisnes, en un trabajo conjunto entre el Municipio, Subdere y el Gobierno Regional de Ays\u00e9n.<\/p>\n<p style=\"text-align: justify;\">El proceso de licitaci\u00f3n se encuentra en marcha, lo que permitir\u00e1 pronto adjudicar, entregar terreno e iniciar las obras de instalaci\u00f3n de paneles fotovoltaicos para familias de sectores como, Rio Cisnes, Canal Puyuhuapi, rio Figueroa, entre otros.<\/p>\n<\/div><\/section><\/div><div  style='height:50px' class='hr hr-invisible   avia-builder-el-6  el_after_av_one_full  el_before_av_social_share '><span class='hr-inner ' ><span class='hr-inner-style'><\/span><\/span><\/div><\/p>\n<div  class='av-social-sharing-box  avia-builder-el-7  el_after_av_hr  el_before_av_hr  '><div class='av-share-box'><h5 class='av-share-link-description av-no-toc '>Compartir esta noticia<\/h5><ul class='av-share-box-list noLightbox'><li class='av-share-link av-social-link-facebook' ><a target=\"_blank\" aria-label=\"Compartir en Facebook\" href='https:\/\/www.facebook.com\/sharer.php?u=https:\/\/radiorevelacionfm.cl\/?p=13914&#038;t=Comienza%20proceso%20de%20licitaci%C3%B3n%20para%20proyectos%20fotovoltaicos%20en%20la%20comuna%20de%20Cisnes' aria-hidden='false' data-av_icon='\ue8f3' data-av_iconfont='entypo-fontello' title='' data-avia-related-tooltip='Compartir en Facebook' rel=\"noopener\"><span class='avia_hidden_link_text'>Compartir en Facebook<\/span><\/a><\/li><li class='av-share-link av-social-link-twitter' ><a target=\"_blank\" aria-label=\"Compartir en Twitter\" href='https:\/\/twitter.com\/share?text=Comienza%20proceso%20de%20licitaci%C3%B3n%20para%20proyectos%20fotovoltaicos%20en%20la%20comuna%20de%20Cisnes&#038;url=https:\/\/radiorevelacionfm.cl\/?p=13914' aria-hidden='false' data-av_icon='\ue8f1' data-av_iconfont='entypo-fontello' title='' data-avia-related-tooltip='Compartir en Twitter' rel=\"noopener\"><span class='avia_hidden_link_text'>Compartir en Twitter<\/span><\/a><\/li><li class='av-share-link av-social-link-whatsapp' ><a target=\"_blank\" aria-label=\"Compartir en Whatsapp\" href='https:\/\/api.whatsapp.com\/send?text=https:\/\/radiorevelacionfm.cl\/?p=13914' aria-hidden='false' data-av_icon='\uf232' data-av_iconfont='entypo-fontello' title='' data-avia-related-tooltip='Compartir en Whatsapp' rel=\"noopener\"><span class='avia_hidden_link_text'>Compartir en Whatsapp<\/span><\/a><\/li><li class='av-share-link av-social-link-linkedin' ><a target=\"_blank\" aria-label=\"Compartir en LinkedIn\" href='https:\/\/linkedin.com\/shareArticle?mini=true&#038;title=Comienza%20proceso%20de%20licitaci%C3%B3n%20para%20proyectos%20fotovoltaicos%20en%20la%20comuna%20de%20Cisnes&#038;url=https:\/\/radiorevelacionfm.cl\/?p=13914' aria-hidden='false' data-av_icon='\ue8fc' data-av_iconfont='entypo-fontello' title='' data-avia-related-tooltip='Compartir en LinkedIn' rel=\"noopener\"><span class='avia_hidden_link_text'>Compartir en LinkedIn<\/span><\/a><\/li><li class='av-share-link av-social-link-mail' ><a  aria-label=\"Compartir por correo\" href='mailto:?subject=Comienza%20proceso%20de%20licitaci%C3%B3n%20para%20proyectos%20fotovoltaicos%20en%20la%20comuna%20de%20Cisnes&#038;body=https:\/\/radiorevelacionfm.cl\/?p=13914' aria-hidden='false' data-av_icon='\ue805' data-av_iconfont='entypo-fontello' title='' data-avia-related-tooltip='Compartir por correo'><span class='avia_hidden_link_text'>Compartir por correo<\/span><\/a><\/li><\/ul><\/div><\/div>\n<div  style='height:50px' class='hr hr-invisible   avia-builder-el-8  el_after_av_social_share  el_before_av_comments_list '><span class='hr-inner ' ><span class='hr-inner-style'><\/span><\/span><\/div>\n<div  class='av-buildercomment  av-blog-meta-html-info-disabled av-blog-meta-tag-disabled  '><\/div>\n","protected":false},"excerpt":{"rendered":"","protected":false},"author":1,"featured_media":13915,"comment_status":"open","ping_status":"open","sticky":false,"template":"","format":"standard","meta":{"footnotes":""},"categories":[38],"tags":[],"class_list":["post-13914","post","type-post","status-publish","format-standard","has-post-thumbnail","hentry","category-regional"],"jetpack_featured_media_url":"https:\/\/radiorevelacionfm.cl\/wp-content\/uploads\/2022\/02\/licitacion-fotov-0_optimized.jpg","_links":{"self":[{"href":"https:\/\/radiorevelacionfm.cl\/index.php?rest_route=\/wp\/v2\/posts\/13914","targetHints":{"allow":["GET"]}}],"collection":[{"href":"https:\/\/radiorevelacionfm.cl\/index.php?rest_route=\/wp\/v2\/posts"}],"about":[{"href":"https:\/\/radiorevelacionfm.cl\/index.php?rest_route=\/wp\/v2\/types\/post"}],"author":[{"embeddable":true,"href":"https:\/\/radiorevelacionfm.cl\/index.php?rest_route=\/wp\/v2\/users\/1"}],"replies":[{"embeddable":true,"href":"https:\/\/radiorevelacionfm.cl\/index.php?rest_route=%2Fwp%2Fv2%2Fcomments&post=13914"}],"version-history":[{"count":3,"href":"https:\/\/radiorevelacionfm.cl\/index.php?rest_route=\/wp\/v2\/posts\/13914\/revisions"}],"predecessor-version":[{"id":13929,"href":"https:\/\/radiorevelacionfm.cl\/index.php?rest_route=\/wp\/v2\/posts\/13914\/revisions\/13929"}],"wp:featuredmedia":[{"embeddable":true,"href":"https:\/\/radiorevelacionfm.cl\/index.php?rest_route=\/wp\/v2\/media\/13915"}],"wp:attachment":[{"href":"https:\/\/radiorevelacionfm.cl\/index.php?rest_route=%2Fwp%2Fv2%2Fmedia&parent=13914"}],"wp:term":[{"taxonomy":"category","embeddable":true,"href":"https:\/\/radiorevelacionfm.cl\/index.php?rest_route=%2Fwp%2Fv2%2Fcategories&post=13914"},{"taxonomy":"post_tag","embeddable":true,"href":"https:\/\/radiorevelacionfm.cl\/index.php?rest_route=%2Fwp%2Fv2%2Ftags&post=13914"}],"curies":[{"name":"wp","href":"https:\/\/api.w.org\/{rel}","templated":true}]}}