{"id":13910,"date":"2022-02-21T09:30:54","date_gmt":"2022-02-21T12:30:54","guid":{"rendered":"https:\/\/radiorevelacionfm.cl\/?p=13910"},"modified":"2022-02-21T17:41:47","modified_gmt":"2022-02-21T20:41:47","slug":"rescatan-con-vida-a-joven-que-se-lanzo-al-rio-desde-el-puente-ibanez-en-aysen","status":"publish","type":"post","link":"https:\/\/radiorevelacionfm.cl\/?p=13910","title":{"rendered":"Rescatan con vida a joven que se lanz\u00f3 al rio desde el Puente Ib\u00e1\u00f1ez en Ays\u00e9n"},"content":{"rendered":"<div class=\"flex_column av_one_full  flex_column_div av-zero-column-padding first  avia-builder-el-0  el_before_av_one_full  avia-builder-el-first  \" style='border-radius:0px; '><div  class='avia-image-container  av-styling-    avia-builder-el-1  avia-builder-el-no-sibling  avia-align-center '  itemprop=\"image\" itemscope=\"itemscope\" itemtype=\"https:\/\/schema.org\/ImageObject\"  ><div class='avia-image-container-inner'><div class='avia-image-overlay-wrap'><img decoding=\"async\" class='wp-image-13911 avia-img-lazy-loading-not-13911 avia_image' src=\"https:\/\/radiorevelacionfm.cl\/wp-content\/uploads\/2022\/02\/Rescate-Aysen-20.021-1.jpg\" alt='' title='Rescate Aysen 20.02(1) (1)' height=\"600\" width=\"973\"  itemprop=\"thumbnailUrl\" srcset=\"https:\/\/radiorevelacionfm.cl\/wp-content\/uploads\/2022\/02\/Rescate-Aysen-20.021-1.jpg 973w, https:\/\/radiorevelacionfm.cl\/wp-content\/uploads\/2022\/02\/Rescate-Aysen-20.021-1-300x185.jpg 300w, https:\/\/radiorevelacionfm.cl\/wp-content\/uploads\/2022\/02\/Rescate-Aysen-20.021-1-768x474.jpg 768w, https:\/\/radiorevelacionfm.cl\/wp-content\/uploads\/2022\/02\/Rescate-Aysen-20.021-1-705x435.jpg 705w, https:\/\/radiorevelacionfm.cl\/wp-content\/uploads\/2022\/02\/Rescate-Aysen-20.021-1-600x370.jpg 600w\" sizes=\"(max-width: 973px) 100vw, 973px\" \/><\/div><\/div><\/div><\/div><div class=\"flex_column av_one_full  flex_column_div av-zero-column-padding first  avia-builder-el-2  el_after_av_one_full  el_before_av_one_full  column-top-margin\" style='border-radius:0px; '><section class=\"av_textblock_section \"  itemscope=\"itemscope\" itemtype=\"https:\/\/schema.org\/BlogPosting\" itemprop=\"blogPost\" ><div class='avia_textblock  '   itemprop=\"text\" ><p style=\"text-align: center;\"><strong><span style=\"font-size: 18pt;\">Rescatan con vida a joven que se lanz\u00f3 al rio desde el Puente Ib\u00e1\u00f1ez en Ays\u00e9n<\/span><\/strong><\/p>\n<div id=\"gtx-trans\" style=\"position: absolute; left: -50px; top: 4.31534px;\">\n<div class=\"gtx-trans-icon\"><\/div>\n<\/div>\n<\/div><\/section><\/div><div class=\"flex_column av_one_full  flex_column_div av-zero-column-padding first  avia-builder-el-4  el_after_av_one_full  el_before_av_hr  column-top-margin\" style='border-radius:0px; '><section class=\"av_textblock_section \"  itemscope=\"itemscope\" itemtype=\"https:\/\/schema.org\/BlogPosting\" itemprop=\"blogPost\" ><div class='avia_textblock  '   itemprop=\"text\" ><p style=\"text-align: justify;\">Alrededor de las 17:30 horas del domingo se activ\u00f3 el ABC, convocando a los organismos de emergencia en el rio Ays\u00e9n, ya que se ten\u00eda informaci\u00f3n de que una persona se hab\u00eda lanzado a las aguas desde el puente Presidente Ib\u00e1\u00f1ez.<\/p>\n<p style=\"text-align: justify;\">Inmediatamente el Grupo Especializado en Rescate Subacu\u00e1tico (GERSA) de la Segunda Compa\u00f1\u00eda del Cuerpo de Bomberos de Ays\u00e9n, ingres\u00f3 con sus equipos y bote zodiac al afluente, logrando despu\u00e9s de algunos minutos dar alcance con la persona, quien result\u00f3 ser un joven, el cual fue rescatado con vida gracias\u00a0a la oportuna alerta.<\/p>\n<p style=\"text-align: justify;\">\u201cTuvimos un llamado al nivel 132, que nos indicaba que una persona se hab\u00eda lanzado a las aguas desde el puente, as\u00ed es que, despachamos inmediatamente la unidad de rescate subacu\u00e1tico que logr\u00f3 sacar exitosamente a la persona con vida y entregarla al Samu, para ser trasladada al centro asistencial\u201d, inform\u00f3 el Comandante de Bomberos, Luis Mart\u00ednez.<\/p>\n<p style=\"text-align: justify;\">El llamado oportuno a Bomberos y que la persona haya flotado por varios minutos, permitieron recatarlo r\u00e1pidamente y con vida, a\u00f1adi\u00f3 el oficial del Cuerpo de Bomberos de Ays\u00e9n.<\/p>\n<p>Al lugar tambi\u00e9n concurrieron Carabineros y la Armada.<\/p>\n<\/div><\/section><\/div><div  style='height:50px' class='hr hr-invisible   avia-builder-el-6  el_after_av_one_full  el_before_av_social_share '><span class='hr-inner ' ><span class='hr-inner-style'><\/span><\/span><\/div><\/p>\n<div  class='av-social-sharing-box  avia-builder-el-7  el_after_av_hr  el_before_av_hr  '><div class='av-share-box'><h5 class='av-share-link-description av-no-toc '>Compartir esta noticia<\/h5><ul class='av-share-box-list noLightbox'><li class='av-share-link av-social-link-facebook' ><a target=\"_blank\" aria-label=\"Compartir en Facebook\" href='https:\/\/www.facebook.com\/sharer.php?u=https:\/\/radiorevelacionfm.cl\/?p=13910&#038;t=Rescatan%20con%20vida%20a%20joven%20que%20se%20lanz%C3%B3%20al%20rio%20desde%20el%20Puente%20Ib%C3%A1%C3%B1ez%20en%20Ays%C3%A9n' aria-hidden='false' data-av_icon='\ue8f3' data-av_iconfont='entypo-fontello' title='' data-avia-related-tooltip='Compartir en Facebook' rel=\"noopener\"><span class='avia_hidden_link_text'>Compartir en Facebook<\/span><\/a><\/li><li class='av-share-link av-social-link-twitter' ><a target=\"_blank\" aria-label=\"Compartir en Twitter\" href='https:\/\/twitter.com\/share?text=Rescatan%20con%20vida%20a%20joven%20que%20se%20lanz%C3%B3%20al%20rio%20desde%20el%20Puente%20Ib%C3%A1%C3%B1ez%20en%20Ays%C3%A9n&#038;url=https:\/\/radiorevelacionfm.cl\/?p=13910' aria-hidden='false' data-av_icon='\ue8f1' data-av_iconfont='entypo-fontello' title='' data-avia-related-tooltip='Compartir en Twitter' rel=\"noopener\"><span class='avia_hidden_link_text'>Compartir en Twitter<\/span><\/a><\/li><li class='av-share-link av-social-link-whatsapp' ><a target=\"_blank\" aria-label=\"Compartir en Whatsapp\" href='https:\/\/api.whatsapp.com\/send?text=https:\/\/radiorevelacionfm.cl\/?p=13910' aria-hidden='false' data-av_icon='\uf232' data-av_iconfont='entypo-fontello' title='' data-avia-related-tooltip='Compartir en Whatsapp' rel=\"noopener\"><span class='avia_hidden_link_text'>Compartir en Whatsapp<\/span><\/a><\/li><li class='av-share-link av-social-link-linkedin' ><a target=\"_blank\" aria-label=\"Compartir en LinkedIn\" href='https:\/\/linkedin.com\/shareArticle?mini=true&#038;title=Rescatan%20con%20vida%20a%20joven%20que%20se%20lanz%C3%B3%20al%20rio%20desde%20el%20Puente%20Ib%C3%A1%C3%B1ez%20en%20Ays%C3%A9n&#038;url=https:\/\/radiorevelacionfm.cl\/?p=13910' aria-hidden='false' data-av_icon='\ue8fc' data-av_iconfont='entypo-fontello' title='' data-avia-related-tooltip='Compartir en LinkedIn' rel=\"noopener\"><span class='avia_hidden_link_text'>Compartir en LinkedIn<\/span><\/a><\/li><li class='av-share-link av-social-link-mail' ><a  aria-label=\"Compartir por correo\" href='mailto:?subject=Rescatan%20con%20vida%20a%20joven%20que%20se%20lanz%C3%B3%20al%20rio%20desde%20el%20Puente%20Ib%C3%A1%C3%B1ez%20en%20Ays%C3%A9n&#038;body=https:\/\/radiorevelacionfm.cl\/?p=13910' aria-hidden='false' data-av_icon='\ue805' data-av_iconfont='entypo-fontello' title='' data-avia-related-tooltip='Compartir por correo'><span class='avia_hidden_link_text'>Compartir por correo<\/span><\/a><\/li><\/ul><\/div><\/div>\n<div  style='height:50px' class='hr hr-invisible   avia-builder-el-8  el_after_av_social_share  el_before_av_comments_list '><span class='hr-inner ' ><span class='hr-inner-style'><\/span><\/span><\/div>\n<div  class='av-buildercomment  av-blog-meta-html-info-disabled av-blog-meta-tag-disabled  '><\/div>\n","protected":false},"excerpt":{"rendered":"","protected":false},"author":1,"featured_media":13911,"comment_status":"open","ping_status":"open","sticky":false,"template":"","format":"standard","meta":{"footnotes":""},"categories":[38],"tags":[],"class_list":["post-13910","post","type-post","status-publish","format-standard","has-post-thumbnail","hentry","category-regional"],"jetpack_featured_media_url":"https:\/\/radiorevelacionfm.cl\/wp-content\/uploads\/2022\/02\/Rescate-Aysen-20.021-1.jpg","_links":{"self":[{"href":"https:\/\/radiorevelacionfm.cl\/index.php?rest_route=\/wp\/v2\/posts\/13910","targetHints":{"allow":["GET"]}}],"collection":[{"href":"https:\/\/radiorevelacionfm.cl\/index.php?rest_route=\/wp\/v2\/posts"}],"about":[{"href":"https:\/\/radiorevelacionfm.cl\/index.php?rest_route=\/wp\/v2\/types\/post"}],"author":[{"embeddable":true,"href":"https:\/\/radiorevelacionfm.cl\/index.php?rest_route=\/wp\/v2\/users\/1"}],"replies":[{"embeddable":true,"href":"https:\/\/radiorevelacionfm.cl\/index.php?rest_route=%2Fwp%2Fv2%2Fcomments&post=13910"}],"version-history":[{"count":2,"href":"https:\/\/radiorevelacionfm.cl\/index.php?rest_route=\/wp\/v2\/posts\/13910\/revisions"}],"predecessor-version":[{"id":13913,"href":"https:\/\/radiorevelacionfm.cl\/index.php?rest_route=\/wp\/v2\/posts\/13910\/revisions\/13913"}],"wp:featuredmedia":[{"embeddable":true,"href":"https:\/\/radiorevelacionfm.cl\/index.php?rest_route=\/wp\/v2\/media\/13911"}],"wp:attachment":[{"href":"https:\/\/radiorevelacionfm.cl\/index.php?rest_route=%2Fwp%2Fv2%2Fmedia&parent=13910"}],"wp:term":[{"taxonomy":"category","embeddable":true,"href":"https:\/\/radiorevelacionfm.cl\/index.php?rest_route=%2Fwp%2Fv2%2Fcategories&post=13910"},{"taxonomy":"post_tag","embeddable":true,"href":"https:\/\/radiorevelacionfm.cl\/index.php?rest_route=%2Fwp%2Fv2%2Ftags&post=13910"}],"curies":[{"name":"wp","href":"https:\/\/api.w.org\/{rel}","templated":true}]}}