{"id":13899,"date":"2022-02-21T13:53:02","date_gmt":"2022-02-21T16:53:02","guid":{"rendered":"https:\/\/radiorevelacionfm.cl\/?p=13899"},"modified":"2022-02-21T13:53:02","modified_gmt":"2022-02-21T16:53:02","slug":"aniversario-programa-hogar-mejor-ministro-ward-destaca-que-mas-de-480-mil-familias-han-sido-beneficiadas-desde-2018","status":"publish","type":"post","link":"https:\/\/radiorevelacionfm.cl\/?p=13899","title":{"rendered":"Aniversario Programa Hogar Mejor: Ministro Ward destaca que m\u00e1s de 480 mil familias han sido beneficiadas desde 2018"},"content":{"rendered":"<div class=\"flex_column av_one_full  flex_column_div av-zero-column-padding first  avia-builder-el-0  el_before_av_one_full  avia-builder-el-first  \" style='border-radius:0px; '><div  class='avia-image-container  av-styling-    avia-builder-el-1  avia-builder-el-no-sibling  avia-align-center '  itemprop=\"image\" itemscope=\"itemscope\" itemtype=\"https:\/\/schema.org\/ImageObject\"  ><div class='avia-image-container-inner'><div class='avia-image-overlay-wrap'><img decoding=\"async\" class='wp-image-13900 avia-img-lazy-loading-not-13900 avia_image' src=\"https:\/\/radiorevelacionfm.cl\/wp-content\/uploads\/2022\/02\/image002-8-1-1.jpg\" alt='' title='image002 (8) (1) (1)' height=\"600\" width=\"929\"  itemprop=\"thumbnailUrl\" srcset=\"https:\/\/radiorevelacionfm.cl\/wp-content\/uploads\/2022\/02\/image002-8-1-1.jpg 929w, https:\/\/radiorevelacionfm.cl\/wp-content\/uploads\/2022\/02\/image002-8-1-1-300x194.jpg 300w, https:\/\/radiorevelacionfm.cl\/wp-content\/uploads\/2022\/02\/image002-8-1-1-768x496.jpg 768w, https:\/\/radiorevelacionfm.cl\/wp-content\/uploads\/2022\/02\/image002-8-1-1-705x455.jpg 705w, https:\/\/radiorevelacionfm.cl\/wp-content\/uploads\/2022\/02\/image002-8-1-1-600x388.jpg 600w\" sizes=\"(max-width: 929px) 100vw, 929px\" \/><\/div><\/div><\/div><\/div><div class=\"flex_column av_one_full  flex_column_div av-zero-column-padding first  avia-builder-el-2  el_after_av_one_full  el_before_av_one_full  column-top-margin\" style='border-radius:0px; '><section class=\"av_textblock_section \"  itemscope=\"itemscope\" itemtype=\"https:\/\/schema.org\/BlogPosting\" itemprop=\"blogPost\" ><div class='avia_textblock  '   itemprop=\"text\" ><p style=\"text-align: center;\"><strong><span style=\"font-size: 18pt;\">Aniversario Programa Hogar Mejor: Ministro Ward destaca que m\u00e1s de 480 mil familias han sido beneficiadas desde 2018<\/span><\/strong><\/p>\n<div id=\"gtx-trans\" style=\"position: absolute; left: -50px; top: 4.31534px;\">\n<div class=\"gtx-trans-icon\"><\/div>\n<\/div>\n<\/div><\/section><\/div><div class=\"flex_column av_one_full  flex_column_div av-zero-column-padding first  avia-builder-el-4  el_after_av_one_full  el_before_av_hr  column-top-margin\" style='border-radius:0px; '><section class=\"av_textblock_section \"  itemscope=\"itemscope\" itemtype=\"https:\/\/schema.org\/BlogPosting\" itemprop=\"blogPost\" ><div class='avia_textblock  '   itemprop=\"text\" ><p style=\"font-weight: 400; text-align: justify;\">En el marco del aniversario del Programa Hogar Mejor, el cual cumple 4 a\u00f1os, el Ministro de Vivienda y Urbanismo,\u00a0Felipe Ward, realiz\u00f3 un balance en torno al n\u00famero de subsidios que se han entregado en la actual administraci\u00f3n del presidente Sebasti\u00e1n Pi\u00f1era, anunciando que desde 2018 hasta la fecha se han logrado otorgar un total de 482.987 subsidios pertenecientes al programa a nivel nacional, el cual permite el mejoramiento de barrios y viviendas en \u00e1reas o localidades urbanas de m\u00e1s de 5 mil habitantes.<\/p>\n<p style=\"font-weight: 400; text-align: justify;\">Al respecto, el titular de la cartera asegur\u00f3 que \u201cgracias al Programa Hogar Mejor, el Ministerio de Vivienda y Urbanismo ha podido ayudar miles de familias a lo largo del pa\u00eds a mejorar sus viviendas y los barrios en los que habitan. Desde 2018 se han entregado m\u00e1s de 480 mil subsidios pertenecientes al programa en sus cuatro modalidades, las cuales permiten desde la reparaci\u00f3n y el mejoramiento de viviendas y condominios, hasta la recuperaci\u00f3n de lugares que son de encuentro familiar, favoreciendo de esta forma las condiciones de habitabilidad y la calidad de vida de las personas beneficiadas y sus entornos\u201d.<\/p>\n<p style=\"font-weight: 400; text-align: justify;\">El Programa de Mejoramiento de Viviendas y Barrios, Hogar Mejor, cuenta con cuatro modalidades distintas de proyectos a los que pueden optar los postulantes: de eficiencia energ\u00e9tica e h\u00eddrica para la vivienda, para condominios de vivienda, para la vivienda y finalmente para equipamiento comunitario.<\/p>\n<p style=\"font-weight: 400; text-align: justify;\">Los proyectos de eficiencia energ\u00e9tica, contemplan un subsidio que busca un uso eficiente de los recursos naturales disponibles, a trav\u00e9s de la reducci\u00f3n de fugas t\u00e9rmicas y el mejoramiento de los servicios b\u00e1sicos de la vivienda. Desde 2018, se han logrado entregar 111.286 beneficios de este tipo, en donde se han asignado m\u00e1s de 470 mil millones de pesos.<\/p>\n<p style=\"font-weight: 400; text-align: justify;\">En cuanto a los subsidios para proyectos de condominios de vivienda, estos est\u00e1n destinados a reparar y\/o mejorar la calidad de los bienes comunes que presentan alg\u00fan tipo de deterioro, adem\u00e1s de apoyar a las comunidades en la administraci\u00f3n y el uso adecuado de dichos bienes. Los \u00faltimos cuatro a\u00f1os, se han logrado entregar 162.928 de este tipo de subsidios, en los cuales se ha invertido m\u00e1s de 600 mil millones de pesos.<\/p>\n<p style=\"font-weight: 400; text-align: justify;\">Por otra parte, se encuentran los subsidios de proyectos para la vivienda, los cuales buscan favorecer las condiciones de seguridad y habitabilidad de las familias a trav\u00e9s de planes de reparaci\u00f3n o mejoramiento de viviendas, adem\u00e1s de eliminar el hacinamiento a trav\u00e9s de proyectos de ampliaci\u00f3n. Durante la actual administraci\u00f3n se han logrado otorgar m\u00e1s de 207.943 subsidios de este tipo, aplicando una inversi\u00f3n de m\u00e1s de 570 mil millones de pesos.<\/p>\n<p style=\"font-weight: 400; text-align: justify;\">Por \u00faltimo, se encuentra el subsidio para proyectos de equipamiento comunitario, que busca facilitar la vida en comunidad a trav\u00e9s de obras de alta calidad que permitan solucionar d\u00e9ficits o recuperar lugares de encuentro familiar. Desde 2018 hasta la fecha, se han beneficiado a 830 familias, en donde se ha aplicado una inversi\u00f3n de m\u00e1s de 95 mil millones de pesos.<\/p>\n<p style=\"font-weight: 400; text-align: justify;\">Para el resto del 2022, Hogar Mejor prepara nuevos llamados para postular en sus distintas modalidades de proyectos. En caso de querer efectuar una solicitud, los interesados deben contactar desde ya a sus respectivas municipalidades y a las entidades patrocinantes, para as\u00ed comenzar a gestionar y organizar las diferentes postulaciones.<\/p>\n<\/div><\/section><\/div><div  style='height:50px' class='hr hr-invisible   avia-builder-el-6  el_after_av_one_full  el_before_av_social_share '><span class='hr-inner ' ><span class='hr-inner-style'><\/span><\/span><\/div><\/p>\n<div  class='av-social-sharing-box  avia-builder-el-7  el_after_av_hr  el_before_av_hr  '><div class='av-share-box'><h5 class='av-share-link-description av-no-toc '>Compartir esta noticia<\/h5><ul class='av-share-box-list noLightbox'><li class='av-share-link av-social-link-facebook' ><a target=\"_blank\" aria-label=\"Compartir en Facebook\" href='https:\/\/www.facebook.com\/sharer.php?u=https:\/\/radiorevelacionfm.cl\/?p=13899&#038;t=Aniversario%20Programa%20Hogar%20Mejor%3A%20Ministro%20Ward%20destaca%20que%20m%C3%A1s%20de%20480%20mil%20familias%20han%20sido%20beneficiadas%20desde%202018' aria-hidden='false' data-av_icon='\ue8f3' data-av_iconfont='entypo-fontello' title='' data-avia-related-tooltip='Compartir en Facebook' rel=\"noopener\"><span class='avia_hidden_link_text'>Compartir en Facebook<\/span><\/a><\/li><li class='av-share-link av-social-link-twitter' ><a target=\"_blank\" aria-label=\"Compartir en Twitter\" href='https:\/\/twitter.com\/share?text=Aniversario%20Programa%20Hogar%20Mejor%3A%20Ministro%20Ward%20destaca%20que%20m%C3%A1s%20de%20480%20mil%20familias%20han%20sido%20beneficiadas%20desde%202018&#038;url=https:\/\/radiorevelacionfm.cl\/?p=13899' aria-hidden='false' data-av_icon='\ue8f1' data-av_iconfont='entypo-fontello' title='' data-avia-related-tooltip='Compartir en Twitter' rel=\"noopener\"><span class='avia_hidden_link_text'>Compartir en Twitter<\/span><\/a><\/li><li class='av-share-link av-social-link-whatsapp' ><a target=\"_blank\" aria-label=\"Compartir en Whatsapp\" href='https:\/\/api.whatsapp.com\/send?text=https:\/\/radiorevelacionfm.cl\/?p=13899' aria-hidden='false' data-av_icon='\uf232' data-av_iconfont='entypo-fontello' title='' data-avia-related-tooltip='Compartir en Whatsapp' rel=\"noopener\"><span class='avia_hidden_link_text'>Compartir en Whatsapp<\/span><\/a><\/li><li class='av-share-link av-social-link-linkedin' ><a target=\"_blank\" aria-label=\"Compartir en LinkedIn\" href='https:\/\/linkedin.com\/shareArticle?mini=true&#038;title=Aniversario%20Programa%20Hogar%20Mejor%3A%20Ministro%20Ward%20destaca%20que%20m%C3%A1s%20de%20480%20mil%20familias%20han%20sido%20beneficiadas%20desde%202018&#038;url=https:\/\/radiorevelacionfm.cl\/?p=13899' aria-hidden='false' data-av_icon='\ue8fc' data-av_iconfont='entypo-fontello' title='' data-avia-related-tooltip='Compartir en LinkedIn' rel=\"noopener\"><span class='avia_hidden_link_text'>Compartir en LinkedIn<\/span><\/a><\/li><li class='av-share-link av-social-link-mail' ><a  aria-label=\"Compartir por correo\" href='mailto:?subject=Aniversario%20Programa%20Hogar%20Mejor%3A%20Ministro%20Ward%20destaca%20que%20m%C3%A1s%20de%20480%20mil%20familias%20han%20sido%20beneficiadas%20desde%202018&#038;body=https:\/\/radiorevelacionfm.cl\/?p=13899' aria-hidden='false' data-av_icon='\ue805' data-av_iconfont='entypo-fontello' title='' data-avia-related-tooltip='Compartir por correo'><span class='avia_hidden_link_text'>Compartir por correo<\/span><\/a><\/li><\/ul><\/div><\/div>\n<div  style='height:50px' class='hr hr-invisible   avia-builder-el-8  el_after_av_social_share  el_before_av_comments_list '><span class='hr-inner ' ><span class='hr-inner-style'><\/span><\/span><\/div>\n<div  class='av-buildercomment  av-blog-meta-html-info-disabled av-blog-meta-tag-disabled  '><\/div>\n","protected":false},"excerpt":{"rendered":"","protected":false},"author":1,"featured_media":13900,"comment_status":"open","ping_status":"open","sticky":false,"template":"","format":"standard","meta":{"footnotes":""},"categories":[57],"tags":[],"class_list":["post-13899","post","type-post","status-publish","format-standard","has-post-thumbnail","hentry","category-vivienda"],"jetpack_featured_media_url":"https:\/\/radiorevelacionfm.cl\/wp-content\/uploads\/2022\/02\/image002-8-1-1.jpg","_links":{"self":[{"href":"https:\/\/radiorevelacionfm.cl\/index.php?rest_route=\/wp\/v2\/posts\/13899","targetHints":{"allow":["GET"]}}],"collection":[{"href":"https:\/\/radiorevelacionfm.cl\/index.php?rest_route=\/wp\/v2\/posts"}],"about":[{"href":"https:\/\/radiorevelacionfm.cl\/index.php?rest_route=\/wp\/v2\/types\/post"}],"author":[{"embeddable":true,"href":"https:\/\/radiorevelacionfm.cl\/index.php?rest_route=\/wp\/v2\/users\/1"}],"replies":[{"embeddable":true,"href":"https:\/\/radiorevelacionfm.cl\/index.php?rest_route=%2Fwp%2Fv2%2Fcomments&post=13899"}],"version-history":[{"count":2,"href":"https:\/\/radiorevelacionfm.cl\/index.php?rest_route=\/wp\/v2\/posts\/13899\/revisions"}],"predecessor-version":[{"id":13909,"href":"https:\/\/radiorevelacionfm.cl\/index.php?rest_route=\/wp\/v2\/posts\/13899\/revisions\/13909"}],"wp:featuredmedia":[{"embeddable":true,"href":"https:\/\/radiorevelacionfm.cl\/index.php?rest_route=\/wp\/v2\/media\/13900"}],"wp:attachment":[{"href":"https:\/\/radiorevelacionfm.cl\/index.php?rest_route=%2Fwp%2Fv2%2Fmedia&parent=13899"}],"wp:term":[{"taxonomy":"category","embeddable":true,"href":"https:\/\/radiorevelacionfm.cl\/index.php?rest_route=%2Fwp%2Fv2%2Fcategories&post=13899"},{"taxonomy":"post_tag","embeddable":true,"href":"https:\/\/radiorevelacionfm.cl\/index.php?rest_route=%2Fwp%2Fv2%2Ftags&post=13899"}],"curies":[{"name":"wp","href":"https:\/\/api.w.org\/{rel}","templated":true}]}}