{"id":13896,"date":"2022-02-21T13:51:07","date_gmt":"2022-02-21T16:51:07","guid":{"rendered":"https:\/\/radiorevelacionfm.cl\/?p=13896"},"modified":"2022-02-21T13:51:07","modified_gmt":"2022-02-21T16:51:07","slug":"registro-nacional-revela-aumento-en-tendencia-de-adopcion-de-gatos-como-mascotas","status":"publish","type":"post","link":"https:\/\/radiorevelacionfm.cl\/?p=13896","title":{"rendered":"Registro nacional revela aumento en tendencia de adopci\u00f3n de gatos como mascotas"},"content":{"rendered":"<div class=\"flex_column av_one_full  flex_column_div av-zero-column-padding first  avia-builder-el-0  el_before_av_one_full  avia-builder-el-first  \" style='border-radius:0px; '><div  class='avia-image-container  av-styling-    avia-builder-el-1  avia-builder-el-no-sibling  avia-align-center '  itemprop=\"image\" itemscope=\"itemscope\" itemtype=\"https:\/\/schema.org\/ImageObject\"  ><div class='avia-image-container-inner'><div class='avia-image-overlay-wrap'><img decoding=\"async\" class='wp-image-13897 avia-img-lazy-loading-not-13897 avia_image' src=\"https:\/\/radiorevelacionfm.cl\/wp-content\/uploads\/2022\/02\/unnamed-22-1-1.jpg\" alt='' title='unnamed (22) (1) (1)' height=\"600\" width=\"1059\"  itemprop=\"thumbnailUrl\" srcset=\"https:\/\/radiorevelacionfm.cl\/wp-content\/uploads\/2022\/02\/unnamed-22-1-1.jpg 1059w, https:\/\/radiorevelacionfm.cl\/wp-content\/uploads\/2022\/02\/unnamed-22-1-1-300x170.jpg 300w, https:\/\/radiorevelacionfm.cl\/wp-content\/uploads\/2022\/02\/unnamed-22-1-1-1030x584.jpg 1030w, https:\/\/radiorevelacionfm.cl\/wp-content\/uploads\/2022\/02\/unnamed-22-1-1-768x435.jpg 768w, https:\/\/radiorevelacionfm.cl\/wp-content\/uploads\/2022\/02\/unnamed-22-1-1-705x399.jpg 705w, https:\/\/radiorevelacionfm.cl\/wp-content\/uploads\/2022\/02\/unnamed-22-1-1-600x340.jpg 600w\" sizes=\"(max-width: 1059px) 100vw, 1059px\" \/><\/div><\/div><\/div><\/div><div class=\"flex_column av_one_full  flex_column_div av-zero-column-padding first  avia-builder-el-2  el_after_av_one_full  el_before_av_one_full  column-top-margin\" style='border-radius:0px; '><section class=\"av_textblock_section \"  itemscope=\"itemscope\" itemtype=\"https:\/\/schema.org\/BlogPosting\" itemprop=\"blogPost\" ><div class='avia_textblock  '   itemprop=\"text\" ><p style=\"text-align: center;\"><strong><span style=\"font-size: 18pt;\">Registro nacional revela aumento en tendencia de adopci\u00f3n de gatos como mascotas\u00a0<\/span><\/strong><\/p>\n<div id=\"gtx-trans\" style=\"position: absolute; left: -50px; top: 4.31534px;\">\n<div class=\"gtx-trans-icon\"><\/div>\n<\/div>\n<\/div><\/section><\/div><div class=\"flex_column av_one_full  flex_column_div av-zero-column-padding first  avia-builder-el-4  el_after_av_one_full  el_before_av_hr  column-top-margin\" style='border-radius:0px; '><section class=\"av_textblock_section \"  itemscope=\"itemscope\" itemtype=\"https:\/\/schema.org\/BlogPosting\" itemprop=\"blogPost\" ><div class='avia_textblock  '   itemprop=\"text\" ><p style=\"font-weight: 400; text-align: justify;\">Ya son tres a\u00f1os desde que comenz\u00f3 a operar el Registro Nacional de Mascotas de Subdere y hasta la fecha, son m\u00e1s de un mill\u00f3n 800 mascotas las que forman parte de este \u201cregistro civil\u201d, donde se puede tener conocimiento, por ejemplo, sobre los nombres m\u00e1s comunes, si est\u00e1n o no esterilizados, razas m\u00e1s inscritas, entre otros.<\/p>\n<p style=\"font-weight: 400; text-align: justify;\">Una de las variaciones m\u00e1s importantes que hubo en 2021 respecto a 2020 fue el aumento de adopci\u00f3n de gatos. Mientras que en 2020 hubo 42 mil gatos adoptados, la cifra aument\u00f3 a 50 mil el 2021. En este marco, la adopci\u00f3n de gatas aument\u00f3 en un 18,4% respecto al 2020, mientras que la de gatos aument\u00f3 en un 81% respecto al a\u00f1o anterior.<\/p>\n<p style=\"font-weight: 400; text-align: justify;\">Al respecto, la subsecretaria de Desarrollo Regional y Administrativo, Mar\u00eda Paz Troncoso, asegur\u00f3 que \u201clas mascotas se han vuelto parte importante de las familias de los chilenos y nos alegra que sus tutores sean responsables y hayan hecho un h\u00e1bito la inscripci\u00f3n. El registro tiene s\u00f3lo tres a\u00f1os de existencia y a\u00fan hay desaf\u00edos importantes que enfrentar, como que las personas entiendan la importancia de esterilizar a sus mascotas para proteger a la comunidad y al medioambiente, y el desarrollar una tenencia responsable, con cuidados acordes a cada animal\u00bb.<\/p>\n<p style=\"font-weight: 400; text-align: justify;\">\u00abComo subsecretar\u00eda trabajamos en torno al cuidado integral de nuestras mascotas, y el aumento de las inscripciones confirma el trabajo que se ha logrado mediante la transferencia de fondos a ONG\u2019s, municipios y gobiernos regionales de todo el territorio nacional\u201d, concluy\u00f3 Troncoso.<\/p>\n<p style=\"font-weight: 400; text-align: justify;\">Otro de los datos que volvi\u00f3 a resaltar fueron los nombres m\u00e1s usados por los chilenos a la hora de bautizar a su mascota. En este marco, Luna<strong>\u00a0<\/strong>vuelve a ser el nombre favorito para perros y gatos, los que comparten otros nombres frecuentes, como Princesa y Pelusa.<\/p>\n<p style=\"font-weight: 400; text-align: justify;\">El Registro Nacional de Mascotas confirm\u00f3 que m\u00e1s del 57% de los chilenos prefiere compartir su vida con una mascota mestiza por sobre una de raza.<\/p>\n<\/div><\/section><\/div><div  style='height:50px' class='hr hr-invisible   avia-builder-el-6  el_after_av_one_full  el_before_av_social_share '><span class='hr-inner ' ><span class='hr-inner-style'><\/span><\/span><\/div><\/p>\n<div  class='av-social-sharing-box  avia-builder-el-7  el_after_av_hr  el_before_av_hr  '><div class='av-share-box'><h5 class='av-share-link-description av-no-toc '>Compartir esta noticia<\/h5><ul class='av-share-box-list noLightbox'><li class='av-share-link av-social-link-facebook' ><a target=\"_blank\" aria-label=\"Compartir en Facebook\" href='https:\/\/www.facebook.com\/sharer.php?u=https:\/\/radiorevelacionfm.cl\/?p=13896&#038;t=Registro%20nacional%20revela%20aumento%20en%20tendencia%20de%20adopci%C3%B3n%20de%20gatos%20como%20mascotas' aria-hidden='false' data-av_icon='\ue8f3' data-av_iconfont='entypo-fontello' title='' data-avia-related-tooltip='Compartir en Facebook' rel=\"noopener\"><span class='avia_hidden_link_text'>Compartir en Facebook<\/span><\/a><\/li><li class='av-share-link av-social-link-twitter' ><a target=\"_blank\" aria-label=\"Compartir en Twitter\" href='https:\/\/twitter.com\/share?text=Registro%20nacional%20revela%20aumento%20en%20tendencia%20de%20adopci%C3%B3n%20de%20gatos%20como%20mascotas&#038;url=https:\/\/radiorevelacionfm.cl\/?p=13896' aria-hidden='false' data-av_icon='\ue8f1' data-av_iconfont='entypo-fontello' title='' data-avia-related-tooltip='Compartir en Twitter' rel=\"noopener\"><span class='avia_hidden_link_text'>Compartir en Twitter<\/span><\/a><\/li><li class='av-share-link av-social-link-whatsapp' ><a target=\"_blank\" aria-label=\"Compartir en Whatsapp\" href='https:\/\/api.whatsapp.com\/send?text=https:\/\/radiorevelacionfm.cl\/?p=13896' aria-hidden='false' data-av_icon='\uf232' data-av_iconfont='entypo-fontello' title='' data-avia-related-tooltip='Compartir en Whatsapp' rel=\"noopener\"><span class='avia_hidden_link_text'>Compartir en Whatsapp<\/span><\/a><\/li><li class='av-share-link av-social-link-linkedin' ><a target=\"_blank\" aria-label=\"Compartir en LinkedIn\" href='https:\/\/linkedin.com\/shareArticle?mini=true&#038;title=Registro%20nacional%20revela%20aumento%20en%20tendencia%20de%20adopci%C3%B3n%20de%20gatos%20como%20mascotas&#038;url=https:\/\/radiorevelacionfm.cl\/?p=13896' aria-hidden='false' data-av_icon='\ue8fc' data-av_iconfont='entypo-fontello' title='' data-avia-related-tooltip='Compartir en LinkedIn' rel=\"noopener\"><span class='avia_hidden_link_text'>Compartir en LinkedIn<\/span><\/a><\/li><li class='av-share-link av-social-link-mail' ><a  aria-label=\"Compartir por correo\" href='mailto:?subject=Registro%20nacional%20revela%20aumento%20en%20tendencia%20de%20adopci%C3%B3n%20de%20gatos%20como%20mascotas&#038;body=https:\/\/radiorevelacionfm.cl\/?p=13896' aria-hidden='false' data-av_icon='\ue805' data-av_iconfont='entypo-fontello' title='' data-avia-related-tooltip='Compartir por correo'><span class='avia_hidden_link_text'>Compartir por correo<\/span><\/a><\/li><\/ul><\/div><\/div>\n<div  style='height:50px' class='hr hr-invisible   avia-builder-el-8  el_after_av_social_share  el_before_av_comments_list '><span class='hr-inner ' ><span class='hr-inner-style'><\/span><\/span><\/div>\n<div  class='av-buildercomment  av-blog-meta-html-info-disabled av-blog-meta-tag-disabled  '><\/div>\n","protected":false},"excerpt":{"rendered":"","protected":false},"author":1,"featured_media":13897,"comment_status":"open","ping_status":"open","sticky":false,"template":"","format":"standard","meta":{"footnotes":""},"categories":[1],"tags":[],"class_list":["post-13896","post","type-post","status-publish","format-standard","has-post-thumbnail","hentry","category-sin-categoria"],"jetpack_featured_media_url":"https:\/\/radiorevelacionfm.cl\/wp-content\/uploads\/2022\/02\/unnamed-22-1-1.jpg","_links":{"self":[{"href":"https:\/\/radiorevelacionfm.cl\/index.php?rest_route=\/wp\/v2\/posts\/13896","targetHints":{"allow":["GET"]}}],"collection":[{"href":"https:\/\/radiorevelacionfm.cl\/index.php?rest_route=\/wp\/v2\/posts"}],"about":[{"href":"https:\/\/radiorevelacionfm.cl\/index.php?rest_route=\/wp\/v2\/types\/post"}],"author":[{"embeddable":true,"href":"https:\/\/radiorevelacionfm.cl\/index.php?rest_route=\/wp\/v2\/users\/1"}],"replies":[{"embeddable":true,"href":"https:\/\/radiorevelacionfm.cl\/index.php?rest_route=%2Fwp%2Fv2%2Fcomments&post=13896"}],"version-history":[{"count":2,"href":"https:\/\/radiorevelacionfm.cl\/index.php?rest_route=\/wp\/v2\/posts\/13896\/revisions"}],"predecessor-version":[{"id":13907,"href":"https:\/\/radiorevelacionfm.cl\/index.php?rest_route=\/wp\/v2\/posts\/13896\/revisions\/13907"}],"wp:featuredmedia":[{"embeddable":true,"href":"https:\/\/radiorevelacionfm.cl\/index.php?rest_route=\/wp\/v2\/media\/13897"}],"wp:attachment":[{"href":"https:\/\/radiorevelacionfm.cl\/index.php?rest_route=%2Fwp%2Fv2%2Fmedia&parent=13896"}],"wp:term":[{"taxonomy":"category","embeddable":true,"href":"https:\/\/radiorevelacionfm.cl\/index.php?rest_route=%2Fwp%2Fv2%2Fcategories&post=13896"},{"taxonomy":"post_tag","embeddable":true,"href":"https:\/\/radiorevelacionfm.cl\/index.php?rest_route=%2Fwp%2Fv2%2Ftags&post=13896"}],"curies":[{"name":"wp","href":"https:\/\/api.w.org\/{rel}","templated":true}]}}